{"id":1131668,"date":"2026-06-30T02:02:50","date_gmt":"2026-06-30T02:02:50","guid":{"rendered":"https:\/\/www.europesays.com\/de\/1131668\/"},"modified":"2026-06-30T02:02:50","modified_gmt":"2026-06-30T02:02:50","slug":"sommer-trifft-spitzensport-maschseefest-und-die-finals-2026-in-hannover-2","status":"publish","type":"post","link":"https:\/\/www.europesays.com\/de\/1131668\/","title":{"rendered":"Sommer trifft Spitzensport: Maschseefest und die Finals 2026 in Hannover"},"content":{"rendered":"<p class=\"date\">29.06.2026 \u2013 15:28<\/p>\n<p class=\"customer\">\n                        <a class=\"story-customer\" title=\"weiter zum newsroom von Hannover Veranstaltungs GmbH (HVG)\" href=\"https:\/\/www.presseportal.de\/nr\/171861\" rel=\"nofollow noopener\" target=\"_blank\">Hannover Veranstaltungs GmbH (HVG)<\/a>\n                    <\/p>\n<p><a class=\"glightbox event-trigger\" href=\"https:\/\/cache.pressmailing.net\/thumbnail\/story_hires\/58962ec5-2c7c-454e-b2a8-d42d5880962a\/HVG,%20Finals%20GmbH,%20LH~mit%20Finals%202026.jpg.jpg\" data-description=\"Die Hannover Veranstaltungs GmbH (HVG), die Finals GmbH, Landeshauptstadt Hannover und Region Hannover stellen im Rahmen einer Pressekonferenz Hannovers Doppel-Event Maschseefest und die Finals 2026 vor.  V.l. Jan Egge Sedelies, Josina Kelz, Jens Palandt, Naomi Peter, Belit Onay, Anna Kentrath, Andr\u00e9 Lawiszus, Susanne Blasberg-Bense, Ralf Sonnenberg und Niclas Bruns. \/ Weiterer Text \u00fcber ots und www.presseportal.de\/nr\/171861 \/ Die Verwendung dieses Bildes f\u00fcr redaktionelle Zwecke ist unter Beachtung aller mitgeteilten Nutzungsbedingungen zul\u00e4ssig und dann auch honorarfrei. Ver\u00f6ffentlichung ausschlie\u00dflich mit Bildrechte-Hinweis.\" data-category=\"medialightbox\" data-action=\"click\" data-label=\"single\" data-value=\"6a426de7270000fd2c0bdb14\" rel=\"nofollow noopener\" target=\"_blank\"><img decoding=\"async\" height=\"540\" with=\"720\" src=\"https:\/\/www.europesays.com\/de\/wp-content\/uploads\/2026\/06\/sommer-trifft-spitzensport-maschseefest-und-die-finals-2026-in-hannover.jpeg\"   alt=\"Sommer trifft Spitzensport: Maschseefest und die Finals 2026 in Hannover\" class=\"single\"\/><\/a><\/p>\n<p><a data-category=\"citylink-story-view\" data-action=\"click\" data-label=\"Citylink in Meldungsansicht\" class=\"story-city event-trigger\" href=\"https:\/\/www.presseportal.de\/regional\/Hannover\" title=\"News aus Hannover \" rel=\"nofollow noopener\" target=\"_blank\">Hannover<\/a> (ots)<\/p>\n<p> Am 22. Juli startet das Maschseefest in Hannover und verwandelt die Ufer des Maschsees f\u00fcr 19 Tage &#8211; bis zum 09. August &#8211; in eine lebendige Sommerkulisse mit Genuss, Musik und maritimem Flair. <\/p>\n<p> In diesem Jahr trifft das beliebte Sommerfestival auf ein sportliches Gro\u00dfereignis: Parallel zu den ersten Festtagen finden vom 23. bis 26. Juli &#8222;die Finals 2026&#8220; mit 24 Sportarten und 143 Deutschen Meisterschaften in Hannover statt. Die Wettk\u00e4mpfe werden an vielen prominenten Orten ausgetragen, unter anderem auf dem Maschsee. <\/p>\n<p><b>Er\u00f6ffnungsfeier ab 16 Uhr <\/b><\/p>\n<p> Zum Auftakt am 22.07. werden Maschseefest und die Finals 2026 bereits um 16 Uhr mit einem gemeinsamen knapp 90-min\u00fctigen Showprogramm am Nordufer er\u00f6ffnet. Kulisse daf\u00fcr ist eine schwimmende B\u00fchne auf dem Maschsee. <\/p>\n<p> Die Gastgeber*innen Belit Onay, Oberb\u00fcrgermeister von Hannover, Jens Palandt, erster Regionsrat der Region Hannover und Daniela Behrens, Niedersachsens Ministerin f\u00fcr Sport, sprechen in Interviews \u00fcber beide Gro\u00dfveranstaltungen und deren Bedeutung f\u00fcr Hannover, das Umland und Niedersachsen. Finals-Gesch\u00e4ftsf\u00fchrer Hagen Bo\u00dfdorf stellt Sportarten und Sportst\u00e4tten der Finals sowie ausgew\u00e4hlte Athlet*innen vor. HVG-Gesch\u00e4ftsf\u00fchrer Andr\u00e9 Lawiszus ordnet die Bedeutung des 38. Maschseefestes f\u00fcr Hannover ein. Musikalisch werden die Finals und das Maschseefests eingeleitet von den Hannoveraner Rockstars <b>Fury in the Slaughterhouse<\/b>, der S\u00e4ngerin und Schauspielerin <b>Lina Larissa Strahl<\/b> sowie <b>DJ KitCut.<\/b><\/p>\n<p><b>Gastronomie: Vertraute Highlights und Neuigkeiten<\/b><\/p>\n<p> Im zweiten Vertragsjahr der Gastronomie erwartet die G\u00e4ste erneut die bew\u00e4hrte Vielfalt internationaler K\u00fcche und Urlaubsflair rund um den Maschsee. Auf der <b>Foodmeile<\/b> gibt es weiterhin beliebte Snacks f\u00fcr unterwegs. <b>.<\/b><\/p>\n<p><b>Neuigkeiten<\/b><\/p>\n<p><b>Spitzensport auf dem See<\/b><\/p>\n<p> Der Maschsee wird von Donnerstag 23.07. bis Sonntag 26.07. zur sportlichen B\u00fchne. Dann fallen beim Kanu-Rennsport insgesamt 12 Medaillen-Entscheidungen, u. a. mit der Olympia-Medaillengewinnerin Paulina Paszek aus Hannover. Am Freitag und Samstag tragen zudem die Ruderer ihre Deutschen Meisterschaften aus, am Start sind auch die Achter-Boote der Frauen und M\u00e4nner. <\/p>\n<p><b>Maschseefest-Riesenrad by ROSSMANN <\/b><\/p>\n<p> Das 38 Meter hohe &#8222;White Wheel&#8220; mit 24 geschlossenen Gondelnsteht auf demVorplatz der Heinz von Heiden Arena und bietet einen Weitblick \u00fcber das Festgel\u00e4nde. Die Fahrt kostet 7 Euro f\u00fcr Erwachsene und 5 Euro f\u00fcr Kinder unter zehn Jahren. <\/p>\n<p><b>Der NDR vor Ort<\/b><\/p>\n<p> Am Geibel mittig des Ostufers findet sich zum ersten Mal eine Fl\u00e4che des NDR, zum einen f\u00fcr die \u00dcbertragungen im Rahmen der Finals, aber auch mit B\u00fchnenprogramm und Infotainment. <\/p>\n<p> Mehr als 40 Formate aus TV, Radio und Internet sind dann am Ufer zu erleben &#8211; zum Beispiel &#8222;Das Rote Sofa&#8220; mit Hinnerk Baumgarten (25.07.) oder der Talk-Sonntag (09.08.) mit Margot K\u00e4\u00dfmann und der Band Marquess. <\/p>\n<p><b>Programm-H\u00f6hepunkte<\/b><\/p>\n<p> Im S\u00fcdwesten er\u00f6ffnet wie gewohnt der <b>Musik-Park an der Maschseequelle<\/b> und bietet zu einem umfangreichen musikalischen Programm auch Speisen und Getr\u00e4nke. Die Bands auf der B\u00fchne werden in diesem Jahr erneut von <b>RADIO 21<\/b> pr\u00e4sentiert. <\/p>\n<p> Auf der <b>Maschseeb\u00fchne<\/b> am Ende des Nordufers am Hellebardier pr\u00e4sentieren die <b>Neue Presse<\/b> (NP) und die <b>Hannoversche Allgemeine Zeitung<\/b> (HAZ)einen Programm-Mix aus Pop, Elektro, Tanz- und Talkformaten. Die B\u00fchne wird bis zum 26.07. auch Schauplatz der <b>Siegerehrungen<\/b> der Finals-Teilnehmer*innen. <\/p>\n<p> Zu den Highlights geh\u00f6ren die <b>NP-Finals-Party mit Radio Bollerwagen<\/b> (24.07.),das <b>NP-Sommerfestiva<\/b>l mit einem Mix aus Show-Acts und Livemusik, Bands, Newcomern, DJs und namhaften K\u00fcnstlern wie Juliano Rossi, das &#8222;Musste H\u00f6ren!&#8220;-Festival mit vielen regionalen Musiker*innen(28.07.) und Klassiker wie der <b>QueerWednesday <\/b>(29.07.), das <b>NKR-Benefiz-Entenrennen<\/b> (01.08.), die<b> &#8222;Fisch sucht Fahrrad&#8220;-Party <\/b>(03.08.) sowie der <b>HAZ-Familientag<\/b> (08.08.). <\/p>\n<p> Am zweiten Wochenende (31.07. und 01.08.) l\u00e4dt <b>RADIO 21<\/b> mit einer Country Night und Rock &#8217;n&#8216; Roll am Nordufer ein. F\u00fcr Live-Musik sorgen unter anderem Anthony Miller &amp; The French Press, HOTSPOT und HELLFIRE. <\/p>\n<p> Am letzten Maschseefest-Freitag (07.08.) bringt <b>bigFM<\/b> DJ Olde und die Band Munique auf die B\u00fchne. <\/p>\n<p> Erstmals pr\u00e4sentiert sich die <b>UNESCO City of Music Hannover<\/b> mit einem eigenen B\u00fchnenprogramm auf dem Maschseefest. Moderatorin Marisa Puoti vom B\u00fchnenpartner <b>Radio Hannover<\/b> f\u00fchrt durch das Programm mit Live-Musik und Talks. <\/p>\n<p><b>Programm f\u00fcr Kinder <\/b><\/p>\n<p> Nach den Finals-Tagen legt das schwimmende Piratenschiff &#8222;\u00fcstralala&#8220; ab. Mit an Bord: fantasievolle Geschichten, lustige Spiele und Mitmachaktionen f\u00fcr Kinder zwischen vier und zehn Jahren. <b>Die Maschseepiraten<\/b> stechen dienstags und donnerstags jeweils um 14, 15, und 16 Uhr in See. Tickets sind  <a target=\"_blank\" class=\"uri-ext outbound\" rel=\"noopener nofollow\" href=\"https:\/\/ticket2go.de\/ticketgate\/schiff-ahoi-mit-den-maschseepiraten-arthur-menge-ufer-hannover-28-07-2026-5620\">online<\/a> erh\u00e4ltlich. <\/p>\n<p><b>Auf der<\/b> <b>Kinderwiese<\/b> zwischen Seufzerallee und Karl-Thiele-Weg (vor der Heinz von Heiden Arena) findet mittwochs sowie freitags bis sonntags jeweils von 14 bis 19 Uhr ein buntes Programm aus Basteln, Schminken, Bewegen und Aktionen zum Mitmachen statt. <\/p>\n<p><b>Tischreservierungen<\/b><\/p>\n<p> Viele Restaurants rund um den Maschsee bieten w\u00e4hrend der 19 Festtage exklusive Events wie Winzerabende, Tastings und Sonntags-Brunchs an. Reservierungen sind m\u00f6glich unter  <a target=\"_blank\" class=\"uri-ext outbound\" rel=\"noopener nofollow\" href=\"http:\/\/www.maschseefest.de\/reservierungen\/\">www.maschseefest.de\/reservierungen\/<\/a> oder \u00fcber die Websites der jeweiligen Betreiber*innen. <\/p>\n<p><b>Awareness-Konzept<\/b><\/p>\n<p> F\u00fcr ein respektvolles und sicheres Miteinander setzt die Hannover Veranstaltungs GmbH (HVG) auch in diesem Jahr auf ein umfassendes Awareness-Konzept. Dazu geh\u00f6ren die Saferspaces-App, eine Johanniter-Hotline sowie gesch\u00fctzte R\u00fcckzugsr\u00e4ume und ein verst\u00e4rktes Team der Psychosozialen Notfallversorgung (PSNV). <\/p>\n<p><b>Maschseefest-Medienpartner <\/b><\/p>\n<p> Die <b>Hannoversche Allgemeine Zeitung<\/b> (HAZ) und die <b>Neue Presse<\/b> (NP) sind bereits im vierten Jahr in Folge wieder als Medienpartner mit im Boot. Sie bespielen die Maschsee-B\u00fchne am Nordufer t\u00e4glich mit einem bunten Programm-Mix. <b>RADIO BOLLERWAGEN <\/b>erg\u00e4nzt das B\u00fchnenprogramm am ersten Freitag (24.07). Im f\u00fcnften Vertragsjahr sind auch <b>bigFM <\/b>und <b>RADIO 21 <\/b>wieder als Partner mit dabei. <b>Radio Hannover<\/b> ist Partner des UNESCO City of Music-Programms (05.08.). <\/p>\n<p><b>Share Stationen auf dem Festgel\u00e4nde <\/b><\/p>\n<p> Der hannoversche Anbieter f\u00fcr mobile Ladeinfrastruktur SHARE stellt gemeinsam mit enercity Powerbank Stationen bei den Finals und auf dem Maschseefest bereit. Vom 23. bis 26. Juli sind die Stationen an allen neun Austragungsorten der Finals verf\u00fcgbar. Auf dem Maschseefest ist SHARE mit 15 Stationen vertreten. Das Leihen der Powerbanks ist f\u00fcr 60 Minuten kostenfrei, danach kostet es 1 Euro pro Stunde. Die Einnahmen werden an ein enercity Herzensprojekt gespendet. <\/p>\n<p><b>Die VGH Finals-Meile<\/b><\/p>\n<p> Ein besonderes Highlight ist die VGH Finals-Meile entlang der Culemannstra\u00dfe mit mehr als 60 Sportverb\u00e4nden und -vereinen sowie den Partnern ARD, ZDF und NDR. Neben zahlreichen Mitmachaktionen erwarten die Besucher*innen unter anderem zwei LED-W\u00e4nde mit dem Live-Programm, die ZDF-Torwand, ein gro\u00dfes Selfie-Motiv, Maskottchen und ein 50 Meter hoher Steiger mit beeindruckendem Ausblick \u00fcber das Maschseefest und Hannover. <\/p>\n<p><b>An- und Abreise<\/b><\/p>\n<p> Die HVG empfiehlt die An- und Abreise mit \u00f6ffentlichen Verkehrsmitteln. Eigens f\u00fcr das Maschseefest pendelt die <b>Sonderbuslinie 267<\/b> der \u00dcSTRA zwischen der Haltestelle Kr\u00f6pcke und dem Strandbad. Unterwegs gibt es mehrere Stopps direkt an der Uferpromenade. Die <b>Buslinie 800 <\/b>ist im Abschnitt vom Altenbekener Damm bis zum Aegidientorplatz im Einsatz. <\/p>\n<p> Die Stadtbahnlinien 1,2 und 8 fahren ab Hauptbahnhof und Kr\u00f6pcke bis zum Aegidientorplatz, mit den Linien 3, 7, und 9 kommt man bis zur Station Waterloo (jeweils 10 Min. Fu\u00dfweg bis zum Maschsee). <\/p>\n<p><b>Mobil am See: Radverleih und Bootsverkehr <\/b><\/p>\n<p> Die Fahrradkooperation mit dem Anbieter <b>Donkey Republic<\/b> wird in diesem Jahr ausgeweitet: Besucher*innen k\u00f6nnen vom Westufer bis zum S\u00fcdanleger radeln, um zum Beispiel die Maschseequelle besser zu erreichen. W\u00e4hrend der Finals findet kein Bootsverkehr auf dem See statt. Ab dem 27.07. f\u00e4hrt die <b>\u00dcstraflotte<\/b> wieder wie gewohnt vom Norden bis S\u00fcden \u00fcber den Maschsee und zur\u00fcck. <\/p>\n<p><b>\u00d6ffnungszeiten <\/b><\/p>\n<p> W\u00e4hrend der Finalstage vom 23. bis 26.07. \u00f6ffnet das Maschseefest bereits ab 12 Uhr. <\/p>\n<p><b>\u00d6ffnungszeiten ab dem 27.07.:<\/b><\/p>\n<p> Montag bis Donnerstag: 14 bis 1 Uhr <\/p>\n<p> Freitag bis Samstag: 14 bis 2 Uhr <\/p>\n<p> Sonntag: 12 bis 1 Uhr <\/p>\n<p><b>Sonder\u00f6ffnungszeiten f\u00fcr den Geibel<\/b><\/p>\n<p> Zum L\u00e4rmschutz f\u00fcr Bewohnerinnen und Bewohner der S\u00fcdstadt gelten am Geibel (Ostufer) folgende gesonderte \u00d6ffnungszeiten: <\/p>\n<p> Mittwoch, 22.07.: 23 Uhr; Donnerstag, 23.07.: 22 Uhr; Freitag, 24.07. und Samstag, 25.07.: 2 Uhr; Sonntag, 26.07. bis Donnerstag, 30.07.: 22 Uhr; Freitag, 31.07.: 23 Uhr; Samstag, 01.08.: 0 Uhr; Sonntag, 02.08. bis Donnerstag, 06.08.: 22 Uhr ; Freitag, 07.08. und Samstag, 08.08.: 2 Uhr; Sonntag, 09.08.: 22 Uhr. <\/p>\n<p><b>Mehr Informationen und das komplette Programm finden Sie unter  <a target=\"_blank\" class=\"uri-ext outbound\" rel=\"noopener nofollow\" href=\"http:\/\/www.maschseefest.de\">www.maschseefest.de<\/a><\/b><\/p>\n<p><b>Fotos zum Presse-Download finden Sie unter <\/b> <a target=\"_blank\" class=\"uri-ext outbound\" rel=\"noopener nofollow\" href=\"https:\/\/www.maschseefest.de\/presse\/\">https:\/\/www.maschseefest.de\/presse\/<\/a><\/p>\n<p class=\"contact-headline\">Pressekontakt:<\/p>\n<p class=\"contact-text\">Ela Windels<br \/>Hannover Marketing und Tourismus GmbH<br \/>Vahrenwalder Stra\u00dfe 7<br \/>30165 Hannover<br \/>0511 &#8211; 123490-26<br \/><a href=\"https:\/\/www.presseportal.de\/pm\/171861\/mailto:presse@hannover-marketing.de\" class=\"uri-mailto\" rel=\"nofollow noopener\" target=\"_blank\">presse@hannover-marketing.de<\/a><\/p>\n<p class=\"originator\">Original-Content von: Hannover Veranstaltungs GmbH (HVG), \u00fcbermittelt durch news aktuell<\/p>\n","protected":false},"excerpt":{"rendered":"29.06.2026 \u2013 15:28 Hannover Veranstaltungs GmbH (HVG) Hannover (ots) Am 22. Juli startet das Maschseefest in Hannover und&hellip;\n","protected":false},"author":2,"featured_media":1131669,"comment_status":"","ping_status":"","sticky":false,"template":"","format":"standard","meta":{"footnotes":"","_share_on_mastodon":"0"},"categories":[1836],"tags":[3477,3364,29,2507,6763,30,46,810,1411,178,180,179,181,18824,265,18867,215,3699],"class_list":["post-1131668","post","type-post","status-publish","format-standard","has-post-thumbnail","category-hannover","tag-bild","tag-de","tag-deutschland","tag-freizeit","tag-gastronomie","tag-germany","tag-hannover","tag-musik","tag-niedersachsen","tag-presse","tag-pressemeldung","tag-pressemitteilung","tag-pressemitteilungen","tag-rudern","tag-sport","tag-terminvorschau","tag-unterhaltung","tag-veranstaltung"],"share_on_mastodon":{"url":"https:\/\/pubeurope.com\/@de\/116836606169386596","error":""},"_links":{"self":[{"href":"https:\/\/www.europesays.com\/de\/wp-json\/wp\/v2\/posts\/1131668","targetHints":{"allow":["GET"]}}],"collection":[{"href":"https:\/\/www.europesays.com\/de\/wp-json\/wp\/v2\/posts"}],"about":[{"href":"https:\/\/www.europesays.com\/de\/wp-json\/wp\/v2\/types\/post"}],"author":[{"embeddable":true,"href":"https:\/\/www.europesays.com\/de\/wp-json\/wp\/v2\/users\/2"}],"replies":[{"embeddable":true,"href":"https:\/\/www.europesays.com\/de\/wp-json\/wp\/v2\/comments?post=1131668"}],"version-history":[{"count":0,"href":"https:\/\/www.europesays.com\/de\/wp-json\/wp\/v2\/posts\/1131668\/revisions"}],"wp:featuredmedia":[{"embeddable":true,"href":"https:\/\/www.europesays.com\/de\/wp-json\/wp\/v2\/media\/1131669"}],"wp:attachment":[{"href":"https:\/\/www.europesays.com\/de\/wp-json\/wp\/v2\/media?parent=1131668"}],"wp:term":[{"taxonomy":"category","embeddable":true,"href":"https:\/\/www.europesays.com\/de\/wp-json\/wp\/v2\/categories?post=1131668"},{"taxonomy":"post_tag","embeddable":true,"href":"https:\/\/www.europesays.com\/de\/wp-json\/wp\/v2\/tags?post=1131668"}],"curies":[{"name":"wp","href":"https:\/\/api.w.org\/{rel}","templated":true}]}}