{"id":1131882,"date":"2026-06-30T04:18:16","date_gmt":"2026-06-30T04:18:16","guid":{"rendered":"https:\/\/www.europesays.com\/de\/1131882\/"},"modified":"2026-06-30T04:18:16","modified_gmt":"2026-06-30T04:18:16","slug":"afd-parteitag-polizeigewerkschaft-fordert-richter-und-staatsanwaelte-in-bereitschaft","status":"publish","type":"post","link":"https:\/\/www.europesays.com\/de\/1131882\/","title":{"rendered":"AfD-Parteitag: Polizeigewerkschaft fordert Richter und Staatsanw\u00e4lte in Bereitschaft"},"content":{"rendered":"<p>Im Falle von Ausschreitungen gegen Einsatzkr\u00e4fte fordert die Deutsche Polizeigewerkschaft schnelle und harte Strafen. Auch vorbeugende Freiheitsentziehung auf richterliche Anordnung von bis zu 30 Tagen sei sinnvoll.<\/p>\n<p class=\"is-first-paragraph\" data-external=\"Article.FirstParagraph\">Die Deutsche Polizeigewerkschaft (DPolG) warnt angesichts des bevorstehenden AfD-Bundesparteitags vor massiven Ausschreitungen und Gewalttaten gegen Einsatzkr\u00e4fte. \u201eLeider gehen wir davon aus, dass neben dem legitimen friedlichen Protest auch einige Aktivisten aus dem linken und linksextremen Milieu vor Ort sind, die bereits jetzt Gewalttaten gegen unsere Kolleginnen und Kollegen planen\u201c, erkl\u00e4rte der DPolG-Bundesvorsitzende Heiko Teggatz am Montag. \u201eDas ist \u00e4u\u00dferst besorgniserregend und ich hoffe, dass alle Einsatzkr\u00e4fte gesund aus dem Einsatz nach Hause kommen.\u201c<\/p>\n<p>Teggatz pl\u00e4dierte daf\u00fcr, am Wochenende gen\u00fcgend Staatsanw\u00e4lte und Richter in den Bereitschaftsdienst zu versetzen. Zudem m\u00fcssten im Falle von Ausschreitungen gegen Einsatzkr\u00e4fte schnelle und harte Strafen auf dem Fu\u00df folgen. \u201eGewaltt\u00e4ter m\u00fcssen mit harten strafrechtlichen Konsequenzen rechnen \u2013 und zwar sofort\u201c, forderte Teggatz. Er erachtete auch einen bundesweiten Unterbindungsgewahrsam nach dem bayerischen Modell f\u00fcr sinnvoll \u2013 eine vorbeugende Freiheitsentziehung auf richterliche Anordnung von bis zu 30 Tagen.<\/p>\n<p>Der Bundesparteitag der AfD findet am 4. und 5. Juli in Erfurt statt. Mehrere zivilgesellschaftliche B\u00fcndnisse haben bereits zu Protesten aufgerufen. Nach Informationen von WELT am SONNTAG rechnen die Beh\u00f6rden mit mindestens 35.000 bis 50.000 Gegendemonstrierenden und zudem mit bis zu 2500 gewaltbereiten oder gewaltsuchenden Linksextremisten.<\/p>\n<p>Unter anderem die <a class=\"is-link c-block-items__link c-link--rich-text-renderer\" href=\"https:\/\/www.welt.de\/politik\/deutschland\/article6a42635bb9ced42c832d1dd8\/afd-parteitag-schwerdtner-verteidigt-blockaden-als-absolut-legitimer-protest.html\" data-internal-tracking-enabled=\"true\" data-internal-tracking=\"{&quot;action&quot;:&quot;click&quot;,&quot;label&quot;:&quot;link&quot;,&quot;name&quot;:&quot;Inline Element&quot;,&quot;data&quot;:{&quot;source&quot;:&quot;&quot;,&quot;target&quot;:&quot;https:\/\/www.welt.de\/politik\/deutschland\/article6a42635bb9ced42c832d1dd8\/afd-parteitag-schwerdtner-verteidigt-blockaden-als-absolut-legitimer-protest.html&quot;,&quot;trackingName&quot;:&quot;&quot;,&quot;trackingLabel&quot;:&quot;&quot;}}\" rel=\"nofollow noopener\" target=\"_blank\">Linke unterst\u00fctzt offen Blockaden gegen den AfD-Parteitag<\/a>. \u201eDas sind Demokratieverachter, und dagegen kann man dann auch auf die Stra\u00dfe gehen und sollte man auch tun\u201c, sagte Parteichefin Ines Schwerdtner in Berlin. \u201eIn der \u00d6ffentlichkeit sind Blockaden absolut legitimer Protest.\u201c Man k\u00f6nne gewaltfrei blockieren.<\/p>\n<p>Zudem wurde in einem anonymen Schreiben auf der linksextremen Plattform Indymedia die \u201egr\u00f6\u00dfte Mobilisierung in der Geschichte der antifaschistischen Bewegung\u201c angek\u00fcndigt. So sollen in Erfurt erstmals die Hausd\u00e4cher von Geb\u00e4uden besetzt werden, \u201edie auf der Anfahrtsroute der AfD-Faschisten liegen\u201c. \u201eWir werden diese D\u00e4cher militant verteidigen und auch von diesen Angriffe ausf\u00fchren\u201c, k\u00fcndigt das Schreiben an. Um welche \u201eAngriffe\u201c es sich genau handelt, blieb unklar.<\/p>\n<p>Die Erfahrungen der letzten Events h\u00e4tten die Antifaschisten gelehrt, dass Aktionen \u201enur auf der Stra\u00dfe\u201c strategisch keinen langfristigen Vorteil gegen\u00fcber \u201edem riesigen Heer an Bullen bieten\u201c. Daher besinne man sich \u201eauf Strategien, die wir von G20 bis R94 bereits erprobt haben\u201c.<\/p>\n<p>afp\/saha<\/p>\n","protected":false},"excerpt":{"rendered":"Im Falle von Ausschreitungen gegen Einsatzkr\u00e4fte fordert die Deutsche Polizeigewerkschaft schnelle und harte Strafen. Auch vorbeugende Freiheitsentziehung auf&hellip;\n","protected":false},"author":2,"featured_media":1131883,"comment_status":"","ping_status":"","sticky":false,"template":"","format":"standard","meta":{"footnotes":"","_share_on_mastodon":"0"},"categories":[2],"tags":[186,29,7137,30,13,12623,14,15,110,8121,121,12,45,10,8,9,11],"class_list":["post-1131882","post","type-post","status-publish","format-standard","has-post-thumbnail","category-deutschland","tag-afd","tag-deutschland","tag-erfurt","tag-germany","tag-headlines","tag-linksextremismus","tag-nachrichten","tag-news","tag-newsteam","tag-parteitage","tag-polizei","tag-schlagzeilen","tag-texttospeech","tag-top-news","tag-top-meldungen","tag-topmeldungen","tag-topnews"],"share_on_mastodon":{"url":"https:\/\/pubeurope.com\/@de\/116837135852242514","error":""},"_links":{"self":[{"href":"https:\/\/www.europesays.com\/de\/wp-json\/wp\/v2\/posts\/1131882","targetHints":{"allow":["GET"]}}],"collection":[{"href":"https:\/\/www.europesays.com\/de\/wp-json\/wp\/v2\/posts"}],"about":[{"href":"https:\/\/www.europesays.com\/de\/wp-json\/wp\/v2\/types\/post"}],"author":[{"embeddable":true,"href":"https:\/\/www.europesays.com\/de\/wp-json\/wp\/v2\/users\/2"}],"replies":[{"embeddable":true,"href":"https:\/\/www.europesays.com\/de\/wp-json\/wp\/v2\/comments?post=1131882"}],"version-history":[{"count":0,"href":"https:\/\/www.europesays.com\/de\/wp-json\/wp\/v2\/posts\/1131882\/revisions"}],"wp:featuredmedia":[{"embeddable":true,"href":"https:\/\/www.europesays.com\/de\/wp-json\/wp\/v2\/media\/1131883"}],"wp:attachment":[{"href":"https:\/\/www.europesays.com\/de\/wp-json\/wp\/v2\/media?parent=1131882"}],"wp:term":[{"taxonomy":"category","embeddable":true,"href":"https:\/\/www.europesays.com\/de\/wp-json\/wp\/v2\/categories?post=1131882"},{"taxonomy":"post_tag","embeddable":true,"href":"https:\/\/www.europesays.com\/de\/wp-json\/wp\/v2\/tags?post=1131882"}],"curies":[{"name":"wp","href":"https:\/\/api.w.org\/{rel}","templated":true}]}}