{"id":1132044,"date":"2026-06-30T05:51:19","date_gmt":"2026-06-30T05:51:19","guid":{"rendered":"https:\/\/www.europesays.com\/de\/1132044\/"},"modified":"2026-06-30T05:51:19","modified_gmt":"2026-06-30T05:51:19","slug":"landesliga-das-sagen-die-vereine-zur-neuen-gruppeneinteilung-2026-27","status":"publish","type":"post","link":"https:\/\/www.europesays.com\/de\/1132044\/","title":{"rendered":"Landesliga: Das sagen die Vereine zur neuen Gruppeneinteilung 2026\/27"},"content":{"rendered":"<p class=\"text_ohne_einzug richtext text-em-55 !leading-serif mx-6 desktop:mx-0\">Die Liga hei\u00dft zwar weiterhin Landesliga Gruppe 1, mit der Zusammensetzung der Vorsaison hat sie aber kaum noch etwas zu tun \u2013 abgesehen von den Vereinen aus den Kreisen M\u00f6nchengladbach-Viersen und Kempen-Krefeld. Statt auf Teams aus den Kreisen Grevenbroich-Neuss, D\u00fcsseldorf und dem Bergischen Land treffen die regionalen Vereine nun auf Konkurrenz aus Moers, Kleve-Geldern, Rees-Bocholt, Duisburg-M\u00fclheim und Oberhausen-Bottrop. Allerdings: F\u00fcr die Teams aus Viersen und M\u00f6nchengladbach bedeutet das allerdings weitere Ausw\u00e4rtsfahrten. Von Mennrath zum 1. FC <a href=\"https:\/\/rp-online.de\/thema\/kleve\/\" rel=\"nofollow noopener\" target=\"_blank\">Kleve<\/a> sind es beispielsweise rund 100 Kilometer, von Neuwerk zum VfL Rhede rund 110 Kilometer pro Strecke \u2013 das w\u00e4ren zwei H\u00e4rtef\u00e4lle.<\/p>\n","protected":false},"excerpt":{"rendered":"Die Liga hei\u00dft zwar weiterhin Landesliga Gruppe 1, mit der Zusammensetzung der Vorsaison hat sie aber kaum noch&hellip;\n","protected":false},"author":2,"featured_media":1132045,"comment_status":"","ping_status":"","sticky":false,"template":"","format":"standard","meta":{"footnotes":"","_share_on_mastodon":"0"},"categories":[1849],"tags":[16320,3364,29,548,663,3934,30,20684,46271,238403,9623,13,29896,7738,7739,3414,24073,238404,13762,238405,4455,14,113604,15,1209,12006,12,18183],"class_list":["post-1132044","post","type-post","status-publish","format-standard","has-post-thumbnail","category-moenchengladbach","tag-bezirksliga","tag-de","tag-deutschland","tag-eu","tag-europa","tag-europe","tag-germany","tag-gruppe","tag-gruppen","tag-gruppenverteilung","tag-hansen","tag-headlines","tag-kilometer","tag-kleve","tag-kreis","tag-land","tag-landesliga","tag-landesligen","tag-liga","tag-ligen","tag-moenchengladbach","tag-nachrichten","tag-neuland","tag-news","tag-nordrhein-westfalen","tag-oberliga","tag-schlagzeilen","tag-viersen"],"share_on_mastodon":{"url":"https:\/\/pubeurope.com\/@de\/116837501303785052","error":""},"_links":{"self":[{"href":"https:\/\/www.europesays.com\/de\/wp-json\/wp\/v2\/posts\/1132044","targetHints":{"allow":["GET"]}}],"collection":[{"href":"https:\/\/www.europesays.com\/de\/wp-json\/wp\/v2\/posts"}],"about":[{"href":"https:\/\/www.europesays.com\/de\/wp-json\/wp\/v2\/types\/post"}],"author":[{"embeddable":true,"href":"https:\/\/www.europesays.com\/de\/wp-json\/wp\/v2\/users\/2"}],"replies":[{"embeddable":true,"href":"https:\/\/www.europesays.com\/de\/wp-json\/wp\/v2\/comments?post=1132044"}],"version-history":[{"count":0,"href":"https:\/\/www.europesays.com\/de\/wp-json\/wp\/v2\/posts\/1132044\/revisions"}],"wp:featuredmedia":[{"embeddable":true,"href":"https:\/\/www.europesays.com\/de\/wp-json\/wp\/v2\/media\/1132045"}],"wp:attachment":[{"href":"https:\/\/www.europesays.com\/de\/wp-json\/wp\/v2\/media?parent=1132044"}],"wp:term":[{"taxonomy":"category","embeddable":true,"href":"https:\/\/www.europesays.com\/de\/wp-json\/wp\/v2\/categories?post=1132044"},{"taxonomy":"post_tag","embeddable":true,"href":"https:\/\/www.europesays.com\/de\/wp-json\/wp\/v2\/tags?post=1132044"}],"curies":[{"name":"wp","href":"https:\/\/api.w.org\/{rel}","templated":true}]}}