{"id":1132206,"date":"2026-06-30T07:22:29","date_gmt":"2026-06-30T07:22:29","guid":{"rendered":"https:\/\/www.europesays.com\/de\/1132206\/"},"modified":"2026-06-30T07:22:29","modified_gmt":"2026-06-30T07:22:29","slug":"winston-salem-gescheiterte-nationalmannschaft-zurueck-im-wm-quartier","status":"publish","type":"post","link":"https:\/\/www.europesays.com\/de\/1132206\/","title":{"rendered":"Winston-Salem | Gescheiterte Nationalmannschaft zur\u00fcck im WM-Quartier"},"content":{"rendered":"<p>Fu\u00dfball-Nationalmannschaft<\/p>\n<p>Winston-Salem (dpa) &#8211; Tief in der amerikanischen Nacht ist die Fu\u00dfball-Nationalmannschaft ein letztes Mal in ihrem WM-Quartier in Winston-Salem angekommen. Das Charterflugzeug landete nach dem 3:4 im Elfmeterschie\u00dfen gegen Paraguay in der ersten K.-o.-Runde in Foxborough auf dem kleinen Stadtflughafen Smith Reynolds Airport in North Carolina.\u00a0<\/p>\n<p>Julian Nagelmann verlie\u00df als einer der ersten den Flieger und ging mit seinem silbernen Rollkoffer \u00fcber das Flugfeld. Der Bundestrainer hatte einen R\u00fccktritt trotz des viel zu fr\u00fchen Ausscheidens ausgeschlossen. Mit der DFB-Elf waren auch Verbandspr\u00e4sident Bernd Neuendorf, Sportdirektor Rudi V\u00f6ller und Gesch\u00e4ftsf\u00fchrer Andreas Rettig nach Winston-Salem zur\u00fcckgekehrt.<\/p>\n<p>Entscheidung \u00fcber Nagelsmanns DFB-Zukunft steht an<\/p>\n<p>Das Trio muss nun entscheiden, ob Nagelsmann tats\u00e4chlich im Amt bleiben und seinen bis zur EM 2028 datierten Vertrag erf\u00fcllen darf. Nach den letzten WM-Entt\u00e4uschungen 2018 und 2022, als jeweils nach der Gruppenphase Schluss war, waren Joachim L\u00f6w und Hansi Flick als Bundestrainer noch im Amt geblieben.<\/p>\n<p>\u00a9 dpa-infocom, dpa:260630-930-307699\/1<\/p>\n","protected":false},"excerpt":{"rendered":"Fu\u00dfball-Nationalmannschaft Winston-Salem (dpa) &#8211; Tief in der amerikanischen Nacht ist die Fu\u00dfball-Nationalmannschaft ein letztes Mal in ihrem WM-Quartier&hellip;\n","protected":false},"author":2,"featured_media":1132207,"comment_status":"","ping_status":"","sticky":false,"template":"","format":"standard","meta":{"footnotes":"","_share_on_mastodon":"0"},"categories":[1841],"tags":[1605,3364,29,1990,347,30,10702,1209,64,11404],"class_list":["post-1132206","post","type-post","status-publish","format-standard","has-post-thumbnail","category-bielefeld","tag-bielefeld","tag-de","tag-deutschland","tag-ecuador","tag-fussball","tag-germany","tag-nationalmannschaft","tag-nordrhein-westfalen","tag-usa","tag-wm"],"share_on_mastodon":{"url":"https:\/\/pubeurope.com\/@de\/116837859135204582","error":""},"_links":{"self":[{"href":"https:\/\/www.europesays.com\/de\/wp-json\/wp\/v2\/posts\/1132206","targetHints":{"allow":["GET"]}}],"collection":[{"href":"https:\/\/www.europesays.com\/de\/wp-json\/wp\/v2\/posts"}],"about":[{"href":"https:\/\/www.europesays.com\/de\/wp-json\/wp\/v2\/types\/post"}],"author":[{"embeddable":true,"href":"https:\/\/www.europesays.com\/de\/wp-json\/wp\/v2\/users\/2"}],"replies":[{"embeddable":true,"href":"https:\/\/www.europesays.com\/de\/wp-json\/wp\/v2\/comments?post=1132206"}],"version-history":[{"count":0,"href":"https:\/\/www.europesays.com\/de\/wp-json\/wp\/v2\/posts\/1132206\/revisions"}],"wp:featuredmedia":[{"embeddable":true,"href":"https:\/\/www.europesays.com\/de\/wp-json\/wp\/v2\/media\/1132207"}],"wp:attachment":[{"href":"https:\/\/www.europesays.com\/de\/wp-json\/wp\/v2\/media?parent=1132206"}],"wp:term":[{"taxonomy":"category","embeddable":true,"href":"https:\/\/www.europesays.com\/de\/wp-json\/wp\/v2\/categories?post=1132206"},{"taxonomy":"post_tag","embeddable":true,"href":"https:\/\/www.europesays.com\/de\/wp-json\/wp\/v2\/tags?post=1132206"}],"curies":[{"name":"wp","href":"https:\/\/api.w.org\/{rel}","templated":true}]}}