{"id":1132233,"date":"2026-06-30T07:37:22","date_gmt":"2026-06-30T07:37:22","guid":{"rendered":"https:\/\/www.europesays.com\/de\/1132233\/"},"modified":"2026-06-30T07:37:22","modified_gmt":"2026-06-30T07:37:22","slug":"wm-aus-fuer-die-dfb-elf-so-reagiert-die-internationale-presse","status":"publish","type":"post","link":"https:\/\/www.europesays.com\/de\/1132233\/","title":{"rendered":"WM-Aus f\u00fcr die DFB-Elf: So reagiert die internationale Presse"},"content":{"rendered":"<p>Internationale Presse zerlegt DFB-Elf <\/p>\n<p>&#8222;Von Deutschland ist nichts mehr \u00fcbrig&#8220;<\/p>\n<p>Aktualisiert am 30.06.2026 &#8211; 09:01 UhrLesedauer: 2 Min.<\/p>\n<p><img loading=\"lazy\" src=\"https:\/\/www.t-online.de\/s\/paper\/_next\/static\/media\/loading-indicator-magenta.1f35d8de.svg\" alt=\"Video l\u00e4dt\" title=\"Video l\u00e4dt\" class=\"block h-[calc(var(--height)_\/_16_*_1rem)] w-[calc(var(--width)_\/_16_*_1rem)] max-w-none undefined\" style=\"--width:32;--height:32\" decoding=\"async\"\/>Player wird geladen<\/p>\n<p>Die entscheidenden Szenen des Elfmeterschie\u00dfens im Video. (Quelle: MagentaTV)<\/p>\n<p><img loading=\"lazy\" src=\"https:\/\/www.t-online.de\/s\/paper\/_next\/static\/media\/audio-volume.6689034c.svg\" alt=\"\" title=\"\" class=\"block h-[calc(var(--height)_\/_16_*_1rem)] w-[calc(var(--width)_\/_16_*_1rem)] max-w-none group-hover:brightness-0 group-hover:invert\" style=\"--width:16;--height:16\" decoding=\"async\"\/>Vorlesen<\/p>\n<p>Aktuelle Zeit:0:00Gesamtdauer:0:00<\/p>\n<p>1x<\/p>\n<p class=\"text-center\">Jetzt neu bei t-online:<\/p>\n<p class=\"text-center\">Schriftgr\u00f6\u00dfe anpassen!<\/p>\n<p><img loading=\"lazy\" src=\"https:\/\/www.t-online.de\/s\/paper\/_next\/static\/media\/font-sizes.32942e33.svg\" alt=\"\" title=\"\" class=\"block h-[calc(var(--height)_\/_16_*_1rem)] w-[calc(var(--width)_\/_16_*_1rem)] max-w-none group-hover:hidden group-aria-expanded:hidden\" style=\"--width:16;--height:16\" decoding=\"async\"\/><img loading=\"lazy\" src=\"https:\/\/www.t-online.de\/s\/paper\/_next\/static\/media\/font-sizes-dark-mode.e382645c.svg\" alt=\"\" title=\"\" class=\"block h-[calc(var(--height)_\/_16_*_1rem)] w-[calc(var(--width)_\/_16_*_1rem)] max-w-none hidden group-hover:block group-aria-expanded:block\" style=\"--width:16;--height:16\" decoding=\"async\"\/><img loading=\"lazy\" src=\"https:\/\/www.t-online.de\/s\/paper\/_next\/static\/media\/sharing-menu-icon.1eb71368.svg\" alt=\"\" title=\"\" class=\"block h-[calc(var(--height)_\/_16_*_1rem)] w-[calc(var(--width)_\/_16_*_1rem)] max-w-none group-hover:brightness-0 group-hover:invert\" style=\"--width:16;--height:16\" decoding=\"async\"\/>Artikel teilen<\/p>\n<p class=\"font-bold text-18 leading-17 user-text-lg:text-22 user-text-xl:text-24\">Der Traum ist geplatzt: Das DFB-Team ist bei der WM gescheitert. Auch von der internationalen Presse gibt es harte Kritik.<\/p>\n<p class=\"text-18 leading-17 user-text-lg:text-22 user-text-xl:text-24\">Das Sechzehntelfinale gegen Paraguay sollte f\u00fcr die <a href=\"https:\/\/www.t-online.de\/themen\/nationalmannschaft-deutschland\/\" class=\"transition-colors cursor-pointer no-underline md:hover:text-magenta md:focus:text-magenta border-b border-solid border-current text-salemsfur md:hover:border-magenta\" data-tracking=\"{&quot;action&quot;:&quot;click&quot;,&quot;category&quot;:&quot;intextLink&quot;,&quot;label&quot;:&quot;\/themen\/nationalmannschaft-deutschland\/&quot;}\" data-sctrack=\"BodyAnchor\" rel=\"nofollow noopener\" target=\"_blank\">deutsche Nationalmannschaft<\/a> bei der <a href=\"https:\/\/www.t-online.de\/themen\/fussball-wm-2026\/\" class=\"transition-colors cursor-pointer no-underline md:hover:text-magenta md:focus:text-magenta border-b border-solid border-current text-salemsfur md:hover:border-magenta\" data-tracking=\"{&quot;action&quot;:&quot;click&quot;,&quot;category&quot;:&quot;intextLink&quot;,&quot;label&quot;:&quot;\/themen\/fussball-wm-2026\/&quot;}\" data-sctrack=\"BodyAnchor\" rel=\"nofollow noopener\" target=\"_blank\">Weltmeisterschaft<\/a> eigentlich nur eine Zwischenstation sein. Denn im Achtelfinale h\u00e4tte mit Frankreich wahrscheinlich ein echtes Topduell gewartet. Doch daraus wird nichts: Im Elfmeterschie\u00dfen verlor die <a href=\"https:\/\/www.t-online.de\/themen\/nationalmannschaft-deutschland\/\" class=\"transition-colors cursor-pointer no-underline md:hover:text-magenta md:focus:text-magenta border-b border-solid border-current text-salemsfur md:hover:border-magenta\" data-tracking=\"{&quot;action&quot;:&quot;click&quot;,&quot;category&quot;:&quot;intextLink&quot;,&quot;label&quot;:&quot;\/themen\/nationalmannschaft-deutschland\/&quot;}\" data-sctrack=\"BodyAnchor\" rel=\"nofollow noopener\" target=\"_blank\">DFB-Elf<\/a> mit 4:5 gegen Paraguay.<\/p>\n<p class=\"text-18 leading-17 user-text-lg:text-22 user-text-xl:text-24\">Nach dem bitteren Aus stellen sich viele Fragen in Deutschland: Wie konnte es passieren, dass das deutsche Team gegen den krassen Au\u00dfenseiter verlor? Wie geht es jetzt mit Bundestrainer <a href=\"https:\/\/www.t-online.de\/themen\/julian-nagelsmann\/\" class=\"transition-colors cursor-pointer no-underline md:hover:text-magenta md:focus:text-magenta border-b border-solid border-current text-salemsfur md:hover:border-magenta\" data-tracking=\"{&quot;action&quot;:&quot;click&quot;,&quot;category&quot;:&quot;intextLink&quot;,&quot;label&quot;:&quot;\/themen\/julian-nagelsmann\/&quot;}\" data-sctrack=\"BodyAnchor\" rel=\"nofollow noopener\" target=\"_blank\">Julian Nagelsmann<\/a> weiter? Wie muss sich das Gesicht des Teams \u00e4ndern, um zuk\u00fcnftig wieder erfolgreichen Fu\u00dfball der Nationalmannschaft in Deutschland zu sehen? Auch die internationale Presse ging hart ins Gericht.<\/p>\n<p>&#8222;Mirror&#8220; (England)<\/p>\n<p class=\"text-18 leading-17 user-text-lg:text-22 user-text-xl:text-24\">&#8222;Auf Wiedersehen! Deutschland scheidet nach schockierender Niederlage aus. Die erste Niederlage nach Elfmeterschie\u00dfen f\u00fcr Deutschland auf der gr\u00f6\u00dften B\u00fchne.&#8220;<\/p>\n<ul class=\"text-18 leading-17 block pl-24 *:pb-16 *:before:inline-block *:before:size-8 *:before:bg-magenta *:before:mt-0 *:before:mr-12 *:before:mb-2 *:before:-ml-[20px]\">\n<li><strong class=\"font-bold\">Kommentar:<\/strong> <a href=\"https:\/\/www.t-online.de\/nachrichten\/tagesanbruch\/\" class=\"transition-colors cursor-pointer no-underline md:hover:text-magenta md:focus:text-magenta border-b border-solid border-current text-salemsfur md:hover:border-magenta\" data-tracking=\"{&quot;action&quot;:&quot;click&quot;,&quot;category&quot;:&quot;intextLink&quot;,&quot;label&quot;:&quot;\/nachrichten\/tagesanbruch\/&quot;}\" data-sctrack=\"BodyAnchor\" rel=\"nofollow noopener\" target=\"_blank\">Schuld ist Trainer Nagelsmann<\/a><\/li>\n<\/ul>\n<p>&#8222;The Guardian&#8220; (England)<\/p>\n<p class=\"text-18 leading-17 user-text-lg:text-22 user-text-xl:text-24\">&#8222;F\u00fcr Julian Nagelsmann f\u00fchlt sich Neuengland wie das Ende des Weges an. Das hier ist nicht das Deutschland aus den Boomjahren der Eliteakademien. Aber sie sind besser als das. <a href=\"https:\/\/www.t-online.de\/themen\/juergen-klopp\/\" class=\"transition-colors cursor-pointer no-underline md:hover:text-magenta md:focus:text-magenta border-b border-solid border-current text-salemsfur md:hover:border-magenta\" data-tracking=\"{&quot;action&quot;:&quot;click&quot;,&quot;category&quot;:&quot;intextLink&quot;,&quot;label&quot;:&quot;\/themen\/juergen-klopp\/&quot;}\" data-sctrack=\"BodyAnchor\" rel=\"nofollow noopener\" target=\"_blank\">J\u00fcrgen Klopp<\/a> hat das laufende Turnier gut gelaunt aus dem TV-Studio heraus genutzt, um \u00fcber Nagelsmann zu urteilen, sich daf\u00fcr zu entschuldigen, und insgesamt so zu tun, als w\u00fcrde er nicht mit gro\u00dfer Lust selbst gern mal den Job \u00fcbernehmen. Diese Chance k\u00f6nnte direkt vor der T\u00fcr stehen. Pass auf, was du dir w\u00fcnschst, J\u00fcrgen.&#8220;<\/p>\n<p>Im Video | Nagelsmann spricht \u00fcber R\u00fccktritt<\/p>\n<p><img loading=\"lazy\" src=\"https:\/\/www.t-online.de\/s\/paper\/_next\/static\/media\/loading-indicator-magenta.1f35d8de.svg\" alt=\"Video l\u00e4dt\" title=\"Video l\u00e4dt\" class=\"block h-[calc(var(--height)_\/_16_*_1rem)] w-[calc(var(--width)_\/_16_*_1rem)] max-w-none undefined\" style=\"--width:32;--height:32\" decoding=\"async\"\/>Player wird geladenQuelle: MagentaTV<\/p>\n<p>&#8222;L&#8217;\u00c9quipe&#8220; (Frankreich)<\/p>\n<p class=\"text-18 leading-17 user-text-lg:text-22 user-text-xl:text-24\">&#8222;Es ist die bislang gr\u00f6\u00dfte \u00dcberraschung des Turniers. Obwohl die Paraguayer w\u00e4hrend des gesamten Spiels in puncto Ballbesitz unterlegen waren, k\u00e4mpften sie verbissen darum, die deutschen Pl\u00e4ne zu durchkreuzen. Unter gro\u00dfen Schwierigkeiten \u00fcberstanden sie die Verl\u00e4ngerung und schafften es bis zum Elfmeterschie\u00dfen. Dort wird Deutschland f\u00fcr seine fruchtlose Dominanz bestraft.&#8220;<\/p>\n<p>&#8222;Le Dauphin\u00e9&#8220; (Frankreich)<\/p>\n<p class=\"text-18 leading-17 user-text-lg:text-22 user-text-xl:text-24\">&#8222;Paraguay sorgt f\u00fcr eine Sensation und schaltet Deutschland aus. Die Deutschen entt\u00e4uschen bei ihrer dritten Weltmeisterschaft in Folge, w\u00e4hrend Paraguay sein erstes K.-o.-Spiel gewinnt. Was f\u00fcr ein <a href=\"https:\/\/www.t-online.de\/themen\/erdbeben\/\" class=\"transition-colors cursor-pointer no-underline md:hover:text-magenta md:focus:text-magenta border-b border-solid border-current text-salemsfur md:hover:border-magenta\" data-tracking=\"{&quot;action&quot;:&quot;click&quot;,&quot;category&quot;:&quot;intextLink&quot;,&quot;label&quot;:&quot;\/themen\/erdbeben\/&quot;}\" data-sctrack=\"BodyAnchor\" rel=\"nofollow noopener\" target=\"_blank\">Erdbeben<\/a> in Boston!&#8220;<\/p>\n<p>&#8222;Gazzetta dello Sport&#8220; (Italien)<\/p>\n<p class=\"text-18 leading-17 user-text-lg:text-22 user-text-xl:text-24\">&#8222;Flop Germania! Die Deutschen zeigten zwar eine leichte Verbesserung gegen\u00fcber 2018 und 2022, konnten aber den Erwartungen nicht gerecht werden.&#8220;<\/p>\n<p>&#8222;Corriere dello Sport&#8220; (Italien)<\/p>\n<p class=\"text-18 leading-17 user-text-lg:text-22 user-text-xl:text-24\">&#8222;Sensationell: Deutschland scheidet im Elfmeterschie\u00dfen aus, Paraguay schafft das Kunstst\u00fcck und zieht ins Achtelfinale ein.&#8220;<\/p>\n","protected":false},"excerpt":{"rendered":"Internationale Presse zerlegt DFB-Elf &#8222;Von Deutschland ist nichts mehr \u00fcbrig&#8220; Aktualisiert am 30.06.2026 &#8211; 09:01 UhrLesedauer: 2 Min.&hellip;\n","protected":false},"author":2,"featured_media":1132234,"comment_status":"","ping_status":"","sticky":false,"template":"","format":"standard","meta":{"footnotes":"","_share_on_mastodon":"0"},"categories":[2],"tags":[331,3924,332,3922,48657,3364,29,3751,5974,59745,3058,156,30,13,2602,4665,14,3923,15,3921,78182,12,236062],"class_list":["post-1132233","post","type-post","status-publish","format-standard","has-post-thumbnail","category-deutschland","tag-aktuelle-nachrichten","tag-aktuelle-nachrichten-aus-deutschland","tag-aktuelle-news","tag-aktuelle-news-aus-deutschland","tag-aleksandar-pavlovic","tag-de","tag-deutschland","tag-dfb-elf","tag-dfb-team","tag-elfmeterschiessen","tag-england","tag-frankreich","tag-germany","tag-headlines","tag-julian-nagelsmann","tag-juergen-klopp","tag-nachrichten","tag-nachrichten-aus-deutschland","tag-news","tag-news-aus-deutschland","tag-paraguay","tag-schlagzeilen","tag-sechzehntelfinale"],"share_on_mastodon":{"url":"https:\/\/pubeurope.com\/@de\/116837918627624588","error":""},"_links":{"self":[{"href":"https:\/\/www.europesays.com\/de\/wp-json\/wp\/v2\/posts\/1132233","targetHints":{"allow":["GET"]}}],"collection":[{"href":"https:\/\/www.europesays.com\/de\/wp-json\/wp\/v2\/posts"}],"about":[{"href":"https:\/\/www.europesays.com\/de\/wp-json\/wp\/v2\/types\/post"}],"author":[{"embeddable":true,"href":"https:\/\/www.europesays.com\/de\/wp-json\/wp\/v2\/users\/2"}],"replies":[{"embeddable":true,"href":"https:\/\/www.europesays.com\/de\/wp-json\/wp\/v2\/comments?post=1132233"}],"version-history":[{"count":0,"href":"https:\/\/www.europesays.com\/de\/wp-json\/wp\/v2\/posts\/1132233\/revisions"}],"wp:featuredmedia":[{"embeddable":true,"href":"https:\/\/www.europesays.com\/de\/wp-json\/wp\/v2\/media\/1132234"}],"wp:attachment":[{"href":"https:\/\/www.europesays.com\/de\/wp-json\/wp\/v2\/media?parent=1132233"}],"wp:term":[{"taxonomy":"category","embeddable":true,"href":"https:\/\/www.europesays.com\/de\/wp-json\/wp\/v2\/categories?post=1132233"},{"taxonomy":"post_tag","embeddable":true,"href":"https:\/\/www.europesays.com\/de\/wp-json\/wp\/v2\/tags?post=1132233"}],"curies":[{"name":"wp","href":"https:\/\/api.w.org\/{rel}","templated":true}]}}