{"id":1132352,"date":"2026-06-30T08:46:24","date_gmt":"2026-06-30T08:46:24","guid":{"rendered":"https:\/\/www.europesays.com\/de\/1132352\/"},"modified":"2026-06-30T08:46:24","modified_gmt":"2026-06-30T08:46:24","slug":"beyenburg-und-langerfeld-feiern-ihre-stadtteilfeste","status":"publish","type":"post","link":"https:\/\/www.europesays.com\/de\/1132352\/","title":{"rendered":"Beyenburg und Langerfeld feiern ihre Stadtteilfeste"},"content":{"rendered":"<p class=\"text_ohne_einzug richtext text-em-55 !leading-serif mx-6 desktop:mx-0\">Was als Flutgedenkfest begann, ist nun zu einem festen Termin f\u00fcr den ganzen Stadtteil geworden: Der B\u00fcrgerverein Beyenburg l\u00e4dt f\u00fcr Samstag, 4. Juli, zum Stadtteilfest auf dem Sch\u00fctzenplatz ein. Erstmal gefeiert wurde das Fest am 16. Juli 2022 \u2013 ein Jahr nach der Hochwasserkatastrophe am 14. Juli 2021, das vor allem Beyenburg stark getroffen hatte.<\/p>\n","protected":false},"excerpt":{"rendered":"Was als Flutgedenkfest begann, ist nun zu einem festen Termin f\u00fcr den ganzen Stadtteil geworden: Der B\u00fcrgerverein Beyenburg&hellip;\n","protected":false},"author":2,"featured_media":1132353,"comment_status":"","ping_status":"","sticky":false,"template":"","format":"standard","meta":{"footnotes":"","_share_on_mastodon":"0"},"categories":[1840],"tags":[1914,24128,68422,3364,29,75904,238464,30,238465,59158,1209,238467,41206,54078,107782,238466,4418],"class_list":["post-1132352","post","type-post","status-publish","format-standard","has-post-thumbnail","category-wuppertal","tag-1914","tag-beyenburg","tag-buergerverein","tag-de","tag-deutschland","tag-flut","tag-flutgedenkfest","tag-germany","tag-huermann","tag-langerfeld","tag-nordrhein-westfalen","tag-norwin","tag-rossmarkt","tag-schulte","tag-westfaelische","tag-westfaelischer","tag-wuppertal"],"share_on_mastodon":{"url":"https:\/\/pubeurope.com\/@de\/116838189452212240","error":""},"_links":{"self":[{"href":"https:\/\/www.europesays.com\/de\/wp-json\/wp\/v2\/posts\/1132352","targetHints":{"allow":["GET"]}}],"collection":[{"href":"https:\/\/www.europesays.com\/de\/wp-json\/wp\/v2\/posts"}],"about":[{"href":"https:\/\/www.europesays.com\/de\/wp-json\/wp\/v2\/types\/post"}],"author":[{"embeddable":true,"href":"https:\/\/www.europesays.com\/de\/wp-json\/wp\/v2\/users\/2"}],"replies":[{"embeddable":true,"href":"https:\/\/www.europesays.com\/de\/wp-json\/wp\/v2\/comments?post=1132352"}],"version-history":[{"count":0,"href":"https:\/\/www.europesays.com\/de\/wp-json\/wp\/v2\/posts\/1132352\/revisions"}],"wp:featuredmedia":[{"embeddable":true,"href":"https:\/\/www.europesays.com\/de\/wp-json\/wp\/v2\/media\/1132353"}],"wp:attachment":[{"href":"https:\/\/www.europesays.com\/de\/wp-json\/wp\/v2\/media?parent=1132352"}],"wp:term":[{"taxonomy":"category","embeddable":true,"href":"https:\/\/www.europesays.com\/de\/wp-json\/wp\/v2\/categories?post=1132352"},{"taxonomy":"post_tag","embeddable":true,"href":"https:\/\/www.europesays.com\/de\/wp-json\/wp\/v2\/tags?post=1132352"}],"curies":[{"name":"wp","href":"https:\/\/api.w.org\/{rel}","templated":true}]}}