{"id":1132479,"date":"2026-06-30T09:56:15","date_gmt":"2026-06-30T09:56:15","guid":{"rendered":"https:\/\/www.europesays.com\/de\/1132479\/"},"modified":"2026-06-30T09:56:15","modified_gmt":"2026-06-30T09:56:15","slug":"schwalmtal-drei-vogelschuesse-bezirk-hehler-dilkrath","status":"publish","type":"post","link":"https:\/\/www.europesays.com\/de\/1132479\/","title":{"rendered":"Schwalmtal: drei Vogelsch\u00fcsse &#8211; Bezirk, Hehler, Dilkrath"},"content":{"rendered":"<p class=\"text_ohne_einzug richtext text-em-55 !leading-serif mx-6 desktop:mx-0\">  Die St.-Gertrudis-Bruderschaft Dilkrath ermittelt am Samstag, 4. Juli, ihren Sch\u00fctzenk\u00f6nig und tags darauf der Bezirksverband Schwalmtal-Br\u00fcggen seinen Bezirksk\u00f6nig auf der Festwiese in Genend um 13 Uhr. Die Dilkrather ermitteln erstmalig zus\u00e4tzlich einen Kinderk\u00f6nig ab 12.30 Uhr.<\/p>\n<p class=\"richtext text-em-55 !leading-serif mx-6 desktop:mx-0\">Der neue K\u00f6nig schie\u00dft beim Bezirksvogelschuss gleich mit. Auf der Nordstra\u00dfe gibt es danach einen Marsch an den Bezirksmajest\u00e4ten vorbei und einen geselligen Ausklang auf der Festwiese. Der neue Bezirksk\u00f6nig wird auf der Bezirksbruderratsversammlung 2027 proklamiert. Der Dilkrather Hanjo Eulenpesch bleibt als Bezirksk\u00f6nig bis dahin in Amt.<\/p>\n<p class=\"richtext text-em-55 !leading-serif mx-6 desktop:mx-0\">Au\u00dferdem steht der Vogelschuss der St.-Josef-Bruderschaft Hehler an. Er verspricht von Freitag, 3. bis Sonntag, 5. Juli, nicht nur volle Tradition, sondern auch ausgefallene Unterhaltung auf dem Hans-Jackels-Festplatz. Am Freitag ab 20 Uhr bringt die \u201eSex-On-The-Beach-Party\u201c mit \u201eFosco and Friends\u201c das Festzelt und die Au\u00dfenbereiche zum Beben. Musik gibt\u2019s vom DJ-Team \u201eRadio Niederrhein\u201c. Am Samstag wird um 15.30 Uhr die Majest\u00e4t von Hehler ermittelt. Ab 20 Uhr startet die \u201eLong-Hot-Saturday-Night\u201c: DJ Stiefel legt im Festzelt auf, auf Area 2 sorgen das DJ-Team \u201eRadio Niederrhein\u201c und DJ Marc f\u00fcr Feierlaune. Gegebenenfalls wird ab 23 Uhr das Deutschlandspiel gezeigt. Am Sonntag ab 12 Uhr findet die \u201eSch\u00fctzen-Party XXL\u201c mit neuer Freibierschaukel und Nachmittags-Zeltparade statt. \u00dcber eine T-Shirt-Kanone werdend insgesamt 500 T-Shirts \u00fcber das Wochenende verteilt ins Publikum geschossen.<\/p>\n","protected":false},"excerpt":{"rendered":"Die St.-Gertrudis-Bruderschaft Dilkrath ermittelt am Samstag, 4. Juli, ihren Sch\u00fctzenk\u00f6nig und tags darauf der Bezirksverband Schwalmtal-Br\u00fcggen seinen Bezirksk\u00f6nig&hellip;\n","protected":false},"author":2,"featured_media":1132480,"comment_status":"","ping_status":"","sticky":false,"template":"","format":"standard","meta":{"footnotes":"","_share_on_mastodon":"0"},"categories":[1849],"tags":[63673,209238,23078,3364,29,161486,14807,548,663,3934,30,13,141856,18127,4455,14,15,1209,2450,12,9877,30853,20413,9717,94489,238478],"class_list":["post-1132479","post","type-post","status-publish","format-standard","has-post-thumbnail","category-moenchengladbach","tag-bezirkskoenig","tag-bezirksvogelschuss","tag-bruderschaft","tag-de","tag-deutschland","tag-dilkrath","tag-ermittelt","tag-eu","tag-europa","tag-europe","tag-germany","tag-headlines","tag-hehler","tag-koenig","tag-moenchengladbach","tag-nachrichten","tag-news","tag-nordrhein-westfalen","tag-party","tag-schlagzeilen","tag-schuetzen","tag-schuetzenkoenig","tag-schwalmtal","tag-uhr","tag-vogelschuss","tag-vogelschuesse"],"share_on_mastodon":{"url":"https:\/\/pubeurope.com\/@de\/116838464558493796","error":""},"_links":{"self":[{"href":"https:\/\/www.europesays.com\/de\/wp-json\/wp\/v2\/posts\/1132479","targetHints":{"allow":["GET"]}}],"collection":[{"href":"https:\/\/www.europesays.com\/de\/wp-json\/wp\/v2\/posts"}],"about":[{"href":"https:\/\/www.europesays.com\/de\/wp-json\/wp\/v2\/types\/post"}],"author":[{"embeddable":true,"href":"https:\/\/www.europesays.com\/de\/wp-json\/wp\/v2\/users\/2"}],"replies":[{"embeddable":true,"href":"https:\/\/www.europesays.com\/de\/wp-json\/wp\/v2\/comments?post=1132479"}],"version-history":[{"count":0,"href":"https:\/\/www.europesays.com\/de\/wp-json\/wp\/v2\/posts\/1132479\/revisions"}],"wp:featuredmedia":[{"embeddable":true,"href":"https:\/\/www.europesays.com\/de\/wp-json\/wp\/v2\/media\/1132480"}],"wp:attachment":[{"href":"https:\/\/www.europesays.com\/de\/wp-json\/wp\/v2\/media?parent=1132479"}],"wp:term":[{"taxonomy":"category","embeddable":true,"href":"https:\/\/www.europesays.com\/de\/wp-json\/wp\/v2\/categories?post=1132479"},{"taxonomy":"post_tag","embeddable":true,"href":"https:\/\/www.europesays.com\/de\/wp-json\/wp\/v2\/tags?post=1132479"}],"curies":[{"name":"wp","href":"https:\/\/api.w.org\/{rel}","templated":true}]}}