{"id":1132482,"date":"2026-06-30T09:58:18","date_gmt":"2026-06-30T09:58:18","guid":{"rendered":"https:\/\/www.europesays.com\/de\/1132482\/"},"modified":"2026-06-30T09:58:18","modified_gmt":"2026-06-30T09:58:18","slug":"hofheim-24-reparaturcafe-in-hofheim","status":"publish","type":"post","link":"https:\/\/www.europesays.com\/de\/1132482\/","title":{"rendered":"Hofheim: 24. Reparaturcaf\u00e9 in Hofheim"},"content":{"rendered":"<p class=\"mb-6 text-xs-varying md:text-m lg:text-l font-serif group-[.font-sans]:font-sans \">\n    K\u00fcrzlich fand das 24. Reparaturcaf\u00e9 im Haus des Gastes in <a href=\"https:\/\/www.mainpost.de\/hassberge\/ort\/hofheim\" target=\"_self\" class=\"underline \" rel=\"nofollow noopener\">Hofheim<\/a> statt. Zwanzig ehrenamtliche Reparateure sa\u00dfen bereit, um Ger\u00e4te aus den Bereichen Elektro, Elektronik, N\u00e4hmaschine, Fahrrad, Spielzeug, Schmuck\u00a0und mehr zu reparieren. Daneben wurden Handyprobleme behoben, Drucker repariert, Klebearbeiten get\u00e4tigt.\n  <\/p>\n<p class=\"mb-6 text-xs-varying md:text-m lg:text-l font-serif group-[.font-sans]:font-sans \">\n    An der Anmeldung wurden 70 Anmeldeformulare ausgef\u00fcllt. Drei Helferinnen aus dem Team Stadtb\u00fccherei standen hinter der Kuchentheke und bewirteten die Wartenden mit Kaffee und Kuchen. Auch kalte Getr\u00e4nke waren dieses Mal gefragt.\n  <\/p>\n<p class=\"mb-6 text-xs-varying md:text-m lg:text-l font-serif group-[.font-sans]:font-sans \">\n    Die Reparateure k\u00fcmmerten sich um das Schleifen der Gartenschere, den Dia-Projektor, die Mikrowelle, den Drucker und verschiedene CD-Player und Videorekorder, au\u00dferdem den F\u00f6hn, das ferngesteuerte Auto, mehrere E-Bikes und konventionelle Fahrr\u00e4der. Die meisten Kunden, die von Allertshausen bis Ha\u00dffurt und Obertheres kamen, gingen mit einem wieder funktionierenden Gegenstand zufrieden nach Hause.\n  <\/p>\n<p class=\"mb-6 text-xs-varying md:text-m lg:text-l font-serif group-[.font-sans]:font-sans \">\n    Die Aktion, die der Nachhaltigkeit dient und Abfall vermeidet, wurde von den G\u00e4sten sehr gelobt. Die Organisation der Veranstaltung fand gro\u00dfe Anerkennung.\n  <\/p>\n<p class=\"mb-6 text-xs-varying md:text-m lg:text-l font-serif group-[.font-sans]:font-sans \">\n    Die Reparaturen erfolgen auf Spendenbasis. Eine gelungene Aktion, von der viele profitieren.\n  <\/p>\n<p>    <img decoding=\"async\" src=\"https:\/\/www.europesays.com\/de\/wp-content\/uploads\/2026\/06\/upimage-e163fdcb-1ec2-4a8e-8149-c1e9e8a3c0d3repcafe-27-6-26-i.jpg\" alt=\"Aufbau eines Pavillons wegen der Hitze.\" title=\"Aufbau eines Pavillons wegen der Hitze.\" loading=\"lazy\" class=\"h-full w-full object-cover\"\/><\/p>\n<p>      Icon vergr\u00f6\u00dfern<\/p>\n<p>    Aufbau eines Pavillons wegen der Hitze.<br \/>\n    Foto: Hildegund Fischer-Giebfried<\/p>\n<p>        Schlie\u00dfen <\/p>\n<p>      Icon Schlie\u00dfen<\/p>\n<p>        Icon vergr\u00f6\u00dfern<\/p>\n<p>        Icon verkleinern<\/p>\n<p>      Icon Pfeil bewegen<\/p>\n<p>    Aufbau eines Pavillons wegen der Hitze.<br \/>\n    Foto: Hildegund Fischer-Giebfried<\/p>\n<p>    Dieser Inhalt wird uns zur Verf\u00fcgung gestellt<\/p>\n<p class=\"mb-6 text-xs-varying md:text-m lg:text-l font-serif group-[.font-sans]:font-sans \">\n    Wir ver\u00f6ffentlichen Beitr\u00e4ge von Vereinen, Schulen sowie anderen Gruppierungen und Einrichtungen aus Unterfranken. Sie k\u00f6nnen sich mit selbst beigesteuerten Texten und Bildern \u00f6ffentlichkeitswirksam pr\u00e4sentieren.\n  <\/p>\n<p class=\"mb-6 text-xs-varying md:text-m lg:text-l font-serif group-[.font-sans]:font-sans \">\n    Wenn Sie etwas beisteuern wollen, dann laden Sie Ihren Text und ggf. Bilder \u00fcber unser Portal unter <a href=\"https:\/\/upload.mainpost.de\/\" rel=\"nofollow noopener\" target=\"_blank\" class=\"underline \">https:\/\/upload.mainpost.de\/<\/a> hoch. Unsere Redaktion pr\u00fcft, was ver\u00f6ffentlicht werden kann &#8211; in der Zeitung genau wie auf <a href=\"https:\/\/www.mainpost.de\/\" rel=\"nofollow noopener\" target=\"_blank\" class=\"underline \">www.mainpost.de<\/a>\n  <\/p>\n<p class=\"mb-6 text-xs-varying md:text-m lg:text-l font-serif group-[.font-sans]:font-sans \">\n    Mit dem neuen Angebot wollen wir unsere regionale Verankerung weiter festigen und ausweiten. Machen Sie mit &#8211; wir freuen uns auf Ihre Neuigkeiten!\n  <\/p>\n","protected":false},"excerpt":{"rendered":"K\u00fcrzlich fand das 24. Reparaturcaf\u00e9 im Haus des Gastes in Hofheim statt. Zwanzig ehrenamtliche Reparateure sa\u00dfen bereit, um&hellip;\n","protected":false},"author":2,"featured_media":1132483,"comment_status":"","ping_status":"","sticky":false,"template":"","format":"standard","meta":{"footnotes":"","_share_on_mastodon":"0"},"categories":[1847],"tags":[3364,29,30743,548,663,3934,1234,30,10903,238479,34668,13,2052,152722,14,15,161142,12,2399,521,6848,4544],"class_list":["post-1132482","post","type-post","status-publish","format-standard","has-post-thumbnail","category-wiesbaden","tag-de","tag-deutschland","tag-elektronik","tag-eu","tag-europa","tag-europe","tag-fahrrad","tag-germany","tag-getraenke","tag-handyproblem","tag-haus-des-gastes","tag-headlines","tag-hessen","tag-hofheim","tag-nachrichten","tag-news","tag-reparaturcafe","tag-schlagzeilen","tag-schmuck","tag-spielzeug","tag-temperatur","tag-wiesbaden"],"share_on_mastodon":{"url":"https:\/\/pubeurope.com\/@de\/116838474394163851","error":""},"_links":{"self":[{"href":"https:\/\/www.europesays.com\/de\/wp-json\/wp\/v2\/posts\/1132482","targetHints":{"allow":["GET"]}}],"collection":[{"href":"https:\/\/www.europesays.com\/de\/wp-json\/wp\/v2\/posts"}],"about":[{"href":"https:\/\/www.europesays.com\/de\/wp-json\/wp\/v2\/types\/post"}],"author":[{"embeddable":true,"href":"https:\/\/www.europesays.com\/de\/wp-json\/wp\/v2\/users\/2"}],"replies":[{"embeddable":true,"href":"https:\/\/www.europesays.com\/de\/wp-json\/wp\/v2\/comments?post=1132482"}],"version-history":[{"count":0,"href":"https:\/\/www.europesays.com\/de\/wp-json\/wp\/v2\/posts\/1132482\/revisions"}],"wp:featuredmedia":[{"embeddable":true,"href":"https:\/\/www.europesays.com\/de\/wp-json\/wp\/v2\/media\/1132483"}],"wp:attachment":[{"href":"https:\/\/www.europesays.com\/de\/wp-json\/wp\/v2\/media?parent=1132482"}],"wp:term":[{"taxonomy":"category","embeddable":true,"href":"https:\/\/www.europesays.com\/de\/wp-json\/wp\/v2\/categories?post=1132482"},{"taxonomy":"post_tag","embeddable":true,"href":"https:\/\/www.europesays.com\/de\/wp-json\/wp\/v2\/tags?post=1132482"}],"curies":[{"name":"wp","href":"https:\/\/api.w.org\/{rel}","templated":true}]}}