{"id":1132511,"date":"2026-06-30T10:14:17","date_gmt":"2026-06-30T10:14:17","guid":{"rendered":"https:\/\/www.europesays.com\/de\/1132511\/"},"modified":"2026-06-30T10:14:17","modified_gmt":"2026-06-30T10:14:17","slug":"uk-heidelberg-uebernimmt-klinik-salem","status":"publish","type":"post","link":"https:\/\/www.europesays.com\/de\/1132511\/","title":{"rendered":"UK Heidelberg \u00fcbernimmt Klinik Salem"},"content":{"rendered":"<p>Das Krankenhauses Salem mit 238 Betten wird Bestandteil der Uniklinik Heidelberg (UKHD). Nach Angaben des UKHD verl\u00e4uft der \u00dcbergang planm\u00e4\u00dfig, die medizinische Versorgung geht nahtlos weiter.<\/p>\n<p>Die Chirurgie, Innerer Medizin, Urologie, Intensivmedizin und Radiologie bleiben erhalten, wie das Klinikum mitteilt. Ziel sei es, schrittweise eine medizinische Strategie umzusetzen, die auch Patienten Zugang zur universit\u00e4ren Versorgung erm\u00f6glicht.<\/p>\n<p>Rund 500 Arbeitspl\u00e4tze w\u00fcrden durch die \u00dcbernahme gesichert, nachdem zuvor eine Insolvenz gedroht hatte. UKHD-Vorstandsvorsitzender Hanns-Peter Knaebel sprach von einem \u201eKraftakt\u201c, der nur durch die Zusammenarbeit aller Beteiligten gelungen sei.\u00a0<\/p>\n<p>Die zentrale Notaufnahme der Klinik Salem wird jetzt geschlossen. Erg\u00e4nzend stehen in Heidelberg weitere spezialisierte Notaufnahmen zur Verf\u00fcgung. Auch die Gyn\u00e4kologie und Geburtshilfe wird aufgegeben; die Versorgung \u00fcbernimmt k\u00fcnftig die Frauenklinik des UKHD.<\/p>\n<p>mau<\/p>\n","protected":false},"excerpt":{"rendered":"Das Krankenhauses Salem mit 238 Betten wird Bestandteil der Uniklinik Heidelberg (UKHD). Nach Angaben des UKHD verl\u00e4uft der&hellip;\n","protected":false},"author":2,"featured_media":1132512,"comment_status":"","ping_status":"","sticky":false,"template":"","format":"standard","meta":{"footnotes":"","_share_on_mastodon":"0"},"categories":[3976],"tags":[331,332,68538,68540,68539,27507,4612,290,27502,13,20069,238483,4344,3263,10701,166,837,68541,27505,14,15,12,3992,238485,238484,3993,3994,3995,3996,3997],"class_list":["post-1132511","post","type-post","status-publish","format-standard","has-post-thumbnail","category-vereinigtes-koenigreich","tag-aktuelle-nachrichten","tag-aktuelle-news","tag-bibliomed","tag-drg","tag-drg-forum","tag-e-health","tag-gesundheitspolitik","tag-gesundheitswesen","tag-gesundheitswirtschaft","tag-headlines","tag-klinik","tag-klinik-salem","tag-kliniken","tag-krankenhaus","tag-krankenhaeuser","tag-krankenkassen","tag-medizin","tag-medizincontrolling","tag-medizintechnik","tag-nachrichten","tag-news","tag-schlagzeilen","tag-uk","tag-ukhd","tag-uniklinik-heidelberg","tag-united-kingdom","tag-united-kingdom-of-great-britain-and-northern-ireland","tag-vereinigtes-koenigreich","tag-vereinigtes-koenigreich-grossbritannien-und-nordirland","tag-vereinigtes-koenigreich-von-grossbritannien-und-nordirland"],"share_on_mastodon":{"url":"","error":""},"_links":{"self":[{"href":"https:\/\/www.europesays.com\/de\/wp-json\/wp\/v2\/posts\/1132511","targetHints":{"allow":["GET"]}}],"collection":[{"href":"https:\/\/www.europesays.com\/de\/wp-json\/wp\/v2\/posts"}],"about":[{"href":"https:\/\/www.europesays.com\/de\/wp-json\/wp\/v2\/types\/post"}],"author":[{"embeddable":true,"href":"https:\/\/www.europesays.com\/de\/wp-json\/wp\/v2\/users\/2"}],"replies":[{"embeddable":true,"href":"https:\/\/www.europesays.com\/de\/wp-json\/wp\/v2\/comments?post=1132511"}],"version-history":[{"count":0,"href":"https:\/\/www.europesays.com\/de\/wp-json\/wp\/v2\/posts\/1132511\/revisions"}],"wp:featuredmedia":[{"embeddable":true,"href":"https:\/\/www.europesays.com\/de\/wp-json\/wp\/v2\/media\/1132512"}],"wp:attachment":[{"href":"https:\/\/www.europesays.com\/de\/wp-json\/wp\/v2\/media?parent=1132511"}],"wp:term":[{"taxonomy":"category","embeddable":true,"href":"https:\/\/www.europesays.com\/de\/wp-json\/wp\/v2\/categories?post=1132511"},{"taxonomy":"post_tag","embeddable":true,"href":"https:\/\/www.europesays.com\/de\/wp-json\/wp\/v2\/tags?post=1132511"}],"curies":[{"name":"wp","href":"https:\/\/api.w.org\/{rel}","templated":true}]}}