{"id":1132536,"date":"2026-06-30T10:29:18","date_gmt":"2026-06-30T10:29:18","guid":{"rendered":"https:\/\/www.europesays.com\/de\/1132536\/"},"modified":"2026-06-30T10:29:18","modified_gmt":"2026-06-30T10:29:18","slug":"baustart-akazienhof-wird-zum-stadtteilhaus-gruna-dawo","status":"publish","type":"post","link":"https:\/\/www.europesays.com\/de\/1132536\/","title":{"rendered":"Baustart: Akazienhof wird zum Stadtteilhaus Gruna &#8211; DAWO!"},"content":{"rendered":"<p><img decoding=\"async\" src=\"https:\/\/www.europesays.com\/de\/wp-content\/uploads\/2026\/06\/Akazienhof_Runa_Matthias-Rietschel-678x381.jpg\" alt=\"\" title=\"Bauen\" class=\"lazyload\" style=\"--smush-placeholder-width: 678px; --smush-placeholder-aspect-ratio: 678\/381;\"\/><br \/>\nAus dem Sanierungsfall Akazienhof soll ein modernes Stadtteilhaus f\u00fcr Gruna werden. Foto: M. Rietschel<\/p>\n<p>Mit etwas Verz\u00f6gerung haben die Arbeiten zur Sanierung der Villa Akazienhof auf der Rosenbergstra\u00dfe begonnen. Bis Ende 2027 werden s\u00e4mtliche Mauern und Decken des historischen Geb\u00e4udes ert\u00fcchtigt, der Dachstuhl erneuert und eingedeckt sowie die komplette Hausinstallation modernisiert. Der Charakter der historischen Villa soll dabei bewahrt und die Raumstruktur sowie die Kubatur des Geb\u00e4udes erhalten bleiben.<\/p>\n<p>F\u00fcr die Sanierung und den Umbau des Akazienhofs zum Stadtteilhaus sind 3,95 Millionen Euro vorgesehen. Der Gro\u00dfteil wird \u00fcber EU-Mittel und Gelder des Freistaate finanziert, nur 30 Prozent muss die Stadt aufbringen.<\/p>\n<p>Die Villa Akazienhof wurde Mitte des 19. Jahrhunderts als Landhaus des Barons von Rosenberg errichtet. Nach der Nutzung als Wohnhaus befand sich das Geb\u00e4ude bis nach dem Zweiten Weltkrieg im Besitz der Mimosa AG, die Fotografie- und Filmmaterial herstellte. Von 1953 bis 1996 wurde die Villa als Kindertagesst\u00e4tte der Stadt Dresden genutzt. Seitdem steht das Geb\u00e4ude leer.<br \/>Die Idee zur Umgestaltung als Stadtteilhaus kam 2021 von engagierten B\u00fcrgern aus Gruna und wurde ma\u00dfgeblich vom Stadtteilverein \u201eIn Gruna Leben e.V.\u201c begleitet. Als m\u00f6glicher Betreiber ist derzeit die Volkssolidarit\u00e4t Dresden im Gespr\u00e4ch. Im Fr\u00fchjahr 2028 soll das Stadtteilhaus Gruna \u00f6ffnen.<\/p>\n<p>&#13;<br \/>\n\t\t\t\t Post Views: 30&#13;\n\t\t\t<\/p>\n","protected":false},"excerpt":{"rendered":"Aus dem Sanierungsfall Akazienhof soll ein modernes Stadtteilhaus f\u00fcr Gruna werden. Foto: M. Rietschel Mit etwas Verz\u00f6gerung haben&hellip;\n","protected":false},"author":2,"featured_media":1132537,"comment_status":"","ping_status":"","sticky":false,"template":"","format":"standard","meta":{"footnotes":"","_share_on_mastodon":"0"},"categories":[1835],"tags":[238492,3364,29,2386,30,189888,859],"class_list":["post-1132536","post","type-post","status-publish","format-standard","has-post-thumbnail","category-dresden","tag-akazienhof","tag-de","tag-deutschland","tag-dresden","tag-germany","tag-gruna","tag-sachsen"],"share_on_mastodon":{"url":"https:\/\/pubeurope.com\/@de\/116838595954072566","error":""},"_links":{"self":[{"href":"https:\/\/www.europesays.com\/de\/wp-json\/wp\/v2\/posts\/1132536","targetHints":{"allow":["GET"]}}],"collection":[{"href":"https:\/\/www.europesays.com\/de\/wp-json\/wp\/v2\/posts"}],"about":[{"href":"https:\/\/www.europesays.com\/de\/wp-json\/wp\/v2\/types\/post"}],"author":[{"embeddable":true,"href":"https:\/\/www.europesays.com\/de\/wp-json\/wp\/v2\/users\/2"}],"replies":[{"embeddable":true,"href":"https:\/\/www.europesays.com\/de\/wp-json\/wp\/v2\/comments?post=1132536"}],"version-history":[{"count":0,"href":"https:\/\/www.europesays.com\/de\/wp-json\/wp\/v2\/posts\/1132536\/revisions"}],"wp:featuredmedia":[{"embeddable":true,"href":"https:\/\/www.europesays.com\/de\/wp-json\/wp\/v2\/media\/1132537"}],"wp:attachment":[{"href":"https:\/\/www.europesays.com\/de\/wp-json\/wp\/v2\/media?parent=1132536"}],"wp:term":[{"taxonomy":"category","embeddable":true,"href":"https:\/\/www.europesays.com\/de\/wp-json\/wp\/v2\/categories?post=1132536"},{"taxonomy":"post_tag","embeddable":true,"href":"https:\/\/www.europesays.com\/de\/wp-json\/wp\/v2\/tags?post=1132536"}],"curies":[{"name":"wp","href":"https:\/\/api.w.org\/{rel}","templated":true}]}}