{"id":1132554,"date":"2026-06-30T10:40:15","date_gmt":"2026-06-30T10:40:15","guid":{"rendered":"https:\/\/www.europesays.com\/de\/1132554\/"},"modified":"2026-06-30T10:40:15","modified_gmt":"2026-06-30T10:40:15","slug":"duesseldorf-der-huettenhof-in-kalkum-soll-zum-wohnhaus-werden","status":"publish","type":"post","link":"https:\/\/www.europesays.com\/de\/1132554\/","title":{"rendered":"D\u00fcsseldorf: Der H\u00fcttenhof in Kalkum soll zum Wohnhaus werden"},"content":{"rendered":"<p class=\"text_ohne_einzug richtext text-em-55 !leading-serif mx-6 desktop:mx-0\"> Seit Jahrzehnten wird die ehemalige Hofstelle Am H\u00fcttenhof 7 nicht mehr landwirtschaftlich genutzt und seit vielen Jahren stehen die historischen Geb\u00e4ude leer. B\u00fcrger und Politiker bef\u00fcrchten deshalb, dass die denkmalgesch\u00fctzte Anlage verf\u00e4llt und dann abgerissen wird. Das soll aber nicht erfolgen, wie Peter Thunnissen, seit einigen Jahren der Besitzer der Hofanlage, auf Anfrage betont. \u201eMit der Planung haben wir das im Bereich Revitalisierung denkmalgesch\u00fctzter baulicher Anlagen sehr renommierte Architekturb\u00fcro Professor Anderhalten aus Berlin beauftragt. Dieser versucht seit nunmehr f\u00fcnf Jahren, eine Baugenehmigung zu erhalten, st\u00f6\u00dft jedoch immer wieder auf neue Bedenkentr\u00e4ger, obwohl wir inzwischen in allen Bereichen den W\u00fcnschen der Denkmalbeh\u00f6rde gefolgt sind\u201c, sagt Thunnissen. Er ist im Dorf kein Unbekannter, war er doch einige Zeit der Eigent\u00fcmer von Schloss Kalkum.<\/p>\n<p class=\"richtext text-em-55 !leading-serif mx-6 desktop:mx-0\">Die Pl\u00e4ne f\u00fcr den H\u00fcttenhof sehen 13 Wohneinheiten mit jeweils hofseitiger, \u00fcberwiegend ebenerdiger Erschlie\u00dfung vor. Der Innenhof wird verkehrsfrei gehalten und soll den dort lebenden Familien als Gemeinschaftsbereich dienen. Der ruhende Verkehr wird vollst\u00e4ndig unterhalb des zentralen Wirtschaftshofes in einer nat\u00fcrlich bel\u00fcfteten Tiefgarage untergebracht. An der n\u00f6rdlichen Geb\u00e4udeseite sollen die geplanten Terrassen aufgest\u00e4ndert errichtet werden, damit bei einer m\u00f6glichen \u00dcberflutung der Fl\u00e4chen das Wasser abflie\u00dfen kann.<\/p>\n<p class=\"richtext text-em-55 !leading-serif mx-6 desktop:mx-0\">Zuletzt hat sich Ende Juni der Beirat bei der Unteren Naturschutzbeh\u00f6rde mit dem Objekt befasst. Er m\u00f6chte, dass noch vor Abriss- und Baubeginn drei Schleiereulennistk\u00e4sten fachgerecht an geeigneten Stellen der Hofanlage aufgeh\u00e4ngt werden. Denn ein artenschutzrechtliches Gutachten hat in den ungenutzten Geb\u00e4udeteilen einen Brutplatz der Schleiereule festgestellt. Die Nistk\u00e4sten sollen als vorgezogene Ausgleichsma\u00dfnahme f\u00fcr den Wegfall des Brutplatzes dienen.<\/p>\n<p class=\"richtext text-em-55 !leading-serif mx-6 desktop:mx-0\">Beim H\u00fcttenhof im Kalkumer Ortsteil Zeppenheim handelt es sich um eine vierfl\u00fcgelige Hofanlage mit repr\u00e4sentativem Wohnhaus und parkartigem Garten. Die Geschichte der Anlage l\u00e4sst sich bis in das Jahr 1419 zur\u00fcckverfolgen. Die Geb\u00e4ude wurden immer wieder zerst\u00f6rt. 1913 wurde das stattliche Wohnhaus errichtet. 1949 wurde der landwirtschaftliche Betrieb eingestellt, Teile der Wirtschaftsgeb\u00e4ude wurden zu Wohnzwecken umgebaut. 1996 wurde die Anlage in die Liste der denkmalgesch\u00fctzten H\u00e4user D\u00fcsseldorfs aufgenommen. \u201eDie Anlage insgesamt ist in einem qualitativ minderwertigen Zustand\u201c, hei\u00dft es in der Vorlage der Naturschutzbeh\u00f6rde.<\/p>\n","protected":false},"excerpt":{"rendered":"Seit Jahrzehnten wird die ehemalige Hofstelle Am H\u00fcttenhof 7 nicht mehr landwirtschaftlich genutzt und seit vielen Jahren stehen&hellip;\n","protected":false},"author":2,"featured_media":1132555,"comment_status":"","ping_status":"","sticky":false,"template":"","format":"standard","meta":{"footnotes":"","_share_on_mastodon":"0"},"categories":[1831],"tags":[2164,3364,235010,110806,29,203932,3405,3769,30,139226,238501,15030,42999,1209,238502,16007],"class_list":["post-1132554","post","type-post","status-publish","format-standard","has-post-thumbnail","category-duesseldorf","tag-anlage","tag-de","tag-denkmalgeschuetzte","tag-denkmalgeschuetzter","tag-deutschland","tag-dienen","tag-duesseldorf","tag-eigentuemer","tag-germany","tag-hofanlage","tag-huettenhof","tag-kalkum","tag-naturschutzbehoerde","tag-nordrhein-westfalen","tag-thunnissen","tag-wohnhaus"],"share_on_mastodon":{"url":"https:\/\/pubeurope.com\/@de\/116838637766187017","error":""},"_links":{"self":[{"href":"https:\/\/www.europesays.com\/de\/wp-json\/wp\/v2\/posts\/1132554","targetHints":{"allow":["GET"]}}],"collection":[{"href":"https:\/\/www.europesays.com\/de\/wp-json\/wp\/v2\/posts"}],"about":[{"href":"https:\/\/www.europesays.com\/de\/wp-json\/wp\/v2\/types\/post"}],"author":[{"embeddable":true,"href":"https:\/\/www.europesays.com\/de\/wp-json\/wp\/v2\/users\/2"}],"replies":[{"embeddable":true,"href":"https:\/\/www.europesays.com\/de\/wp-json\/wp\/v2\/comments?post=1132554"}],"version-history":[{"count":0,"href":"https:\/\/www.europesays.com\/de\/wp-json\/wp\/v2\/posts\/1132554\/revisions"}],"wp:featuredmedia":[{"embeddable":true,"href":"https:\/\/www.europesays.com\/de\/wp-json\/wp\/v2\/media\/1132555"}],"wp:attachment":[{"href":"https:\/\/www.europesays.com\/de\/wp-json\/wp\/v2\/media?parent=1132554"}],"wp:term":[{"taxonomy":"category","embeddable":true,"href":"https:\/\/www.europesays.com\/de\/wp-json\/wp\/v2\/categories?post=1132554"},{"taxonomy":"post_tag","embeddable":true,"href":"https:\/\/www.europesays.com\/de\/wp-json\/wp\/v2\/tags?post=1132554"}],"curies":[{"name":"wp","href":"https:\/\/api.w.org\/{rel}","templated":true}]}}