{"id":1132634,"date":"2026-06-30T11:33:18","date_gmt":"2026-06-30T11:33:18","guid":{"rendered":"https:\/\/www.europesays.com\/de\/1132634\/"},"modified":"2026-06-30T11:33:18","modified_gmt":"2026-06-30T11:33:18","slug":"lateinamerikanisches-kulturfest-in-wuppertal-ein-stueck-zu-hause-in-der-neuen-heimat-blickfeld","status":"publish","type":"post","link":"https:\/\/www.europesays.com\/de\/1132634\/","title":{"rendered":"Lateinamerikanisches Kulturfest in Wuppertal: Ein St\u00fcck zu Hause in der neuen Heimat &#8211; blickfeld"},"content":{"rendered":"<p class=\"wp-block-paragraph\"><strong>Paula<\/strong> ist vor sechs Jahren aus <strong>Spanien <\/strong>nach Deutschland gekommen \u2013 zuerst als <strong>Erasmus-Studentin <\/strong>und sp\u00e4ter, nach ihrem Bachelor-Abschluss in ihrer Heimat, als <strong>Master-Studentin<\/strong> im <strong>Fach Chemie<\/strong>. Die Absolventin, die zwischenzeitlich als <strong>Regulatory Affairs Specialist<\/strong> ins Berufsleben gestartet ist, lernte <strong>Sherilyn <\/strong>w\u00e4hrend des Studiums an der Bergischen Universit\u00e4t kennengelernt. \u201eWir haben uns auf Veranstaltungen des <strong>International Students Team<\/strong> kennengelernt, in dem Sherilyn aktiv war\u201c, so Paula. <strong>Sherilyn <\/strong>stammt aus <strong>Mexiko<\/strong>, lebt seit sieben Jahren in Wuppertal und hat erfolgreich den <strong>Master-Studiengang Qualit\u00e4ts- und Zuverl\u00e4ssigkeitsingenieurwesen<\/strong> absolviert und arbeitet nun als <strong>Supplier Quality Manager<\/strong>.<\/p>\n<p class=\"wp-block-paragraph\">\u201eSchon w\u00e4hrend des Studiums haben wir gemerkt, wie gro\u00df die hiesige <strong>Latino-Community<\/strong> ist, zu der auch aus <strong>Spanien <\/strong>stammende Wuppertaler z\u00e4hlen\u201c, erkl\u00e4rt <strong>Sherilyn<\/strong>. Diese sei mittlerweile \u00fcber <strong>WhatsApp<\/strong> miteinander vernetzt. Nun soll sie in Wuppertal auch sichtbar werden \u2013 und zwar f\u00fcr alle Wuppertaler:innen, wie beide betonen: \u201eDie <strong>Gemeinschaft <\/strong>mit ihren <strong>vielen Nationalit\u00e4ten und Kulturen<\/strong> hat viel zu bieten und das werden wir beim ersten <strong>lateinamerikanischen Kulturfest<\/strong> in unserer Stadt zeigen.\u201c<\/p>\n<p>Live-Musik-Bands, kulinarische Abwechslung, Tanzgruppen und -workshops<\/p>\n<p class=\"wp-block-paragraph\">\u00c4hnlich wie aus einer \u00fcberschaubaren Party ein gro\u00dfes Fest geworden ist, wuchs auch das <strong>Programm<\/strong>. \u201e\u00dcber private Kontakte, Facebook-Gruppen und andere Kan\u00e4le haben wir rumgefragt, wer etwas beitragen und unterst\u00fctzen kann\u201c, so Sherilyn. Gemeldet haben sich <strong>Tanzgruppen, Live-Musik-Bands und Gastronomen<\/strong> mit einem vielf\u00e4ltigen Angebot. \u201eSogar einen Salsa-Tanzworkshop wird es geben\u201c, betont <strong>Paula<\/strong>, die mit Sherilyn zum vierk\u00f6pfigen <strong>Orga-Kernteam<\/strong> geh\u00f6rt, dessen erweiterter Kreis derzeit zw\u00f6lf Personen umfasst. Kulinarisch wird es <strong>mexikanische, chilenische und ecuadorianische Speisen<\/strong> geben. \u201eDazu <strong>Kaffee und Schokolade aus Kolumbien<\/strong> sowie <strong>exklusiver Tequila<\/strong> aus Mexiko\u201c, so Sherilyn.<\/p>\n<p class=\"wp-block-paragraph\">Parallel treiben Paula und Luis die Gr\u00fcndung eines Vereins voran. \u201eDer Name wird <strong>Minga Kultur <\/strong>lauten. Minga beschreibt in Chile eine Form der gemeinschaftlichen, freiwilligen <strong>Nachbarschaftshilfe <\/strong>beziehungsweise <strong>Solidarit\u00e4tsarbeit<\/strong>\u201c, so Paula. Die Gr\u00fcndungsversammlung findet in zwei Wochen statt. Danach sollen <strong>weitere Projekte<\/strong> folgen. \u201eWuppertal ist unsere <strong>Heimat <\/strong>und nun bringen wir ein St\u00fcck <strong>Zuhause<\/strong> mit\u201c, fassen beide zusammen. \u00bb<a href=\"https:\/\/www.blickfeld-wuppertal.de\/ueber-uns\/blickfeld-redaktion\" rel=\"nofollow noopener\" target=\"_blank\">mw<\/a>\u00ab<\/p>\n<p>Lateinamerikanisches Kulturfest in Wuppertal<\/p>\n<ul class=\"wp-block-list\">\n<li><strong>Termin:<\/strong> 11. Juli 2026 von 16 bis 24 Uhr (<strong>Eintritt:<\/strong> frei)<\/li>\n<li><strong>Ort:<\/strong> Alte Feuerwache Wuppertal, Gathe 6, 42107 Wuppertal<\/li>\n<li><strong>Instagram:<\/strong> <a href=\"https:\/\/www.instagram.com\/wuppertallatino\/\" target=\"_blank\" rel=\"noreferrer noopener nofollow\">@wuppertallatino<\/a><\/li>\n<\/ul>\n<p class=\"wp-block-paragraph\"><strong>Programm\u00fcbersicht:<\/strong><\/p>\n<ul class=\"wp-block-list\">\n<li><strong>16:00 Uhr:<\/strong> Einlass &amp; Begr\u00fc\u00dfung<\/li>\n<li><strong>16:15 Uhr:<\/strong> Poesia oral mit Beatriz<\/li>\n<li><strong>16:20 Uhr: <\/strong>Pi\u00f1atas schlagen f\u00fcr Gro\u00df und Klein<\/li>\n<li><strong>16:50 Uhr: <\/strong>Diablo Andino: Ecuadorianische Lebensfreunde<\/li>\n<li><strong>17:10 Uhr:<\/strong> Capoeria: Bewegung &amp; Rhythmus aus Brasilien<\/li>\n<li><strong>17:30 Uhr:<\/strong> Amigos Folklore de Bolivia: Bolivien voller Tradition<\/li>\n<li><strong>17:50 Uhr:<\/strong> Viva Mexico: Rhythmen und frohe Farben aus Mexiko<\/li>\n<li><strong>18:10 Uhr:<\/strong> Transworkshop \u2013 Salsa<\/li>\n<li><strong>19:00 Uhr:<\/strong> Live-Latino Musik<\/li>\n<li><strong>21:00 Uhr:<\/strong> Abschluss &amp; Ausklang \u2013 DJ Eric<\/li>\n<\/ul>\n<p>\t\t\t<script async src=\"\/\/www.instagram.com\/embed.js\"><\/script><\/p>\n","protected":false},"excerpt":{"rendered":"Paula ist vor sechs Jahren aus Spanien nach Deutschland gekommen \u2013 zuerst als Erasmus-Studentin und sp\u00e4ter, nach ihrem&hellip;\n","protected":false},"author":2,"featured_media":1132635,"comment_status":"","ping_status":"","sticky":false,"template":"","format":"standard","meta":{"footnotes":"","_share_on_mastodon":"0"},"categories":[1840],"tags":[38811,3364,29,30,984,238513,35334,1209,4418],"class_list":["post-1132634","post","type-post","status-publish","format-standard","has-post-thumbnail","category-wuppertal","tag-alte-feuerwache","tag-de","tag-deutschland","tag-germany","tag-international","tag-international-students-team","tag-mw","tag-nordrhein-westfalen","tag-wuppertal"],"share_on_mastodon":{"url":"https:\/\/pubeurope.com\/@de\/116838846264237444","error":""},"_links":{"self":[{"href":"https:\/\/www.europesays.com\/de\/wp-json\/wp\/v2\/posts\/1132634","targetHints":{"allow":["GET"]}}],"collection":[{"href":"https:\/\/www.europesays.com\/de\/wp-json\/wp\/v2\/posts"}],"about":[{"href":"https:\/\/www.europesays.com\/de\/wp-json\/wp\/v2\/types\/post"}],"author":[{"embeddable":true,"href":"https:\/\/www.europesays.com\/de\/wp-json\/wp\/v2\/users\/2"}],"replies":[{"embeddable":true,"href":"https:\/\/www.europesays.com\/de\/wp-json\/wp\/v2\/comments?post=1132634"}],"version-history":[{"count":0,"href":"https:\/\/www.europesays.com\/de\/wp-json\/wp\/v2\/posts\/1132634\/revisions"}],"wp:featuredmedia":[{"embeddable":true,"href":"https:\/\/www.europesays.com\/de\/wp-json\/wp\/v2\/media\/1132635"}],"wp:attachment":[{"href":"https:\/\/www.europesays.com\/de\/wp-json\/wp\/v2\/media?parent=1132634"}],"wp:term":[{"taxonomy":"category","embeddable":true,"href":"https:\/\/www.europesays.com\/de\/wp-json\/wp\/v2\/categories?post=1132634"},{"taxonomy":"post_tag","embeddable":true,"href":"https:\/\/www.europesays.com\/de\/wp-json\/wp\/v2\/tags?post=1132634"}],"curies":[{"name":"wp","href":"https:\/\/api.w.org\/{rel}","templated":true}]}}