{"id":1132657,"date":"2026-06-30T11:45:18","date_gmt":"2026-06-30T11:45:18","guid":{"rendered":"https:\/\/www.europesays.com\/de\/1132657\/"},"modified":"2026-06-30T11:45:18","modified_gmt":"2026-06-30T11:45:18","slug":"explosion-in-monaco-trifft-ukrainischen-unternehmer-staatsanwalt-ermittelt-wegen-mordversuchs","status":"publish","type":"post","link":"https:\/\/www.europesays.com\/de\/1132657\/","title":{"rendered":"Explosion in Monaco trifft ukrainischen Unternehmer: Staatsanwalt ermittelt wegen Mordversuchs"},"content":{"rendered":"<p class=\"tspBXm2 tspBXm3\">Nach der Explosion einer Paketbombe in Monaco, bei der ein aus der Ukraine stammender Oligarch schwer verletzt wurde, hat die Staatsanwaltschaft in dem F\u00fcrstentum Ermittlungen wegen Mordversuchs aufgenommen. Es gebe keine Hinweise auf einen Terroranschlag, sagte Staatsanwalt St\u00e9phane Thibault am Dienstag in Monaco. Er \u00e4u\u00dferte sich nicht zur Identit\u00e4t der drei Opfer.\u00a0<\/p>\n<p class=\"tspBXm2\">Mehreren Quellen zufolge handelt es sich um den Gesch\u00e4ftsmann Wadym Jermolajew, der aus der Ukraine stammt und sp\u00e4ter die Staatsb\u00fcrgerschaft Zyperns angenommen hat, sowie seine Frau und den 13 Jahre alten Sohn des Paares.<\/p>\n<p class=\"tspBXm2\">Die beiden Erwachsenen seien schwer verletzt worden, die Frau schwebe weiter in Lebensgefahr, der Mann aber nicht mehr, sagte der Staatsanwalt. Der Jugendliche sei in der Nacht operiert worden.\u00a0<\/p>\n<p> Offenbar ein Einzelt\u00e4ter <\/p>\n<p class=\"tspBXm2\">An der Suche nach dem T\u00e4ter seien auch franz\u00f6sische Sicherheitskr\u00e4fte beteiligt, sagte\u00a0Thibault. Nach ersten Ermittlungen handle es sich um einen Einzelt\u00e4ter, der ein Paket im Eingang des Wohnhauses abgelegt habe. Kurz nachdem die drei Bewohner an der T\u00fcr erschienen seien, sei ein Sprengsatz detoniert. Es gebe zwei weitere Verletzte, die von Splittern durch berstende Schaufensterscheiben getroffen worden seien, sagte der Staatsanwalt.\u00a0<\/p>\n<blockquote class=\"tspCLpf\">\n<p>Ein Ereignis dieser Art hat sich im F\u00fcrstentum noch nie ereignet.<\/p>\n<\/blockquote>\n<p class=\"tspCLpg\"><strong>Christophe Mirmand,<\/strong> monegassischer Staatsminister<\/p>\n<p class=\"tspBXm2\">Er sei mit der franz\u00f6sischen Antiterror-Staatsanwaltschaft in Kontakt, die ihre Dienste angeboten habe, sagte der Staatsanwalt weiter. Es werde noch gepr\u00fcft, ob diese ben\u00f6tigt w\u00fcrden.<\/p>\n<p class=\"tspBXm2\">Der schwer verletzte Mann habe seit mindestens 2021 einen Wohnsitz in Monaco. Er werde nicht von einer ausl\u00e4ndischen Beh\u00f6rde gesucht, sagte der Staatsanwaltschaft.\u00a0<\/p>\n<p> Verd\u00e4chtiger auf der Flucht <\/p>\n<p class=\"tspBXm2\">Wie der monegassische Staatsminister Christophe Mirmand dem franz\u00f6sischen Sender BFMTV sagte, soll sich die Explosion am Montagabend gegen 21.00 Uhr ereignet haben. \u201eEin Ereignis dieser Art hat sich im F\u00fcrstentum noch nie ereignet\u201c, f\u00fcgte der Regierungschef hinzu.<\/p>\n<p class=\"tspBXm2\">Das betroffene Geb\u00e4ude befindet sich Mirmand zufolge an einem Platz nahe der Grenze zu Frankreich. Der Verd\u00e4chtige soll demnach zu Fu\u00df in Richtung der franz\u00f6sischen Stadt Beausoleil gelaufen sein.<\/p>\n<p class=\"tspBXm2\">Zahlreiche Rettungskr\u00e4fte seien am Abend vor Ort gewesen, berichtete \u201eMonaco-Matin\u201c. Mirmand sprach von etwa 50 Feuerwehrleuten und mehr als 80 Beamten vor Ort. Auch franz\u00f6sische Rettungskr\u00e4fte trafen nach Angaben aus Kreisen von Frankreichs Innenministerium als Verst\u00e4rkung ein. Es sei zudem eine polizeiliche Zusammenarbeit eingerichtet worden, um den fl\u00fcchtigen T\u00e4ter aufzusp\u00fcren.<\/p>\n<p> F\u00fcrst Albert II.: \u201eSchock\u201c f\u00fcr Monaco <\/p>\n<p class=\"tspBXm2\">F\u00fcrst Albert II. von Monaco schrieb in einer Mitteilung in der Nacht, dass die \u201ekriminelle Explosion\u201c einen \u201eSchock f\u00fcr die gesamte monegassische Gemeinschaft\u201c darstelle. Alle zust\u00e4ndigen staatlichen Dienste seien derzeit mobilisiert, in enger Zusammenarbeit mit den franz\u00f6sischen Beh\u00f6rden. \u201eWir vertrauen darauf, dass sie die Umst\u00e4nde dieser Trag\u00f6die so schnell wie m\u00f6glich aufkl\u00e4ren, die Verantwortlichen identifizieren und auf allen Ebenen die notwendigen Antworten liefern werden\u201c, hie\u00df es.\u00a0<\/p>\n<p>Lesen Sie auch<a href=\"https:\/\/www.tagesspiegel.de\/internationales\/geschutzt-mit-anti-drohnen-netzen-putins-luxus-jacht-samt-kriegsschiff-eskorte-in-der-ostsee-gesichtet-15777010.html?icid=topic-list_15775651___\" data-gtm-class=\"article-mzt-link\" data-hydrate-fingerprint=\"09740a54944caac75fd2c0c63fd5c5df\" data-hydrate-props=\"{&amp;escapedquot;element&amp;escapedquot;:{&amp;escapedquot;type&amp;escapedquot;:&amp;escapedquot;relatedContent&amp;escapedquot;,&amp;escapedquot;fieldMap&amp;escapedquot;:{},&amp;escapedquot;relation&amp;escapedquot;:{&amp;escapedquot;fields&amp;escapedquot;:{&amp;escapedquot;isPaid&amp;escapedquot;:null},&amp;escapedquot;href&amp;escapedquot;:&amp;escapedquot;\/internationales\/geschutzt-mit-anti-drohnen-netzen-putins-luxus-jacht-samt-kriegsschiff-eskorte-in-der-ostsee-gesichtet-15777010.html&amp;escapedquot;,&amp;escapedquot;teaserTitle&amp;escapedquot;:{&amp;escapedquot;kicker&amp;escapedquot;:&amp;escapedquot;Gesch\u00fctzt mit Anti-Drohnen-Netzen&amp;escapedquot;,&amp;escapedquot;headline&amp;escapedquot;:&amp;escapedquot;Putins Luxus-Jacht samt Kriegsschiff-Eskorte in der Ostsee gesichtet&amp;escapedquot;},&amp;escapedquot;id&amp;escapedquot;:&amp;escapedquot;15777010&amp;escapedquot;,&amp;escapedquot;type&amp;escapedquot;:&amp;escapedquot;story&amp;escapedquot;},&amp;escapedquot;isPartOfList&amp;escapedquot;:true,&amp;escapedquot;topicListType&amp;escapedquot;:&amp;escapedquot;topic-list&amp;escapedquot;},&amp;escapedquot;showArrow&amp;escapedquot;:true}\" data-hydrate-slots=\"{&#039;default&#039;:[]}\" class=\"tspC0qm tspC1qt\" rel=\"nofollow noopener\" target=\"_blank\">Gesch\u00fctzt mit Anti-Drohnen-Netzen Putins Luxus-Jacht samt Kriegsschiff-Eskorte in der Ostsee gesichtet <\/a><a href=\"https:\/\/www.tagesspiegel.de\/gesellschaft\/panorama\/es-ging-wohl-um-einen-sorgerechtsstreit-mann-in-stade-totet-sechs-menschen--was-bisher-bekannt-ist-15773451.html?icid=topic-list_15775651___\" data-gtm-class=\"article-mzt-link\" data-hydrate-fingerprint=\"09740a54944caac75fd2c0c63fd5c5df\" data-hydrate-props=\"{&amp;escapedquot;element&amp;escapedquot;:{&amp;escapedquot;type&amp;escapedquot;:&amp;escapedquot;relatedContent&amp;escapedquot;,&amp;escapedquot;fieldMap&amp;escapedquot;:{},&amp;escapedquot;relation&amp;escapedquot;:{&amp;escapedquot;fields&amp;escapedquot;:{&amp;escapedquot;isPaid&amp;escapedquot;:null},&amp;escapedquot;href&amp;escapedquot;:&amp;escapedquot;\/gesellschaft\/panorama\/es-ging-wohl-um-einen-sorgerechtsstreit-mann-in-stade-totet-sechs-menschen--was-bisher-bekannt-ist-15773451.html&amp;escapedquot;,&amp;escapedquot;teaserTitle&amp;escapedquot;:{&amp;escapedquot;kicker&amp;escapedquot;:&amp;escapedquot;Es ging wohl um einen Sorgerechtsstreit&amp;escapedquot;,&amp;escapedquot;headline&amp;escapedquot;:&amp;escapedquot;Mann in Stade t\u00f6tet sechs Menschen\u00a0\u2013 was bisher bekannt ist&amp;escapedquot;},&amp;escapedquot;id&amp;escapedquot;:&amp;escapedquot;15773451&amp;escapedquot;,&amp;escapedquot;type&amp;escapedquot;:&amp;escapedquot;story&amp;escapedquot;},&amp;escapedquot;isPartOfList&amp;escapedquot;:true,&amp;escapedquot;topicListType&amp;escapedquot;:&amp;escapedquot;topic-list&amp;escapedquot;},&amp;escapedquot;showArrow&amp;escapedquot;:true}\" data-hydrate-slots=\"{&#039;default&#039;:[]}\" class=\"tspC0qm tspC1qt\" rel=\"nofollow noopener\" target=\"_blank\">Es ging wohl um einen Sorgerechtsstreit Mann in Stade t\u00f6tet sechs Menschen\u00a0\u2013 was bisher bekannt ist <\/a><a href=\"https:\/\/www.tagesspiegel.de\/gesellschaft\/panorama\/hitzewelle-in-frankreich-zwillinge-starben-zu-hause-an-wassermangel-15775432.html?icid=topic-list_15775651___\" data-gtm-class=\"article-mzt-link\" data-hydrate-fingerprint=\"09740a54944caac75fd2c0c63fd5c5df\" data-hydrate-props=\"{&amp;escapedquot;element&amp;escapedquot;:{&amp;escapedquot;type&amp;escapedquot;:&amp;escapedquot;relatedContent&amp;escapedquot;,&amp;escapedquot;fieldMap&amp;escapedquot;:{},&amp;escapedquot;relation&amp;escapedquot;:{&amp;escapedquot;fields&amp;escapedquot;:{&amp;escapedquot;isPaid&amp;escapedquot;:null},&amp;escapedquot;href&amp;escapedquot;:&amp;escapedquot;\/gesellschaft\/panorama\/hitzewelle-in-frankreich-zwillinge-starben-zu-hause-an-wassermangel-15775432.html&amp;escapedquot;,&amp;escapedquot;teaserTitle&amp;escapedquot;:{&amp;escapedquot;kicker&amp;escapedquot;:&amp;escapedquot;Hitzewelle in Frankreich&amp;escapedquot;,&amp;escapedquot;headline&amp;escapedquot;:&amp;escapedquot;Zwillinge starben zu Hause an Wassermangel&amp;escapedquot;},&amp;escapedquot;id&amp;escapedquot;:&amp;escapedquot;15775432&amp;escapedquot;,&amp;escapedquot;type&amp;escapedquot;:&amp;escapedquot;story&amp;escapedquot;},&amp;escapedquot;isPartOfList&amp;escapedquot;:true,&amp;escapedquot;topicListType&amp;escapedquot;:&amp;escapedquot;topic-list&amp;escapedquot;},&amp;escapedquot;showArrow&amp;escapedquot;:true}\" data-hydrate-slots=\"{&#039;default&#039;:[]}\" class=\"tspC0qm tspC1qt\" rel=\"nofollow noopener\" target=\"_blank\">Hitzewelle in Frankreich Zwillinge starben zu Hause an Wassermangel <\/a><\/p>\n<p class=\"tspBXm2\">Der B\u00fcrgermeister der s\u00fcdfranz\u00f6sischen Stadt Nizza, die rund 20 Kilometer von dem F\u00fcrstentum entfernt liegt, bezeichnete den Vorfall in einem Beitrag auf der Plattform X als einen \u201eAnschlag\u201c. Es sei eine \u201eTrag\u00f6die, die Monaco ersch\u00fcttert\u201c, schrieb \u00c9ric Ciotti. Er bekundete volle Unterst\u00fctzung f\u00fcr die Sicherheits- und Rettungskr\u00e4fte, die im Einsatz seien. (dpa)<\/p>\n","protected":false},"excerpt":{"rendered":"Nach der Explosion einer Paketbombe in Monaco, bei der ein aus der Ukraine stammender Oligarch schwer verletzt wurde,&hellip;\n","protected":false},"author":2,"featured_media":1132658,"comment_status":"","ping_status":"","sticky":false,"template":"","format":"standard","meta":{"footnotes":"","_share_on_mastodon":"0"},"categories":[5],"tags":[331,332,3364,29,156,30,13,1635,14,15,12,317,1033],"class_list":["post-1132657","post","type-post","status-publish","format-standard","has-post-thumbnail","category-nachrichten","tag-aktuelle-nachrichten","tag-aktuelle-news","tag-de","tag-deutschland","tag-frankreich","tag-germany","tag-headlines","tag-jugend","tag-nachrichten","tag-news","tag-schlagzeilen","tag-ukraine","tag-zypern"],"share_on_mastodon":{"url":"https:\/\/pubeurope.com\/@de\/116838893358302243","error":""},"_links":{"self":[{"href":"https:\/\/www.europesays.com\/de\/wp-json\/wp\/v2\/posts\/1132657","targetHints":{"allow":["GET"]}}],"collection":[{"href":"https:\/\/www.europesays.com\/de\/wp-json\/wp\/v2\/posts"}],"about":[{"href":"https:\/\/www.europesays.com\/de\/wp-json\/wp\/v2\/types\/post"}],"author":[{"embeddable":true,"href":"https:\/\/www.europesays.com\/de\/wp-json\/wp\/v2\/users\/2"}],"replies":[{"embeddable":true,"href":"https:\/\/www.europesays.com\/de\/wp-json\/wp\/v2\/comments?post=1132657"}],"version-history":[{"count":0,"href":"https:\/\/www.europesays.com\/de\/wp-json\/wp\/v2\/posts\/1132657\/revisions"}],"wp:featuredmedia":[{"embeddable":true,"href":"https:\/\/www.europesays.com\/de\/wp-json\/wp\/v2\/media\/1132658"}],"wp:attachment":[{"href":"https:\/\/www.europesays.com\/de\/wp-json\/wp\/v2\/media?parent=1132657"}],"wp:term":[{"taxonomy":"category","embeddable":true,"href":"https:\/\/www.europesays.com\/de\/wp-json\/wp\/v2\/categories?post=1132657"},{"taxonomy":"post_tag","embeddable":true,"href":"https:\/\/www.europesays.com\/de\/wp-json\/wp\/v2\/tags?post=1132657"}],"curies":[{"name":"wp","href":"https:\/\/api.w.org\/{rel}","templated":true}]}}