{"id":1132700,"date":"2026-06-30T12:09:12","date_gmt":"2026-06-30T12:09:12","guid":{"rendered":"https:\/\/www.europesays.com\/de\/1132700\/"},"modified":"2026-06-30T12:09:12","modified_gmt":"2026-06-30T12:09:12","slug":"marga-von-etzdorf-platz-die-zentrale-veranstaltungsflaeche-fuer-den-neckarpark","status":"publish","type":"post","link":"https:\/\/www.europesays.com\/de\/1132700\/","title":{"rendered":"Marga-von-Etzdorf-Platz: Die zentrale Veranstaltungs\u00adfl\u00e4che f\u00fcr den NeckarPark"},"content":{"rendered":"<p>Der Marga-von-Etzdorf-Platz ist ein zentraler Platz des Stadtquartiers NeckarPark: Er dient als Veranstaltungsfl\u00e4che, als \u00f6ffentlicher Aufenthaltsort sowie als notwendiger Rettungsweg zur Erreichbarkeit der angrenzenden Sport- und Veranstaltungsst\u00e4tten. Diese Anforderungen pr\u00e4gen Konzept und Gestaltung des Platzes. In der \u00f6ffentlichen Diskussion \u00fcber den Platz wird derzeit der Eindruck vermittelt, bei der Planung seien Aspekte des Hitzeschutzes nicht ber\u00fccksichtigt worden. Das war im Ausschuss f\u00fcr St\u00e4dtebau und Technik am Dienstag, 30. Juni, ein gro\u00dfes Thema.<\/p>\n<p>\u201eDer Marga-von-Etzdorf-Platz ist Teil eines durchdachten st\u00e4dtebaulichen Gesamtkonzepts, das urbane Nutzungen, Freiraumqualit\u00e4t und Klimaanpassung miteinander verbindet\u201c, betonte Peter P\u00e4tzold, B\u00fcrgermeister f\u00fcr St\u00e4dtebau, Wohnen und Umwelt. \u201eWeder sind hier wichtige Aspekte vergessen worden, noch findet man dort eine Steinw\u00fcste vor.\u201c Heute r\u00fccke man die Herausforderungen des Klimawandels noch st\u00e4rker in den Fokus als zum Zeitpunkt der Planung. Bestehende Freir\u00e4ume w\u00fcrden darum kontinuierlich weiterentwickelt und zus\u00e4tzliche Ma\u00dfnahmen etwa zur Verschattung gepr\u00fcft.<\/p>\n","protected":false},"excerpt":{"rendered":"Der Marga-von-Etzdorf-Platz ist ein zentraler Platz des Stadtquartiers NeckarPark: Er dient als Veranstaltungsfl\u00e4che, als \u00f6ffentlicher Aufenthaltsort sowie als&hellip;\n","protected":false},"author":2,"featured_media":4018,"comment_status":"","ping_status":"","sticky":false,"template":"","format":"standard","meta":{"footnotes":"","_share_on_mastodon":"0"},"categories":[1830],"tags":[11421,1634,7067,3364,29,30,25539,1548,238528,1441,68492],"class_list":["post-1132700","post","type-post","status-publish","format-standard","has-post-thumbnail","category-stuttgart","tag-bad-cannstatt","tag-baden-wuerttemberg","tag-betonwueste","tag-de","tag-deutschland","tag-germany","tag-klimaanpassung","tag-klimaschutz","tag-steinwueste","tag-stuttgart","tag-versickerung"],"share_on_mastodon":{"url":"https:\/\/pubeurope.com\/@de\/116838987709521018","error":""},"_links":{"self":[{"href":"https:\/\/www.europesays.com\/de\/wp-json\/wp\/v2\/posts\/1132700","targetHints":{"allow":["GET"]}}],"collection":[{"href":"https:\/\/www.europesays.com\/de\/wp-json\/wp\/v2\/posts"}],"about":[{"href":"https:\/\/www.europesays.com\/de\/wp-json\/wp\/v2\/types\/post"}],"author":[{"embeddable":true,"href":"https:\/\/www.europesays.com\/de\/wp-json\/wp\/v2\/users\/2"}],"replies":[{"embeddable":true,"href":"https:\/\/www.europesays.com\/de\/wp-json\/wp\/v2\/comments?post=1132700"}],"version-history":[{"count":0,"href":"https:\/\/www.europesays.com\/de\/wp-json\/wp\/v2\/posts\/1132700\/revisions"}],"wp:featuredmedia":[{"embeddable":true,"href":"https:\/\/www.europesays.com\/de\/wp-json\/wp\/v2\/media\/4018"}],"wp:attachment":[{"href":"https:\/\/www.europesays.com\/de\/wp-json\/wp\/v2\/media?parent=1132700"}],"wp:term":[{"taxonomy":"category","embeddable":true,"href":"https:\/\/www.europesays.com\/de\/wp-json\/wp\/v2\/categories?post=1132700"},{"taxonomy":"post_tag","embeddable":true,"href":"https:\/\/www.europesays.com\/de\/wp-json\/wp\/v2\/tags?post=1132700"}],"curies":[{"name":"wp","href":"https:\/\/api.w.org\/{rel}","templated":true}]}}