{"id":1132776,"date":"2026-06-30T12:52:21","date_gmt":"2026-06-30T12:52:21","guid":{"rendered":"https:\/\/www.europesays.com\/de\/1132776\/"},"modified":"2026-06-30T12:52:21","modified_gmt":"2026-06-30T12:52:21","slug":"polizeieinsatz-vermeintliche-bedrohungslage-legt-zuege-in-muenster-lahm","status":"publish","type":"post","link":"https:\/\/www.europesays.com\/de\/1132776\/","title":{"rendered":"Polizeieinsatz: Vermeintliche Bedrohungslage legt Z\u00fcge in M\u00fcnster lahm"},"content":{"rendered":"<p class=\"paragraph article__item\">Ein Polizeieinsatz wegen einer vermeintlichen Bedrohungslage in einem Zug hat den Bahnverkehr rund um <a class=\"rtr-entity\" href=\"https:\/\/www.zeit.de\/thema\/muenster\" rel=\"nofollow noopener\" target=\"_blank\">M\u00fcnster<\/a> zeitweise lahmgelegt. Letztlich habe die Polizei aber keine Hinweise gefunden, dass in dem Zug aus Essen tats\u00e4chlich eine Gefahr bestanden habe, sagte ein Sprecher der Bundespolizei.\n<\/p>\n<p>Aktuelles<\/p>\n<p>                <a href=\"https:\/\/www.zeit.de\/gesellschaft\/2026-06\/konstanz-bedrohungslage-sperrung-bahnhof-flohmarkt-gxe\" data-ct-label=\"Konstanz: Polizei gibt nach Bombendrohung in Konstanz Entwarnung\" data-uuid=\"0db93352-c1e7-4be9-9bd5-2538e62e9b8b\" rel=\"nofollow noopener\" target=\"_blank\"><\/p>\n<p>                        Konstanz:<br \/>\n                        Polizei gibt nach Bombendrohung in Konstanz Entwarnung<\/p>\n<p>                <\/a><\/p>\n<p>                <a href=\"https:\/\/www.zeit.de\/gesellschaft\/zeitgeschehen\/2026-06\/deutsche-bahn-stoerung-digitalfunk\" data-ct-label=\"Bundesweiter Bahnausfall: Pl\u00f6tzlich standen alle Z\u00fcge still\" data-uuid=\"bc866178-2a01-4458-86af-9c26a629fa69\" rel=\"nofollow noopener\" target=\"_blank\"><\/p>\n<p>        Z+ (abopflichtiger Inhalt);<\/p>\n<p>    Bundesweiter Bahnausfall:<br \/>\n                        Pl\u00f6tzlich standen alle Z\u00fcge still<\/p>\n<p>                <\/a><\/p>\n<p>                <a href=\"https:\/\/www.zeit.de\/2026\/27\/angriff-regionalexpress-4131-zugbegleiter-serkan-calar-heidelberg-homburg\" data-ct-label=\"Angriff im Regionalexpress 4131: Serkans letzte Schicht\" data-uuid=\"20b2e20e-f2cc-4147-9ea0-e8cfdace9a11\" rel=\"nofollow noopener\" target=\"_blank\"><\/p>\n<p>        Z+ (abopflichtiger Inhalt);<\/p>\n<p>    Angriff im Regionalexpress 4131:<br \/>\n                        Serkans letzte Schicht<\/p>\n<p>                <\/a><\/p>\n<p class=\"paragraph article__item\">Ein Mann habe bei der <a class=\"rtr-entity\" href=\"https:\/\/www.zeit.de\/thema\/polizei\" rel=\"nofollow noopener\" target=\"_blank\">Polizei<\/a> angerufen und behauptet, er sitze mit einer Bombe in dem Regionalexpress aus Essen nach M\u00fcnster. Der Zug sei dann in den Hauptbahnhof M\u00fcnster geleitet und dort von vielen Einsatzkr\u00e4ften durchsucht worden. Allerdings sei keine Person gefunden worden, auf die die Beschreibung gepasst h\u00e4tte. \u00abVermutlich hat es diese Bedrohungslage nicht gegeben\u00bb, sagte der Polizeisprecher. Die knapp 50 Reisenden h\u00e4tten von dem vermeintlichen Vorfall \u00fcberhaupt nichts mitbekommen.\n<\/p>\n<p class=\"paragraph article__item\">Der Hauptbahnhof M\u00fcnster wurde f\u00fcr den Einsatz vor\u00fcbergehend gesperrt. Mehr als zehn Linien im Regionalverkehr sowie mehrere Fernz\u00fcge waren betroffen. Nachdem die Polizei Entwarnung gegeben hatte, konnten Z\u00fcge den Bahnhof wieder anfahren. Allerdings gab es noch hohe Versp\u00e4tungen, teilte die Bahn mit.\n<\/p>\n<p class=\"paragraph article__item\">\u00a9 dpa-infocom, dpa:260630-930-308923\/2<\/p>\n","protected":false},"excerpt":{"rendered":"Ein Polizeieinsatz wegen einer vermeintlichen Bedrohungslage in einem Zug hat den Bahnverkehr rund um M\u00fcnster zeitweise lahmgelegt. Letztlich&hellip;\n","protected":false},"author":2,"featured_media":1132777,"comment_status":"","ping_status":"","sticky":false,"template":"","format":"standard","meta":{"footnotes":"","_share_on_mastodon":"0"},"categories":[1843],"tags":[2227,9499,3364,29,30,8970,15,1209,121,4908],"class_list":["post-1132776","post","type-post","status-publish","format-standard","has-post-thumbnail","category-muenster","tag-bahnverkehr","tag-bedrohungslage","tag-de","tag-deutschland","tag-germany","tag-muenster","tag-news","tag-nordrhein-westfalen","tag-polizei","tag-polizeieinsatz"],"share_on_mastodon":{"url":"https:\/\/pubeurope.com\/@de\/116839156683958209","error":""},"_links":{"self":[{"href":"https:\/\/www.europesays.com\/de\/wp-json\/wp\/v2\/posts\/1132776","targetHints":{"allow":["GET"]}}],"collection":[{"href":"https:\/\/www.europesays.com\/de\/wp-json\/wp\/v2\/posts"}],"about":[{"href":"https:\/\/www.europesays.com\/de\/wp-json\/wp\/v2\/types\/post"}],"author":[{"embeddable":true,"href":"https:\/\/www.europesays.com\/de\/wp-json\/wp\/v2\/users\/2"}],"replies":[{"embeddable":true,"href":"https:\/\/www.europesays.com\/de\/wp-json\/wp\/v2\/comments?post=1132776"}],"version-history":[{"count":0,"href":"https:\/\/www.europesays.com\/de\/wp-json\/wp\/v2\/posts\/1132776\/revisions"}],"wp:featuredmedia":[{"embeddable":true,"href":"https:\/\/www.europesays.com\/de\/wp-json\/wp\/v2\/media\/1132777"}],"wp:attachment":[{"href":"https:\/\/www.europesays.com\/de\/wp-json\/wp\/v2\/media?parent=1132776"}],"wp:term":[{"taxonomy":"category","embeddable":true,"href":"https:\/\/www.europesays.com\/de\/wp-json\/wp\/v2\/categories?post=1132776"},{"taxonomy":"post_tag","embeddable":true,"href":"https:\/\/www.europesays.com\/de\/wp-json\/wp\/v2\/tags?post=1132776"}],"curies":[{"name":"wp","href":"https:\/\/api.w.org\/{rel}","templated":true}]}}