{"id":1132790,"date":"2026-06-30T13:00:28","date_gmt":"2026-06-30T13:00:28","guid":{"rendered":"https:\/\/www.europesays.com\/de\/1132790\/"},"modified":"2026-06-30T13:00:28","modified_gmt":"2026-06-30T13:00:28","slug":"ukraine-news-russland-muss-treibstoff-importieren","status":"publish","type":"post","link":"https:\/\/www.europesays.com\/de\/1132790\/","title":{"rendered":"Ukraine-News: Russland muss Treibstoff importieren"},"content":{"rendered":"<p>        <img decoding=\"async\" src=\"https:\/\/www.europesays.com\/de\/wp-content\/uploads\/2026\/06\/russischer-tanker-schattenflotte-ruegen-100.webp\" alt=\"Archivbild 2025: Vom deutschen Zoll eingezogener russischer \u00d6ltanker &quot;Eventin&quot; vor R\u00fcgen\" title=\"Archivbild 2025: Vom deutschen Zoll eingezogener russischer \u00d6ltanker &quot;Eventin&quot; vor R\u00fcgen | picture alliance\/dpa | Jens B\u00fcttner\" class=\"responsive\"\/><\/p>\n<p>AUDIO: Greenpeace: Schattenflotte f\u00e4hrt n\u00e4her an Deutschland vorbei (1 Min)<\/p>\n<p class=\"topline\">Ukraine-News<\/p>\n<p class=\"author\">von MDR AKTUELL<\/p>\n<p>\n                Stand: 30.06.2026 14:58 Uhr<\/p>\n<p>\n        12:41 Uhr\n    <\/p>\n<p>    Russland muss Treibstoffe importieren<\/p>\n<p class=\"\">Angesichts von Versorgungsengp\u00e4ssen infolge ukrainischer Angriffe verhandelt Russland mit anderen L\u00e4ndern \u00fcber den Import von Treibstoff. Dies werde aber nur zu akzeptablen Preisen geschehen, teilte Kreml-Sprecher Dmitri Peskow mit. Welche Staaten als Lieferanten infrage kommen, wollte er nicht sagen. Die Ukraine hat ihre Angriffe auf die russische Energieinfrastruktur im f\u00fcnften Jahr des Krieges verst\u00e4rkt. Das f\u00fchrt in Russland, dem drittgr\u00f6\u00dften \u00d6lproduzenten der Welt, zu weitreichenden Treibstoffengp\u00e4ssen und Preisanstiegen. (Quelle: Reuters)<\/p>\n<p>\n        11:14 Uhr\n    <\/p>\n<p>    Greenpeace fordert Ma\u00dfnahmen gegen Schattenflotte vor R\u00fcgen<\/p>\n<p class=\"\">Mutma\u00dfliche Schiffe der russischen Schattenflotte fahren nach Angaben von Greenpeace inzwischen h\u00e4ufiger dicht an der deutschen Ostseek\u00fcste entlang. Die Umweltschutzorganisation erkl\u00e4rte, viele Tanker w\u00fcrden offenbar die Route nahe R\u00fcgen w\u00e4hlen, nachdem Schweden seine Kontrollen versch\u00e4rft habe. Greenpeace fordert deshalb auch von Deutschland ein entschiedeneres Vorgehen gegen die oft schlecht gewarteten und mutma\u00dflich unversicherten Schiffe nach schwedischem Vorbild.<\/p>\n<p>Man habe deutschen Beh\u00f6rden mehrfach Tanker unter falscher Flagge gemeldet. Kontrollen seien aber ausgeblieben. Das Bundesfinanzministerium best\u00e4tigte die Auswertung allerdings nicht. Ma\u00dfnahmen seien nur m\u00f6glich, wenn die Voraussetzungen des internationalen Seerechts erf\u00fcllt seien. (Quelle: dpa)<\/p>\n<p>\n        09:55 Uhr\n    <\/p>\n<p>    Update: 419 ukrainische Drohnen abgeschossen<\/p>\n<p class=\"\">Die russische Luftabwehr hat in der Nacht nach eigenen Angaben landesweit mehr als 400 ukrainische Drohnen abgeschossen. Die Luftabwehrsysteme h\u00e4tten im ganzen Land &#8222;419 ukrainische Festfl\u00fcgeldrohnen abgefangen und zerst\u00f6rt&#8220;, teilte das russische Verteidigungsministerium mit.<\/p>\n<p>Offizielle Angaben zu Opfern und Sch\u00e4den gab es nicht. Wie der Gouverneur der Region Moskau, Andrej Worobjow, in sozialen Netzwerken mitteilte, wurde ein Baby get\u00f6tet. Eine Drohne habe ein Wohnhaus in der Stadt Jegorjewsk 100 Kilometer s\u00fcd\u00f6stlich der Hauptstadt in Brand gesetzt. (Quelle: AFP\/dpa)<\/p>\n<p>\n        05:13 Uhr\n    <\/p>\n<p>    Russland meldet erneuten ukrainischen Drohnenangriff auf Moskau<\/p>\n<p class=\"\">Russland hat nach eigenen Angaben in der Nacht zahlreiche ukrainische Drohnen abgefangen, die auf Moskau zusteuerten. B\u00fcrgermeister Sergej Sobjanin zufolge wurden allein sechs Drohnen im Anflug auf die Hauptstadt abgeschossen, insgesamt seien 46 Drohnen abgewehrt worden. Rettungskr\u00e4fte waren nach Beh\u00f6rdenangaben an den Absturzstellen im Einsatz. Angaben zu Verletzten oder gr\u00f6\u00dferen Sch\u00e4den wurden zun\u00e4chst nicht gemacht. (Quelle: AFP)<\/p>\n<p>\n        04:31 Uhr\n    <\/p>\n<p>    Selenskyj wirft Putin Fehleinsch\u00e4tzungen im Ukraine-Krieg vor<\/p>\n<p class=\"\">Der ukrainische Pr\u00e4sident Wolodymyr Selenskyj hat Russlands Pr\u00e4sident Wladimir Putin vorgeworfen, die Folgen des Krieges f\u00fcr das eigene Land zu ignorieren. W\u00e4hrend Putin behaupte, die Lage sei unter Kontrolle, st\u00fcnden Menschen in mehreren russischen Regionen an Tankstellen Schlange. Die Treibstoffknappheit sei eine direkte Folge des Krieges und der ukrainischen Angriffe auf die russische \u00d6lindustrie. Die Ukraine bringe die Realit\u00e4t des Krieges nach Russland zur\u00fcck, greife dabei aber gezielt milit\u00e4risch relevante Ziele an. (Quelle: Reuters)<\/p>\n<p>\n        03:21 Uhr\n    <\/p>\n<p>    Wadephul und Rubio bekr\u00e4ftigen Unterst\u00fctzung f\u00fcr die Ukraine<\/p>\n<p class=\"\">Bundesau\u00dfenminister Johann Wadephul hat nach einem Treffen mit US-Au\u00dfenminister Marco Rubio die gemeinsame Unterst\u00fctzung f\u00fcr die Ukraine hervorgehoben. Zugleich forderte er den russischen Pr\u00e4sidenten Wladimir Putin auf, sich auf ernsthafte Friedensverhandlungen einzulassen.<\/p>\n<p>                    <a href=\"https:\/\/www.europesays.com\/de\/wp-content\/uploads\/2026\/06\/aussenminister-wadephul-in-den-usa-104.webp\" class=\"zoomimage\" title=\"Bild vergr\u00f6\u00dfern\"><\/p>\n<p>        <img decoding=\"async\" src=\"https:\/\/www.europesays.com\/de\/wp-content\/uploads\/2026\/06\/aussenminister-wadephul-in-den-usa-104.webp\" alt=\"US-Au\u00dfenminister Marco Rubio (r) begr\u00fc\u00dft den deutschen Au\u00dfenminister Johann Wadephul (CDU) im US-Au\u00dfenministerium.\" title=\"US-Au\u00dfenminister Marco Rubio (r) begr\u00fc\u00dft den deutschen Au\u00dfenminister Johann Wadephul. | picture alliance\/dpa\/AP | Mark Schiefelbein\" class=\"responsive\" loading=\"lazy\"\/><\/p>\n<p>                    <\/a><\/p>\n<p>                    US-Au\u00dfenminister Marco Rubio (r) begr\u00fc\u00dft den deutschen Au\u00dfenminister Johann Wadephul.<\/p>\n<p class=\"\">Wadephul zufolge wird die Milit\u00e4rhilfe f\u00fcr die Ukraine inzwischen \u00fcberwiegend von Europa und Kanada finanziert. Die USA stellten weiterhin Waffen bereit, die von den Partnern f\u00fcr die Ukraine gekauft w\u00fcrden. Vom Nato-Gipfel kommende Woche erwartet Wadephul ein Signal, dass diese Unterst\u00fctzung dauerhaft gesichert wird. (Quelle: AFP)<\/p>\n<p>\n        02:10 Uhr\n    <\/p>\n<p>    Drei Tote bei ukrainischen Drohnenangriffen im besetzten Donezk<\/p>\n<p class=\"\">Im russisch besetzten Teil der ukrainischen Region Donezk sind nach Angaben der Besatzungsbeh\u00f6rden mindestens drei Menschen bei ukrainischen Drohnenangriffen get\u00f6tet worden. Zwei weitere Menschen seien in der Ortschaft Starobeschewe verletzt worden, teilte der von Russland eingesetzte Gebietschef Denis Puschilin mit. Bei weiteren Drohnenangriffen in der Region seien zudem mindestens elf Menschen verletzt worden. (Quelle: dpa)<\/p>\n<p>\n        00:05 Uhr\n    <\/p>\n<p>    Die Ereignisse gestern \u2013 29. Juni 2026<\/p>\n<p class=\"\">Russland hat die Ukraine erneut mit schweren Raketenangriffen \u00fcberzogen. In Dnipro wurden nach ukrainischen Angaben mindestens f\u00fcnf Menschen get\u00f6tet und mehr als 20 verletzt. Weitere Todesopfer und Verletzte meldeten die Beh\u00f6rden aus Saporischschja, der Region Charkiw und der Region Sumy.<\/p>\n<p>\n            <strong>Video:<\/strong><br \/>\n            Tote nach Luftangriff auf Saporischschja (1 Min)\n        <\/p>\n<p class=\"\">In den von Russland besetzten Gebieten Cherson und Saporischschja kam es zu gro\u00dffl\u00e4chigen Stromausf\u00e4llen. Die russischen Besatzungsbeh\u00f6rden machten ukrainische Angriffe auf Energieanlagen daf\u00fcr verantwortlich.<\/p>\n<p class=\"\">Politisch wies Russlands Pr\u00e4sident Wladimir Putin den ukrainischen Vorschlag zur\u00fcck, gegenseitig auf Langstreckenangriffe zu verzichten. Zugleich bekr\u00e4ftigte er das Ziel, die Regionen Donezk, Luhansk, Cherson und Saporischschja vollst\u00e4ndig unter russische Kontrolle zu bringen.<\/p>\n<p>\n        00:00 Uhr\n    <\/p>\n<p>    Ukraine-News am Dienstag, 30. Juni 2026<\/p>\n<p class=\"\">Guten Tag! In unseren Ukraine-News halten wir Sie weiterhin \u00fcber die Entwicklungen im Krieg gegen die Ukraine auf dem aktuellen Stand. Alle wichtigen Nachrichten dazu erscheinen hier im Lauf des Tages.<\/p>\n<p class=\"\">Die Berichterstattung \u00fcber den Russland-Ukraine-Krieg ist komplex. Angaben zu Kriegsverlauf, Beschuss und Opfern durch offizielle Stellen der russischen und der ukrainischen Konfliktparteien k\u00f6nnen in der aktuellen Lage nicht unmittelbar von unabh\u00e4ngiger Stelle \u00fcberpr\u00fcft werden. Es gibt eine Vielzahl von Medienvertretern vor Ort, darunter auch unabh\u00e4ngige Journalisten aus verschiedenen L\u00e4ndern. Bei der Bewertung von Informationen sind verschiedene Quellen und eine kritische Haltung unerl\u00e4sslich, um ein m\u00f6glichst umfassendes Bild zu erhalten. Alles das ber\u00fccksichtigt der MDR in seinen Berichten \u00fcber den Russland-Ukraine-<a name=\"Krieg\">Krieg<\/a>.<\/p>\n<p>        <img decoding=\"async\" src=\"https:\/\/www.europesays.com\/de\/wp-content\/uploads\/2026\/06\/ukraine-276.webp\" alt=\"Rettungskr\u00e4fte beseitigen Tr\u00fcmmer und suchen nach Menschen in einem Wohnblock, der von einer Rakete getroffen wurde.\" title=\"Rettungskr\u00e4fte beseitigen Tr\u00fcmmer und suchen nach Menschen in einem Wohnblock, der von einer Rakete getroffen wurde. | picture alliance\/dpa\/Ukrinform | -\" class=\"responsive\" loading=\"lazy\"\/><\/p>\n<p>Nachrichten und Hintergr\u00fcnde<\/p>\n<p>Am 24. Februar 2022 hat Russland die Ukraine \u00fcberfallen. Doch die ukrainische Armee kann sich halten und konnte Gebiete zur\u00fcckerobern, der Westen unterst\u00fctzt sie. Aktuelle Nachrichten und Hintergr\u00fcnde.<\/p>\n<p>        <a href=\"https:\/\/www.mdr.de\/nachrichten\/podcast\/general\" aria-label=\"Zum Podcast: Was tun, Herr General? \u2013 der Podcast\" rel=\"nofollow noopener\" target=\"_blank\"><\/p>\n<p>        <img decoding=\"async\" src=\"https:\/\/www.europesays.com\/de\/wp-content\/uploads\/2026\/06\/podcast-cover-was-tun-herr-general-100.webp\" alt=\"Der fr\u00fchere NATO-General und Generalleutnant a.D. Erhard B\u00fchler\" title=\"Der fr\u00fchere NATO-General und Generalleutnant a.D. Erhard B\u00fchler | MDR \/ Erhard B\u00fchler \" class=\"responsive\" loading=\"lazy\"\/><\/p>\n<p>        <\/a><\/p>\n<p>Welche Strategien verfolgen die russische Angreifer, welche die ukrainischen Verteidiger? Einsch\u00e4tzungen zu milit\u00e4rischen Aspekten des Ukraine-Kriegs vom ehemaligen Nato-General Erhard B\u00fchler.<\/p>\n<p>        <a href=\"https:\/\/www.mdr.de\/nachrichten\/podcast\/ukrainekrieg\" aria-label=\"Zum Podcast: Putins Krieg \u2013 die Hintergr\u00fcnde\" rel=\"nofollow noopener\" target=\"_blank\"><\/p>\n<p>        <img decoding=\"async\" src=\"https:\/\/www.europesays.com\/de\/wp-content\/uploads\/2026\/06\/podcast-putins-krieg-100.webp\" alt=\"Podcast Putins Krieg\" title=\"Podcast Putins Krieg | dpa\/MDR\" class=\"responsive\" loading=\"lazy\"\/><\/p>\n<p>        <\/a><\/p>\n<p>Russland f\u00fchrt Krieg gegen die Ukraine. In diesem Podcast b\u00fcndeln wir Interviews und Berichte rund um den Ukraine-Krieg.<\/p>\n","protected":false},"excerpt":{"rendered":"AUDIO: Greenpeace: Schattenflotte f\u00e4hrt n\u00e4her an Deutschland vorbei (1 Min) Ukraine-News von MDR AKTUELL Stand: 30.06.2026 14:58 Uhr&hellip;\n","protected":false},"author":2,"featured_media":1132509,"comment_status":"","ping_status":"","sticky":false,"template":"","format":"standard","meta":{"footnotes":"","_share_on_mastodon":"0"},"categories":[4012],"tags":[331,332,29,6077,1479,40346,13,4046,6012,14,1159,15,111,20200,307,12,317,64,30616],"class_list":["post-1132790","post","type-post","status-publish","format-standard","has-post-thumbnail","category-ukraine","tag-aktuelle-nachrichten","tag-aktuelle-news","tag-deutschland","tag-donezk","tag-drohnenangriff","tag-friedensverhandlungen","tag-headlines","tag-krieg","tag-militaerhilfe","tag-nachrichten","tag-nato","tag-news","tag-putin","tag-rubio","tag-russland","tag-schlagzeilen","tag-ukraine","tag-usa","tag-wadephul"],"share_on_mastodon":{"url":"https:\/\/pubeurope.com\/@de\/116839189811249551","error":""},"_links":{"self":[{"href":"https:\/\/www.europesays.com\/de\/wp-json\/wp\/v2\/posts\/1132790","targetHints":{"allow":["GET"]}}],"collection":[{"href":"https:\/\/www.europesays.com\/de\/wp-json\/wp\/v2\/posts"}],"about":[{"href":"https:\/\/www.europesays.com\/de\/wp-json\/wp\/v2\/types\/post"}],"author":[{"embeddable":true,"href":"https:\/\/www.europesays.com\/de\/wp-json\/wp\/v2\/users\/2"}],"replies":[{"embeddable":true,"href":"https:\/\/www.europesays.com\/de\/wp-json\/wp\/v2\/comments?post=1132790"}],"version-history":[{"count":0,"href":"https:\/\/www.europesays.com\/de\/wp-json\/wp\/v2\/posts\/1132790\/revisions"}],"wp:featuredmedia":[{"embeddable":true,"href":"https:\/\/www.europesays.com\/de\/wp-json\/wp\/v2\/media\/1132509"}],"wp:attachment":[{"href":"https:\/\/www.europesays.com\/de\/wp-json\/wp\/v2\/media?parent=1132790"}],"wp:term":[{"taxonomy":"category","embeddable":true,"href":"https:\/\/www.europesays.com\/de\/wp-json\/wp\/v2\/categories?post=1132790"},{"taxonomy":"post_tag","embeddable":true,"href":"https:\/\/www.europesays.com\/de\/wp-json\/wp\/v2\/tags?post=1132790"}],"curies":[{"name":"wp","href":"https:\/\/api.w.org\/{rel}","templated":true}]}}