{"id":1132824,"date":"2026-06-30T13:19:17","date_gmt":"2026-06-30T13:19:17","guid":{"rendered":"https:\/\/www.europesays.com\/de\/1132824\/"},"modified":"2026-06-30T13:19:17","modified_gmt":"2026-06-30T13:19:17","slug":"erster-klimaturm-deutschlands-versorgt-ganze-quartiere-mit-energie","status":"publish","type":"post","link":"https:\/\/www.europesays.com\/de\/1132824\/","title":{"rendered":"Erster &#8222;Klimaturm&#8220; Deutschlands versorgt ganze Quartiere mit Energie"},"content":{"rendered":"<p class=\"article-toplinewrapper\">\nFragen &amp; Antworten<\/p>\n<p>Standdatum: 30. Juni 2026.<\/p>\n<p>Autorinnen und Autoren:<br \/>\nAlexander Schnackenburg<\/p>\n<p>Audio<\/p>\n<p><img decoding=\"async\" class=\"image -image-with-fallback -image-rounded  lazyload\" src=\"data:image\/gif;base64,R0lGODlhEAAJAIAAAP\/\/\/\/\/\/\/yH5BAEKAAEALAAAAAAQAAkAAAIKjI+py+0Po5yUFQA7\"   alt=\"Zwei metallene T\u00fcrme im Hof eines alten Fabrikgeb\u00e4udes, dahinter ein Fluss\" data-image-owner=\"Hauke Dressler\" data-image-title=\"Zwei metallene T\u00fcrme im Hof eines alten Fabrikgeb\u00e4udes, dahinter ein Fluss\" data-image-src=\"https:\/\/www.butenunbinnen.de\/bilder\/klimaturm-ueberseeinsel-bauphase-100~_v-800x450_c-1782726026498.jpg\" data-image-rights-src=\"\/bilder\/klimaturm-ueberseeinsel-bauphase-100~_v-640x360_c-1782726026498.jpg\"\/><\/p>\n<p>Bild: Hauke Dressler<\/p>\n<p>Audio-Ende<\/p>\n<p class=\"article-intro\">Die neuartige Gro\u00dfw\u00e4rmepumpe steht auf dem fr\u00fcheren Kellogg-Gel\u00e4nde in Bremen und kann bis zu 400 Wohnungen mit Energie versorgen. Der Klimaturm soll demn\u00e4chst in Serie gehen.<\/p>\n<p id=\"sharing-title\" class=\"social-title visuallyhidden\">\nSeite teilen\n<\/p>\n<p class=\"google-prefer\">\n<a class=\"google-prefer-link text-link\" href=\"https:\/\/www.google.com\/preferences\/source?q=https:\/\/www.butenunbinnen.de\" target=\"_blank\" title=\"Einstellungen auf www.google.de vornehmen\" rel=\"nofollow noopener\">buten un binnen bei Google bevorzugen<\/a>\n<\/p>\n<p>&#8222;Klimaturm&#8220;: So nennt das Bremer Unternehmen &#8222;Towergy&#8220; eine neuartige Gro\u00dfw\u00e4rmepumpe. Sie soll zugleich kompakt und leise sein und dennoch bis zu 400 Neubau- oder 200 Bestandswohnungen mit erneuerbarer W\u00e4rme und K\u00e4lte versorgen k\u00f6nnen. Einen Prototyp m\u00f6chte das Unternehmen, hinter dem der Projektentwickler Klaus Meier steckt, am heutigen Dienstag auf der \u00dcberseeinsel einweihen. Die Pumpe soll den Klimacampus, der gerade auf dem fr\u00fcheren Kellogg-Areal entsteht, mit Energie versorgen. <\/p>\n<p>&#8222;Towergy&#8220; m\u00f6chte seine &#8222;Klimat\u00fcrme&#8220; ab Herbst 2027 in Serie produzieren \u2013 von Bremerhaven aus. <\/p>\n<p><a href=\"https:\/\/www.butenunbinnen.de\/bilder\/klimaturm-erweitert-100~_v-512x288_c-1782726467893.jpg\" data-gallery-entry-for=\"klimaturm-waermepumpe-ueberseeinsel-bremen-bremerhaven-100\" data-size=\"1600x900\" class=\"text-link\" rel=\"nofollow noopener\" target=\"_blank\"><\/p>\n<p><img decoding=\"async\" class=\"image -image-with-fallback -image-rounded  lazyload\" src=\"data:image\/gif;base64,R0lGODlhEAAJAIAAAP\/\/\/\/\/\/\/yH5BAEKAAEALAAAAAAQAAkAAAIKjI+py+0Po5yUFQA7\"   alt=\"Klimaturm: KI-Visualisierung\/Fassade Johann Bu\u0308sen\" title=\"Bild: Towergy | Bilderweiterung Radio Bremen\" data-image-owner=\"Towergy | Bilderweiterung Radio Bremen\" data-image-title=\"Klimaturm: KI-Visualisierung\/Fassade Johann Bu\u0308sen\" data-image-src=\"https:\/\/www.butenunbinnen.de\/bilder\/klimaturm-erweitert-100~_v-512x288_c-1782726467893.jpg\" data-image-rights-src=\"\/bilder\/klimaturm-erweitert-100~_v-640x360_c-1782726467893.jpg\"\/><\/p>\n<p><\/a><\/p>\n<p>Diese Visualisierung zeigt, wie der &#8222;Klimaturm&#8220; auf der \u00dcberseeinsel samt Wasserspeicher aussehen wird.<\/p>\n<p>Bild: Towergy | Bilderweiterung Radio Bremen<\/p>\n<p>Wie ist der &#8222;Klimaturm&#8220; aufgebaut?<\/p>\n<p class=\"questions-and-answers-answers\">Das Herzst\u00fcck des rechteckigen Turms ist eine Luft-Wasser-Gro\u00dfw\u00e4rmepumpe. Das hei\u00dft: Diese Pumpe zieht Energie aus der Umgebungsluft und w\u00e4rmt damit Wasser auf. Das Wasser wird in einem runden Turm gespeichert, der direkt neben dem &#8222;Klimaturm&#8220; steht. <\/p>\n<p>Der Turm hat eingebaute Ventilatoren mit Schalld\u00e4mpfern und er setzt sich aus drei vorgefertigten Modulen zusammen: Unten, im Betonkubus, befindet sich der Maschinenraum, erkl\u00e4rt Firmensprecherin Ana\u00efs Strau\u00df. Darin verbaut sind die W\u00e4rmepumpe, die Elektrik und die Steuerung. Dar\u00fcber liegt der W\u00e4rmetauscher. Aus diesem Modul saugt der Turm von allen vier Seiten Luft an. Das obere Modul bildet der Luftkanal mit den Ventilatoren und Schalld\u00e4mpfern.<\/p>\n<p>Wie gro\u00df ist der &#8222;Klimaturm&#8220; und was leistet er?<\/p>\n<p class=\"questions-and-answers-answers\">Je nach Ausf\u00fchrung ist der &#8222;Klimaturm&#8220; elf bis 14 Meter hoch. Die Grundfl\u00e4che ist zwischen 3,8 mal 3,8 und 5,6 mal 5,6 Metern gro\u00df. Die thermische Leistung liegt, je nach Modell, zwischen 0,3 und 1,5 Megawatt. <\/p>\n<p>Der Prototyp in der \u00dcberseestadt leistet Strau\u00df zufolge 0,5 Megawatt. Er soll den <a target=\"blank\" rel=\"noopener noreferrer nofollow\" data-external=\"true\" href=\"https:\/\/aktionsplanklima.bremen.de\/actions\/L-BW-135\" class=\"text-link\">Klimacampus Bremen<\/a> auf der \u00dcberseeinsel sowie umliegende Ateliers mit W\u00e4rme versorgen.<\/p>\n<p><a href=\"https:\/\/www.butenunbinnen.de\/bilder\/klimaturm-fassade-100~_v-512x288_c-1782726743430.jpg\" data-gallery-entry-for=\"klimaturm-waermepumpe-ueberseeinsel-bremen-bremerhaven-100\" data-size=\"2560x1440\" class=\"text-link\" rel=\"nofollow noopener\" target=\"_blank\"><\/p>\n<p><img decoding=\"async\" class=\"image -image-with-fallback -image-rounded  lazyload\" src=\"data:image\/gif;base64,R0lGODlhEAAJAIAAAP\/\/\/\/\/\/\/yH5BAEKAAEALAAAAAAQAAkAAAIKjI+py+0Po5yUFQA7\"   alt=\"Visualisierung von buten Malereien an einer viereckigen Fassade von allen Seiten\" title=\"Bild: Johann B\u00fcsen\" data-image-owner=\"Johann B\u00fcsen\" data-image-title=\"Visualisierung von buten Malereien an einer viereckigen Fassade von allen Seiten\" data-image-src=\"https:\/\/www.butenunbinnen.de\/bilder\/klimaturm-fassade-100~_v-512x288_c-1782726743430.jpg\" data-image-rights-src=\"\/bilder\/klimaturm-fassade-100~_v-640x360_c-1782726743430.jpg\"\/><\/p>\n<p><\/a><\/p>\n<p>Die Fassade des &#8222;Klimaturms&#8220; auf der \u00dcberseeinsel hat der K\u00fcnstler Johann B\u00fcsen gestaltet. <\/p>\n<p>Bild: Johann B\u00fcsen<\/p>\n<p>Was unterscheidet den &#8222;Klimaturm&#8220; von anderen Gro\u00dfw\u00e4rmepumpen?<\/p>\n<p class=\"questions-and-answers-answers\">Die Hersteller und Entwickler sind besonders stolz auf die vertikale Bauweise des Turms. &#8222;Der Klimaturm ist die leiseste und dank seiner einzigartigen Bauweise auch die platzsparendste Gro\u00dfw\u00e4rmepumpe, die es derzeit in diesem Leistungsbereich gibt&#8220;, behauptet zumindest Gesch\u00e4ftsf\u00fchrer Tobias Werner. Konkret soll der Schalldruckpegel auch bei der leistungsst\u00e4rksten Variante in zehn Metern Entfernung unter 35 Dezibel (A) liegen. Das entspr\u00e4che einem leisen Fl\u00fcstern oder auch dem Summen eines neuen K\u00fchlschranks. <\/p>\n<p>&#8222;Towergy&#8220; m\u00f6chte voraussichtlich im Herbst 2027 in Bremerhaven die Serienproduktion des Turms aufnehmen. Es hofft, pro Jahr 50 bis 100 T\u00fcrme herstellen zu k\u00f6nnen. Der &#8222;Klimaturm&#8220; sei aufgrund seiner geringen Gr\u00f6\u00dfe pr\u00e4destiniert f\u00fcr dicht besiedelte Quartiere, so die Gesch\u00e4ftsf\u00fchrung.<\/p>\n<p>Das Unternehmen will den Turm in zwei Varianten anbieten: mit Wasserspeicher und mit Batteriespeicher. Zudem wirbt die Firma damit, dass sich unten am Turm zwei Wallboxen anbringen lie\u00dfen, um Pkw mit Ladestrom zu versorgen.<\/p>\n<p><a href=\"https:\/\/www.butenunbinnen.de\/bilder\/gespraechsbild-154~_v-512x288_c-1776250294810.jpg\" data-gallery-entry-for=\"klimaturm-waermepumpe-ueberseeinsel-bremen-bremerhaven-100\" data-size=\"1920x1080\" class=\"text-link\" rel=\"nofollow noopener\" target=\"_blank\"><\/p>\n<p><img decoding=\"async\" class=\"image -image-with-fallback -image-rounded  lazyload\" src=\"data:image\/gif;base64,R0lGODlhEAAJAIAAAP\/\/\/\/\/\/\/yH5BAEKAAEALAAAAAAQAAkAAAIKjI+py+0Po5yUFQA7\"   alt=\"Der Projektentwickler Klaus Meier zu Gast im Studio von buten un binnen.\" title=\"Bild: Radio Bremen\" data-image-owner=\"Radio Bremen\" data-image-title=\"Der Projektentwickler Klaus Meier zu Gast im Studio von buten un binnen.\" data-image-src=\"https:\/\/www.butenunbinnen.de\/bilder\/gespraechsbild-154~_v-512x288_c-1776250294810.jpg\" data-image-rights-src=\"\/bilder\/gespraechsbild-154~_v-640x360_c-1776250294810.jpg\"\/><\/p>\n<p><\/a><\/p>\n<p>Hinter dem Klimaturm steht unter anderem der Projektentwickler Klaus Meier, unter anderem auch als Betreiber des Klimahauses bekannt. <\/p>\n<p>Bild: Radio Bremen<\/p>\n<p>Wer steckt hinter dem Projekt?<\/p>\n<p class=\"questions-and-answers-answers\">Die meisten Anteile an &#8222;Towergy&#8220; h\u00e4lt der Bremer Unternehmer und Windenergie-Experte Klaus Meier. Er ist auch gesch\u00e4ftsf\u00fchrender Gesellschafter der \u00dcberseeinsel GmbH und Betreiber des Klimahauses. Ebenfalls an &#8222;Towergy&#8220; beteiligt sind die beiden Gesch\u00e4ftsf\u00fchrer: der Ingenieurwissenschaftler Rolf-Peter Strau\u00df von der Hochschule Bremen sowie Tobias Werner von der Firma &#8222;Stadt. Energie. Speicher GmbH&#8220;.<\/p>\n<p>Video<\/p>\n<p>Bild: Radio Bremen<\/p>\n<p>Video-Ende<\/p>\n<p class=\"article-legal-agencies\"><strong>Quelle<\/strong>:<br \/>\nbuten un binnen.\n<\/p>\n<p class=\"article-legal-broadcast-reference\"><strong>Dieses Thema im Programm:<\/strong><br \/>\nBremen Zwei, Nachrichten, 30. Juni 2026, 6 Uhr<\/p>\n","protected":false},"excerpt":{"rendered":"Fragen &amp; Antworten Standdatum: 30. Juni 2026. Autorinnen und Autoren: Alexander Schnackenburg Audio Bild: Hauke Dressler Audio-Ende Die&hellip;\n","protected":false},"author":2,"featured_media":1132825,"comment_status":"","ping_status":"","sticky":false,"template":"","format":"standard","meta":{"footnotes":"","_share_on_mastodon":"0"},"categories":[1824],"tags":[2420,3364,29,30,72158,238564,238563,238565],"class_list":["post-1132824","post","type-post","status-publish","format-standard","has-post-thumbnail","category-bremen","tag-bremen","tag-de","tag-deutschland","tag-germany","tag-klaus-meyer","tag-klimacampus","tag-klimaturm","tag-ueberseeinsel"],"share_on_mastodon":{"url":"","error":""},"_links":{"self":[{"href":"https:\/\/www.europesays.com\/de\/wp-json\/wp\/v2\/posts\/1132824","targetHints":{"allow":["GET"]}}],"collection":[{"href":"https:\/\/www.europesays.com\/de\/wp-json\/wp\/v2\/posts"}],"about":[{"href":"https:\/\/www.europesays.com\/de\/wp-json\/wp\/v2\/types\/post"}],"author":[{"embeddable":true,"href":"https:\/\/www.europesays.com\/de\/wp-json\/wp\/v2\/users\/2"}],"replies":[{"embeddable":true,"href":"https:\/\/www.europesays.com\/de\/wp-json\/wp\/v2\/comments?post=1132824"}],"version-history":[{"count":0,"href":"https:\/\/www.europesays.com\/de\/wp-json\/wp\/v2\/posts\/1132824\/revisions"}],"wp:featuredmedia":[{"embeddable":true,"href":"https:\/\/www.europesays.com\/de\/wp-json\/wp\/v2\/media\/1132825"}],"wp:attachment":[{"href":"https:\/\/www.europesays.com\/de\/wp-json\/wp\/v2\/media?parent=1132824"}],"wp:term":[{"taxonomy":"category","embeddable":true,"href":"https:\/\/www.europesays.com\/de\/wp-json\/wp\/v2\/categories?post=1132824"},{"taxonomy":"post_tag","embeddable":true,"href":"https:\/\/www.europesays.com\/de\/wp-json\/wp\/v2\/tags?post=1132824"}],"curies":[{"name":"wp","href":"https:\/\/api.w.org\/{rel}","templated":true}]}}