{"id":1132858,"date":"2026-06-30T13:37:20","date_gmt":"2026-06-30T13:37:20","guid":{"rendered":"https:\/\/www.europesays.com\/de\/1132858\/"},"modified":"2026-06-30T13:37:20","modified_gmt":"2026-06-30T13:37:20","slug":"bauen-in-muenchen-bebauungsplan-fuer-hochhaeuser-bei-paketposthalle-steht","status":"publish","type":"post","link":"https:\/\/www.europesays.com\/de\/1132858\/","title":{"rendered":"Bauen in M\u00fcnchen: Bebauungsplan f\u00fcr Hochh\u00e4user bei Paketposthalle steht"},"content":{"rendered":"<p>Nach Protesten <\/p>\n<p>M\u00fcnchen bricht mit jahrzehntealter Hochhaus-Regel<\/p>\n<p>30.06.2026 &#8211; 15:31 UhrLesedauer: 1 Min.<\/p>\n<p><a href=\"#focus-0\" class=\"transition-colors block text-current relative\" data-sctrack=\"FocusGalleryImage.Reference\"><img fetchpriority=\"high\" data-testid=\"Opener.Image\"   loading=\"eager\" src=\"https:\/\/www.europesays.com\/de\/wp-content\/uploads\/2026\/06\/muenchner-skyline-wird-sich-veraendern-archivbild.jpg\" alt=\"Ballons simulieren Hochh\u00e4user in M\u00fcnchen\" title=\"Ballons simulieren Hochh\u00e4user in M\u00fcnchen\" width=\"2048\" height=\"1152\" class=\"bg-[url:var(--lqipURL)] bg-cover bg-center flex h-full w-full max-w-full\" style=\"--lqipURL:url('https:\/\/images.t-online.de\/2026\/06\/rbspZfl1DEal\/0x2:2048x1152\/fit-in\/150x0\/filters:blur(25)\/muenchner-skyline-wird-sich-veraendern-archivbild.jpg')\" decoding=\"async\"\/><img loading=\"lazy\" src=\"https:\/\/muenchen.t-online.de\/s\/paper\/_next\/static\/media\/zoom-in.f7dae02f.svg\" alt=\"Vergr\u00f6\u00dfern des Bildes\" title=\"Vergr\u00f6\u00dfern des Bildes\" class=\"block h-[calc(var(--height)_\/_16_*_1rem)] w-[calc(var(--width)_\/_16_*_1rem)] max-w-none absolute right-8 bottom-8 rounded-4 bg-snow p-8\" style=\"--width:32;--height:32\" decoding=\"async\"\/><\/a><\/p>\n<p>Die M\u00fcnchner Skyline (Archivbild): Die Ballons sollen die H\u00f6he der beiden geplanten Hochh\u00e4user verdeutlichen. (Quelle: Tobias Hase\/dpa\/dpa-bilder)<\/p>\n<p class=\"text-center\">Jetzt neu bei t-online:<\/p>\n<p class=\"text-center\">Schriftgr\u00f6\u00dfe anpassen!<\/p>\n<p><img loading=\"lazy\" src=\"https:\/\/muenchen.t-online.de\/s\/paper\/_next\/static\/media\/font-sizes.32942e33.svg\" alt=\"\" title=\"\" class=\"block h-[calc(var(--height)_\/_16_*_1rem)] w-[calc(var(--width)_\/_16_*_1rem)] max-w-none group-hover:hidden group-aria-expanded:hidden\" style=\"--width:16;--height:16\" decoding=\"async\"\/><img loading=\"lazy\" src=\"https:\/\/muenchen.t-online.de\/s\/paper\/_next\/static\/media\/font-sizes-dark-mode.e382645c.svg\" alt=\"\" title=\"\" class=\"block h-[calc(var(--height)_\/_16_*_1rem)] w-[calc(var(--width)_\/_16_*_1rem)] max-w-none hidden group-hover:block group-aria-expanded:block\" style=\"--width:16;--height:16\" decoding=\"async\"\/><img loading=\"lazy\" src=\"https:\/\/muenchen.t-online.de\/s\/paper\/_next\/static\/media\/sharing-menu-icon.1eb71368.svg\" alt=\"\" title=\"\" class=\"block h-[calc(var(--height)_\/_16_*_1rem)] w-[calc(var(--width)_\/_16_*_1rem)] max-w-none group-hover:brightness-0 group-hover:invert\" style=\"--width:16;--height:16\" decoding=\"async\"\/>Artikel teilen<\/p>\n<p class=\"font-bold text-18 leading-17 user-text-lg:text-22 user-text-xl:text-24\">Der Bebauungsplan f\u00fcr ein umstrittenes Bauprojekt tritt in Kraft. Damit bricht die Stadt M\u00fcnchen eine Regel, die bereits Traditionsstatus hat.<\/p>\n<p class=\"text-18 leading-17 user-text-lg:text-22 user-text-xl:text-24\">In M\u00fcnchen ist der Bebauungsplan f\u00fcr ein umstrittenes Hochhaus-Projekt in Kraft getreten. Das teilte das Referat f\u00fcr Stadtplanung und Bauordnung am Dienstag mit. Der Stadtrat hatte im November gr\u00fcnes Licht f\u00fcr das Vorhaben gegeben.<\/p>\n<p class=\"text-18 leading-17 user-text-lg:text-22 user-text-xl:text-24\">Auf dem 8,7 Hektar gro\u00dfen Areal rund um die fr\u00fchere Paketposthalle im Stadtteil Neuhausen sollen nach Angaben der Stadt 1.200 Wohnungen und 3.000 Arbeitspl\u00e4tze entstehen. Das Projekt umfasst vier Hochh\u00e4user \u2013 zwei hohe T\u00fcrme und zwei niedrigere Geb\u00e4ude.<\/p>\n<p>Bisher galt: Geb\u00e4ude d\u00fcrfen maximal 100 Meter hoch sein<\/p>\n<p class=\"text-18 leading-17 user-text-lg:text-22 user-text-xl:text-24\">Mit dem Bau bricht M\u00fcnchen eine jahrzehntealte Tradition. Bislang galt die Maxime: Geb\u00e4ude d\u00fcrfen maximal 100 Meter hoch sein. Das entspricht etwa der H\u00f6he der Frauenkircht\u00fcrme. Diese Grenze geht auf einen B\u00fcrgerentscheid aus dem Jahr 2004 zur\u00fcck.<\/p>\n<ul class=\"text-18 leading-17 block pl-24 *:pb-16 *:before:inline-block *:before:size-8 *:before:bg-magenta *:before:mt-0 *:before:mr-12 *:before:mb-2 *:before:-ml-[20px]\">\n<li><a href=\"https:\/\/muenchen.t-online.de\/region\/muenchen\/id_101018174\/muenchen-stadtrat-macht-weg-fuer-155-meter-hochhaeuser-frei.html\" class=\"transition-colors cursor-pointer no-underline md:hover:text-magenta md:focus:text-magenta border-b border-solid border-current text-salemsfur md:hover:border-magenta\" data-tracking=\"{&quot;action&quot;:&quot;click&quot;,&quot;category&quot;:&quot;intextLink&quot;,&quot;label&quot;:&quot;\/region\/muenchen\/id_101018174\/muenchen-stadtrat-macht-weg-fuer-155-meter-hochhaeuser-frei.html&quot;}\" data-sctrack=\"BodyAnchor\" rel=\"nofollow noopener\" target=\"_blank\">Stadtrat macht Weg f\u00fcr 155-Meter-Hochhaust\u00fcrme frei<\/a><\/li>\n<li><a href=\"https:\/\/muenchen.t-online.de\/region\/muenchen\/id_101090024\/muenchen-hochhausgegner-scheitern-vor-gericht-kein-buergerentscheid.html\" class=\"transition-colors cursor-pointer no-underline md:hover:text-magenta md:focus:text-magenta border-b border-solid border-current text-salemsfur md:hover:border-magenta\" data-tracking=\"{&quot;action&quot;:&quot;click&quot;,&quot;category&quot;:&quot;intextLink&quot;,&quot;label&quot;:&quot;\/region\/muenchen\/id_101090024\/muenchen-hochhausgegner-scheitern-vor-gericht-kein-buergerentscheid.html&quot;}\" data-sctrack=\"BodyAnchor\" rel=\"nofollow noopener\" target=\"_blank\">M\u00fcnchner Hochhausgegner scheitern vor Gericht<\/a><\/li>\n<\/ul>\n<p><a href=\"#focus-1\" class=\"transition-colors block text-current relative\" data-sctrack=\"FocusGalleryImage.Reference\"><img   loading=\"lazy\" src=\"https:\/\/www.europesays.com\/de\/wp-content\/uploads\/2026\/06\/hochhaeuser-an-der-paketposthalle.jpg\" alt=\"Hochh\u00e4user an der Paketposthalle\" title=\"Hochh\u00e4user an der Paketposthalle\" width=\"2300\" height=\"1294\" class=\"h-full w-full max-w-full rounded-8\" decoding=\"async\"\/><img loading=\"lazy\" src=\"https:\/\/muenchen.t-online.de\/s\/paper\/_next\/static\/media\/zoom-in.f7dae02f.svg\" alt=\"Vergr\u00f6\u00dfern des Bildes\" title=\"Vergr\u00f6\u00dfern des Bildes\" class=\"block h-[calc(var(--height)_\/_16_*_1rem)] w-[calc(var(--width)_\/_16_*_1rem)] max-w-none absolute right-8 bottom-8 rounded-4 bg-snow p-8\" style=\"--width:32;--height:32\" decoding=\"async\"\/>Visualisierung der Hochh\u00e4user an der Paketposthalle (Grafik): So soll das Projekt mal aussehen. (Quelle: Herzog &amp; de Meuron)<\/a><\/p>\n<p class=\"text-18 leading-17 user-text-lg:text-22 user-text-xl:text-24\">Der Entscheid wurde nur knapp gewonnen. Er war lediglich ein Jahr rechtlich bindend, wirkte aber dennoch nach. Um das Projekt wurde in den vergangenen Jahren massiv gerungen.<\/p>\n<p class=\"text-18 leading-17 user-text-lg:text-22 user-text-xl:text-24\">Der Bayerische Verwaltungsgerichtshof erkl\u00e4rte ein B\u00fcrgerbegehren der Projektgegner im Januar f\u00fcr unzul\u00e4ssig.<\/p>\n","protected":false},"excerpt":{"rendered":"Nach Protesten M\u00fcnchen bricht mit jahrzehntealter Hochhaus-Regel 30.06.2026 &#8211; 15:31 UhrLesedauer: 1 Min. Die M\u00fcnchner Skyline (Archivbild): Die&hellip;\n","protected":false},"author":2,"featured_media":1132859,"comment_status":"","ping_status":"","sticky":false,"template":"","format":"standard","meta":{"footnotes":"","_share_on_mastodon":"0"},"categories":[1827],"tags":[722,17161,7601,772,14314,29,30,1268,6780,238567],"class_list":["post-1132858","post","type-post","status-publish","format-standard","has-post-thumbnail","category-muenchen","tag-722","tag-17161","tag-bauprojekt","tag-bayern","tag-bebauungsplan","tag-deutschland","tag-germany","tag-muenchen","tag-neuhausen","tag-traditionsstatus"],"share_on_mastodon":{"url":"https:\/\/pubeurope.com\/@de\/116839335637274796","error":""},"_links":{"self":[{"href":"https:\/\/www.europesays.com\/de\/wp-json\/wp\/v2\/posts\/1132858","targetHints":{"allow":["GET"]}}],"collection":[{"href":"https:\/\/www.europesays.com\/de\/wp-json\/wp\/v2\/posts"}],"about":[{"href":"https:\/\/www.europesays.com\/de\/wp-json\/wp\/v2\/types\/post"}],"author":[{"embeddable":true,"href":"https:\/\/www.europesays.com\/de\/wp-json\/wp\/v2\/users\/2"}],"replies":[{"embeddable":true,"href":"https:\/\/www.europesays.com\/de\/wp-json\/wp\/v2\/comments?post=1132858"}],"version-history":[{"count":0,"href":"https:\/\/www.europesays.com\/de\/wp-json\/wp\/v2\/posts\/1132858\/revisions"}],"wp:featuredmedia":[{"embeddable":true,"href":"https:\/\/www.europesays.com\/de\/wp-json\/wp\/v2\/media\/1132859"}],"wp:attachment":[{"href":"https:\/\/www.europesays.com\/de\/wp-json\/wp\/v2\/media?parent=1132858"}],"wp:term":[{"taxonomy":"category","embeddable":true,"href":"https:\/\/www.europesays.com\/de\/wp-json\/wp\/v2\/categories?post=1132858"},{"taxonomy":"post_tag","embeddable":true,"href":"https:\/\/www.europesays.com\/de\/wp-json\/wp\/v2\/tags?post=1132858"}],"curies":[{"name":"wp","href":"https:\/\/api.w.org\/{rel}","templated":true}]}}