{"id":1132900,"date":"2026-06-30T14:03:34","date_gmt":"2026-06-30T14:03:34","guid":{"rendered":"https:\/\/www.europesays.com\/de\/1132900\/"},"modified":"2026-06-30T14:03:34","modified_gmt":"2026-06-30T14:03:34","slug":"ertrunkener-junger-mann-aus-kieler-foerde-geborgen","status":"publish","type":"post","link":"https:\/\/www.europesays.com\/de\/1132900\/","title":{"rendered":"Ertrunkener junger Mann aus Kieler F\u00f6rde geborgen"},"content":{"rendered":"<p>Badeunfall <\/p>\n<p>Ertrunkener junger Mann aus Kieler F\u00f6rde geborgen<\/p>\n<p>Aktualisiert am 30.06.2026 &#8211; 15:11 UhrLesedauer: 1 Min.<\/p>\n<p><a href=\"#focus-0\" class=\"transition-colors block text-current relative\" data-sctrack=\"FocusGalleryImage.Reference\"><img fetchpriority=\"high\" data-testid=\"Opener.Image\"   loading=\"eager\" src=\"https:\/\/www.europesays.com\/de\/wp-content\/uploads\/2026\/06\/ein-junger-mann-wird-tot-aus-der-kieler-foerde-geborgen-symbolbild.jpg\" alt=\"Polizei\" title=\"Polizei\" width=\"2048\" height=\"1152\" class=\"bg-[url:var(--lqipURL)] bg-cover bg-center flex h-full w-full max-w-full\" style=\"--lqipURL:url('https:\/\/images.t-online.de\/2026\/06\/mGZTHT3ggUnt\/0x111:2048x1152\/fit-in\/150x0\/filters:blur(25)\/ein-junger-mann-wird-tot-aus-der-kieler-foerde-geborgen-symbolbild.jpg')\" decoding=\"async\"\/><img loading=\"lazy\" src=\"https:\/\/www.t-online.de\/s\/paper\/_next\/static\/media\/zoom-in.f7dae02f.svg\" alt=\"Vergr\u00f6\u00dfern des Bildes\" title=\"Vergr\u00f6\u00dfern des Bildes\" class=\"block h-[calc(var(--height)_\/_16_*_1rem)] w-[calc(var(--width)_\/_16_*_1rem)] max-w-none absolute right-8 bottom-8 rounded-4 bg-snow p-8\" style=\"--width:32;--height:32\" decoding=\"async\"\/><\/a><\/p>\n<p>Ein junger Mann wird tot aus der Kieler F\u00f6rde geborgen. (Symbolbild) (Quelle: Lino Mirgeler\/dpa\/dpa-bilder)<\/p>\n<p class=\"font-bold text-18 leading-17 user-text-lg:text-22 user-text-xl:text-24\">Am vergangenen Hitzewochenende sind zahlreiche Menschen in Deutschland ertrunken. In Kiel kommt nun ein weiterer Mann hinzu. Er wurde seit der Nacht zu Sonntag vermisst, aber erst jetzt gefunden.<\/p>\n<p class=\"text-18 leading-17 user-text-lg:text-22 user-text-xl:text-24\">Ein junger Mann ist nach Polizeiangaben tot aus der Kieler F\u00f6rde geborgen worden. Wahrscheinlich handele es sich um den 24-J\u00e4hrigen, der seit der Nacht zum Sonntag vermisst wurde, nachdem er in Kiel ins Wasser gesprungen war. Einsatzkr\u00e4fte fanden die Leiche im Bereich des Badestegs Bellevue. Eine Suche am Sonntag war erfolglos geblieben. Die Ermittler gehen von einem Badeunfall aus.<\/p>\n","protected":false},"excerpt":{"rendered":"Badeunfall Ertrunkener junger Mann aus Kieler F\u00f6rde geborgen Aktualisiert am 30.06.2026 &#8211; 15:11 UhrLesedauer: 1 Min. Ein junger&hellip;\n","protected":false},"author":2,"featured_media":1132901,"comment_status":"","ping_status":"","sticky":false,"template":"","format":"standard","meta":{"footnotes":"","_share_on_mastodon":"0"},"categories":[1852],"tags":[3364,29,548,663,3934,30,13,62388,4949,31705,14,15,12,1971],"class_list":["post-1132900","post","type-post","status-publish","format-standard","has-post-thumbnail","category-kiel","tag-de","tag-deutschland","tag-eu","tag-europa","tag-europe","tag-germany","tag-headlines","tag-hitzewochenende","tag-kiel","tag-kieler-foerde","tag-nachrichten","tag-news","tag-schlagzeilen","tag-schleswig-holstein"],"share_on_mastodon":{"url":"https:\/\/pubeurope.com\/@de\/116839437554211920","error":""},"_links":{"self":[{"href":"https:\/\/www.europesays.com\/de\/wp-json\/wp\/v2\/posts\/1132900","targetHints":{"allow":["GET"]}}],"collection":[{"href":"https:\/\/www.europesays.com\/de\/wp-json\/wp\/v2\/posts"}],"about":[{"href":"https:\/\/www.europesays.com\/de\/wp-json\/wp\/v2\/types\/post"}],"author":[{"embeddable":true,"href":"https:\/\/www.europesays.com\/de\/wp-json\/wp\/v2\/users\/2"}],"replies":[{"embeddable":true,"href":"https:\/\/www.europesays.com\/de\/wp-json\/wp\/v2\/comments?post=1132900"}],"version-history":[{"count":0,"href":"https:\/\/www.europesays.com\/de\/wp-json\/wp\/v2\/posts\/1132900\/revisions"}],"wp:featuredmedia":[{"embeddable":true,"href":"https:\/\/www.europesays.com\/de\/wp-json\/wp\/v2\/media\/1132901"}],"wp:attachment":[{"href":"https:\/\/www.europesays.com\/de\/wp-json\/wp\/v2\/media?parent=1132900"}],"wp:term":[{"taxonomy":"category","embeddable":true,"href":"https:\/\/www.europesays.com\/de\/wp-json\/wp\/v2\/categories?post=1132900"},{"taxonomy":"post_tag","embeddable":true,"href":"https:\/\/www.europesays.com\/de\/wp-json\/wp\/v2\/tags?post=1132900"}],"curies":[{"name":"wp","href":"https:\/\/api.w.org\/{rel}","templated":true}]}}