{"id":1132940,"date":"2026-06-30T14:25:18","date_gmt":"2026-06-30T14:25:18","guid":{"rendered":"https:\/\/www.europesays.com\/de\/1132940\/"},"modified":"2026-06-30T14:25:18","modified_gmt":"2026-06-30T14:25:18","slug":"die-eu-draengt-auf-die-umsetzung-ihres-handelsabkommens-mit-den-usa","status":"publish","type":"post","link":"https:\/\/www.europesays.com\/de\/1132940\/","title":{"rendered":"Die EU dr\u00e4ngt auf die Umsetzung ihres Handelsabkommens mit den USA."},"content":{"rendered":"<p>Am 30. Juni gab die Europ\u00e4ische Kommission (EK) bekannt, dass die Europ\u00e4ische Union (EU) ab dem 1. Juli mit der Umsetzung ihrer Verpflichtungen aus dem mit <a class=\"data-link\" data-org-href=\"https:\/\/www.vietnam.vn\/tag\/my\" href=\"https:\/\/www.vietnam.vn\/tag\/my\" title=\"Amerika\" target=\"_blank\" rel=\"nofollow noopener\">den Vereinigten Staaten<\/a> geschlossenen Handelsabkommen beginnen werde und damit die von US-Pr\u00e4sident Donald Trump vor dem Unabh\u00e4ngigkeitstag der USA (4. Juli) gesetzte Frist einhalte.<\/p>\n<p> Der Sprecher der Europ\u00e4ischen Kommission, Olof Gill, erkl\u00e4rte gegen\u00fcber der Presse, dass die Rechtstexte zur Umsetzung des EU-Teils der Verpflichtung im Amtsblatt der EU ver\u00f6ffentlicht wurden und am 1. Juli offiziell in Kraft treten werden.<\/p>\n<p> Herr Gill betonte, dass die EU ihre Verpflichtungen aus den unterzeichneten Handelsabkommen stets vollumf\u00e4nglich erf\u00fcllt habe, und \u00e4u\u00dferte seinen Wunsch, die Zusammenarbeit mit den USA im Rahmen dieses Abkommens fortzusetzen.<\/p>\n<p> Das Handelsabkommen zwischen der EU und den USA wurde im Juli 2025 unterzeichnet. Im Rahmen dieses Abkommens verh\u00e4ngten die USA einen Zoll von 15 % auf die meisten EU-Exporte, w\u00e4hrend die EU die Z\u00f6lle auf US-Industrieg\u00fcter abschaffte.<\/p>\n<p> Dar\u00fcber hinaus stimmte die EU auch zu, einen g\u00fcnstigeren Zugang f\u00fcr bestimmte US-amerikanische Meeresfr\u00fcchte und Agrarprodukte zu gew\u00e4hren.<\/p>\n<p> Die Umsetzung der EU-Verpflichtung verz\u00f6gerte sich um Monate aufgrund von Meinungsverschiedenheiten in den bilateralen Beziehungen, darunter \u00c4u\u00dferungen von Pr\u00e4sident Trump zu Gr\u00f6nland und das Urteil des Obersten Gerichtshofs der USA, mit dem mehrere von ihm zuvor verh\u00e4ngte Z\u00f6lle aufgehoben wurden. <\/p>\n<p> Das Abkommen wurde letzte Woche von den EU-Mitgliedstaaten gebilligt, nachdem es Anfang des Monats vom Europ\u00e4ischen Parlament ratifiziert worden war. Im Rahmen des \u00dcberpr\u00fcfungsprozesses f\u00fcgte das Europ\u00e4ische Parlament mehrere Garantieklauseln hinzu, die der EU-Kommission das Recht einr\u00e4umen, die Umsetzung des Abkommens vor\u00fcbergehend auszusetzen, falls die USA ihren Verpflichtungen nicht vollst\u00e4ndig nachkommen oder Ma\u00dfnahmen ergreifen, die Handel und Investitionen beeintr\u00e4chtigen. Die Abgeordneten legten au\u00dferdem fest, dass das Abkommen Ende 2029 ausl\u00e4uft, sofern es nicht von beiden Seiten verl\u00e4ngert wird.<\/p>\n<p> Die Einigung erfolgt inmitten von Warnungen von Pr\u00e4sident Trump, dass er einen 100-prozentigen Zoll auf Waren aus europ\u00e4ischen L\u00e4ndern erheben werde, die digitale Dienstleistungssteuern auf amerikanische Technologieunternehmen erheben.<\/p>\n<p class=\"mb-0\"> Quelle: https:\/\/www.vietnamplus.vn\/eu-xuc-tien-trien-khai-thuc-thi-thoa-thuan-thuong-mai-voi-my-post1121439.vnp<\/p>\n","protected":false},"excerpt":{"rendered":"Am 30. Juni gab die Europ\u00e4ische Kommission (EK) bekannt, dass die Europ\u00e4ische Union (EU) ab dem 1. Juli&hellip;\n","protected":false},"author":2,"featured_media":1132941,"comment_status":"","ping_status":"","sticky":false,"template":"","format":"standard","meta":{"footnotes":"","_share_on_mastodon":"0"},"categories":[3977],"tags":[238576,238575,331,332,3057,13,14,15,12,4017,4018,4016,64,97490,4019,4020],"class_list":["post-1132940","post","type-post","status-publish","format-standard","has-post-thumbnail","category-usa","tag-handelskonflikt-zwischen-den-usa-und-der-eu","tag-spannungen-zwischen-den-usa-und-der-eu","tag-aktuelle-nachrichten","tag-aktuelle-news","tag-amerika","tag-headlines","tag-nachrichten","tag-news","tag-schlagzeilen","tag-united-states","tag-united-states-of-america","tag-us","tag-usa","tag-usa-eu","tag-vereinigte-staaten","tag-vereinigte-staaten-von-amerika"],"share_on_mastodon":{"url":"https:\/\/pubeurope.com\/@de\/116839522646841587","error":""},"_links":{"self":[{"href":"https:\/\/www.europesays.com\/de\/wp-json\/wp\/v2\/posts\/1132940","targetHints":{"allow":["GET"]}}],"collection":[{"href":"https:\/\/www.europesays.com\/de\/wp-json\/wp\/v2\/posts"}],"about":[{"href":"https:\/\/www.europesays.com\/de\/wp-json\/wp\/v2\/types\/post"}],"author":[{"embeddable":true,"href":"https:\/\/www.europesays.com\/de\/wp-json\/wp\/v2\/users\/2"}],"replies":[{"embeddable":true,"href":"https:\/\/www.europesays.com\/de\/wp-json\/wp\/v2\/comments?post=1132940"}],"version-history":[{"count":0,"href":"https:\/\/www.europesays.com\/de\/wp-json\/wp\/v2\/posts\/1132940\/revisions"}],"wp:featuredmedia":[{"embeddable":true,"href":"https:\/\/www.europesays.com\/de\/wp-json\/wp\/v2\/media\/1132941"}],"wp:attachment":[{"href":"https:\/\/www.europesays.com\/de\/wp-json\/wp\/v2\/media?parent=1132940"}],"wp:term":[{"taxonomy":"category","embeddable":true,"href":"https:\/\/www.europesays.com\/de\/wp-json\/wp\/v2\/categories?post=1132940"},{"taxonomy":"post_tag","embeddable":true,"href":"https:\/\/www.europesays.com\/de\/wp-json\/wp\/v2\/tags?post=1132940"}],"curies":[{"name":"wp","href":"https:\/\/api.w.org\/{rel}","templated":true}]}}