{"id":1132972,"date":"2026-06-30T14:42:21","date_gmt":"2026-06-30T14:42:21","guid":{"rendered":"https:\/\/www.europesays.com\/de\/1132972\/"},"modified":"2026-06-30T14:42:21","modified_gmt":"2026-06-30T14:42:21","slug":"ex-trainer-cristian-fiel-von-dynamo-dresden-geht-zu-rb-leipzig","status":"publish","type":"post","link":"https:\/\/www.europesays.com\/de\/1132972\/","title":{"rendered":"Ex-Trainer Cristian Fi\u00e9l von Dynamo Dresden geht zu RB Leipzig"},"content":{"rendered":"<p>F\u00fcr 15 Spiele im Einsatz <\/p>\n<p>RB Leipzig holt Ex-Trainer von Dynamo ins Team<\/p>\n<p>30.06.2026 &#8211; 16:37 UhrLesedauer: 1 Min.<\/p>\n<p><a href=\"#focus-0\" class=\"transition-colors block text-current relative\" data-sctrack=\"FocusGalleryImage.Reference\"><img fetchpriority=\"high\" data-testid=\"Opener.Image\"   loading=\"eager\" src=\"https:\/\/www.europesays.com\/de\/wp-content\/uploads\/2026\/06\/dresdens-cheftrainer-cristian-fiel-kurz-vor-dem-anpfiff-sg-dynamo-dresden-holstein-kiel-fussball-2-l.jpeg\" alt=\"imago images 0045313815\" title=\"imago images 0045313815\" width=\"5568\" height=\"3132\" class=\"bg-[url:var(--lqipURL)] bg-cover bg-center flex h-full w-full max-w-full\" style=\"--lqipURL:url('https:\/\/images.t-online.de\/2026\/06\/qGknv8ARamu0\/0x290:5568x3132\/fit-in\/150x0\/filters:blur(25)\/dresdens-cheftrainer-cristian-fiel-kurz-vor-dem-anpfiff-sg-dynamo-dresden-holstein-kiel-fussball-2-liga-saison-2019-2020-15-spieltag-rudolf-harbig-stadion-dresden-30-november-2019-dresdens-head-coach-cristian-fiel-shortly-before-the-kick-off-sg-dynamo-dresden-holstein-kiel-football-2-league-season-2019-2020-15-matchday-rudolf-harbig-stadion-dresden-30-november-2019.jpg')\" decoding=\"async\"\/><img loading=\"lazy\" src=\"https:\/\/dresden.t-online.de\/s\/paper\/_next\/static\/media\/zoom-in.f7dae02f.svg\" alt=\"Vergr\u00f6\u00dfern des Bildes\" title=\"Vergr\u00f6\u00dfern des Bildes\" class=\"block h-[calc(var(--height)_\/_16_*_1rem)] w-[calc(var(--width)_\/_16_*_1rem)] max-w-none absolute right-8 bottom-8 rounded-4 bg-snow p-8\" style=\"--width:32;--height:32\" decoding=\"async\"\/><\/a><\/p>\n<p>Dresdens Ex-Cheftrainer Cristian Fi\u00e9l im Rudolf-Harbig-Stadion (Archivbild): (Quelle: Dennis Hetzschold via www.imago-images.de\/imago)<\/p>\n<p><img loading=\"lazy\" src=\"https:\/\/dresden.t-online.de\/s\/paper\/_next\/static\/media\/audio-volume.6689034c.svg\" alt=\"\" title=\"\" class=\"block h-[calc(var(--height)_\/_16_*_1rem)] w-[calc(var(--width)_\/_16_*_1rem)] max-w-none group-hover:brightness-0 group-hover:invert\" style=\"--width:16;--height:16\" decoding=\"async\"\/>Vorlesen<\/p>\n<p>Aktuelle Zeit:0:00Gesamtdauer:0:00<\/p>\n<p>1x<\/p>\n<p class=\"text-center\">Jetzt neu bei t-online:<\/p>\n<p class=\"text-center\">Schriftgr\u00f6\u00dfe anpassen!<\/p>\n<p><img loading=\"lazy\" src=\"https:\/\/dresden.t-online.de\/s\/paper\/_next\/static\/media\/font-sizes.32942e33.svg\" alt=\"\" title=\"\" class=\"block h-[calc(var(--height)_\/_16_*_1rem)] w-[calc(var(--width)_\/_16_*_1rem)] max-w-none group-hover:hidden group-aria-expanded:hidden\" style=\"--width:16;--height:16\" decoding=\"async\"\/><img loading=\"lazy\" src=\"https:\/\/dresden.t-online.de\/s\/paper\/_next\/static\/media\/font-sizes-dark-mode.e382645c.svg\" alt=\"\" title=\"\" class=\"block h-[calc(var(--height)_\/_16_*_1rem)] w-[calc(var(--width)_\/_16_*_1rem)] max-w-none hidden group-hover:block group-aria-expanded:block\" style=\"--width:16;--height:16\" decoding=\"async\"\/><img loading=\"lazy\" src=\"https:\/\/dresden.t-online.de\/s\/paper\/_next\/static\/media\/sharing-menu-icon.1eb71368.svg\" alt=\"\" title=\"\" class=\"block h-[calc(var(--height)_\/_16_*_1rem)] w-[calc(var(--width)_\/_16_*_1rem)] max-w-none group-hover:brightness-0 group-hover:invert\" style=\"--width:16;--height:16\" decoding=\"async\"\/>Artikel teilen<\/p>\n<p class=\"font-bold text-18 leading-17 user-text-lg:text-22 user-text-xl:text-24\">Cristian Fi\u00e9l geh\u00f6rt k\u00fcnftig dem Stab von RB Leipzig an. Er war f\u00fcr 15 Spiele der Chef der Dresdner \u2013 mit durchwachsenem Erfolg.<\/p>\n<p class=\"text-18 leading-17 user-text-lg:text-22 user-text-xl:text-24\">Der neue Trainerstab von RB Leipzig steht fest. Die auff\u00e4lligste Verpflichtung ist Cristian Fi\u00e9l: Der 46-J\u00e4hrige war zuletzt Cheftrainer bei Hertha BSC und arbeitet k\u00fcnftig als Co-Trainer unter Mart\u00edn Demichelis. Zuvor hatte Fi\u00e9l auch die Mannschaft von <a href=\"https:\/\/www.t-online.de\/themen\/dynamo-dresden\/\" class=\"transition-colors cursor-pointer no-underline md:hover:text-magenta md:focus:text-magenta border-b border-solid border-current text-salemsfur md:hover:border-magenta\" data-tracking=\"{&quot;action&quot;:&quot;click&quot;,&quot;category&quot;:&quot;intextLink&quot;,&quot;label&quot;:&quot;https:\/\/www.t-online.de\/themen\/dynamo-dresden\/&quot;}\" data-sctrack=\"BodyAnchor\" rel=\"nofollow noopener\" target=\"_blank\">Dynamo Dresden<\/a> trainiert.<\/p>\n<p class=\"text-18 leading-17 user-text-lg:text-22 user-text-xl:text-24\">Nach seiner Zeit als Spieler bei Dynamo arbeitete er zun\u00e4chst als Jugendtrainer, bis er 2018 dann \u00fcbergangsweise die Profis \u00fcbernahm. Nach dem Abgang von Maik Walpurgis wurde er neuer Cheftrainer und Dynamo Dresden konnte den Klassenerhalt sichern. Doch danach ging es bergab f\u00fcr die Sachsen \u2013 nach 15 Pflichtspielen verlie\u00df Fi\u00e9l den Verein.<\/p>\n<p>Zwei Mitarbeiter bleiben im Trainerstab<\/p>\n<p class=\"text-18 leading-17 user-text-lg:text-22 user-text-xl:text-24\">Zwei weitere Zug\u00e4nge kennt Demichelis aus fr\u00fcheren Stationen. Stefan Buck arbeitete mit dem Argentinier bei Bayern M\u00fcnchen zusammen \u2013 in der U19 sowie bei der zweiten Mannschaft. Zuletzt war Buck als Co-Trainer bei Eintracht Frankfurt t\u00e4tig, sein Vertrag dort lief im Januar 2026 aus.<\/p>\n<p class=\"text-18 leading-17 user-text-lg:text-22 user-text-xl:text-24\">Zwei Mitarbeiter aus dem bisherigen Stab bleiben: Jan Zimmermann, der bereits unter Vorg\u00e4nger Ole Werner im Team war, sowie Torwarttrainer Frederik G\u00f6\u00dfling, der seit 2015 beim Klub t\u00e4tig ist.<\/p>\n","protected":false},"excerpt":{"rendered":"F\u00fcr 15 Spiele im Einsatz RB Leipzig holt Ex-Trainer von Dynamo ins Team 30.06.2026 &#8211; 16:37 UhrLesedauer: 1&hellip;\n","protected":false},"author":2,"featured_media":1132973,"comment_status":"","ping_status":"","sticky":false,"template":"","format":"standard","meta":{"footnotes":"","_share_on_mastodon":"0"},"categories":[1835],"tags":[722,17161,238582,3364,29,2386,3766,30,3140,111497,1655,3797,859,238583,228724],"class_list":["post-1132972","post","type-post","status-publish","format-standard","has-post-thumbnail","category-dresden","tag-722","tag-17161","tag-cristian-fiel","tag-de","tag-deutschland","tag-dresden","tag-dynamo-dresden","tag-germany","tag-hertha-bsc-berlin","tag-martin-demichelis","tag-rb-leipzig","tag-rudolf-harbig-stadion","tag-sachsen","tag-stefan-buck","tag-trainerstab"],"share_on_mastodon":{"url":"https:\/\/pubeurope.com\/@de\/116839591439896513","error":""},"_links":{"self":[{"href":"https:\/\/www.europesays.com\/de\/wp-json\/wp\/v2\/posts\/1132972","targetHints":{"allow":["GET"]}}],"collection":[{"href":"https:\/\/www.europesays.com\/de\/wp-json\/wp\/v2\/posts"}],"about":[{"href":"https:\/\/www.europesays.com\/de\/wp-json\/wp\/v2\/types\/post"}],"author":[{"embeddable":true,"href":"https:\/\/www.europesays.com\/de\/wp-json\/wp\/v2\/users\/2"}],"replies":[{"embeddable":true,"href":"https:\/\/www.europesays.com\/de\/wp-json\/wp\/v2\/comments?post=1132972"}],"version-history":[{"count":0,"href":"https:\/\/www.europesays.com\/de\/wp-json\/wp\/v2\/posts\/1132972\/revisions"}],"wp:featuredmedia":[{"embeddable":true,"href":"https:\/\/www.europesays.com\/de\/wp-json\/wp\/v2\/media\/1132973"}],"wp:attachment":[{"href":"https:\/\/www.europesays.com\/de\/wp-json\/wp\/v2\/media?parent=1132972"}],"wp:term":[{"taxonomy":"category","embeddable":true,"href":"https:\/\/www.europesays.com\/de\/wp-json\/wp\/v2\/categories?post=1132972"},{"taxonomy":"post_tag","embeddable":true,"href":"https:\/\/www.europesays.com\/de\/wp-json\/wp\/v2\/tags?post=1132972"}],"curies":[{"name":"wp","href":"https:\/\/api.w.org\/{rel}","templated":true}]}}