{"id":1133074,"date":"2026-06-30T15:39:17","date_gmt":"2026-06-30T15:39:17","guid":{"rendered":"https:\/\/www.europesays.com\/de\/1133074\/"},"modified":"2026-06-30T15:39:17","modified_gmt":"2026-06-30T15:39:17","slug":"bielefeld-betrug-um-eine-klimaanlage","status":"publish","type":"post","link":"https:\/\/www.europesays.com\/de\/1133074\/","title":{"rendered":"Bielefeld: Betrug um eine Klimaanlage"},"content":{"rendered":"<p>Er wollte eine Klimaanlage kaufen, dabei ist ein Bielefelder am Wochenende auf einen Betr\u00fcger hereingefallen. Der 65-J\u00e4hrige hatte das Ger\u00e4t auf einer Online-Plattform gefunden und den Verk\u00e4ufer kontaktiert. Beide einigten sich auf einen Preis und der Bielefelder sollte das Geld per PayPal \u00fcberweisen \u2013 ausdr\u00fccklich auch \u00fcber die Funktion \u201eFreunde und Familie&#8220;, dabei f\u00e4llt der K\u00e4uferschutz weg.<\/p>\n<p>Bielefelder wird misstrauisch und informiert die Polizei<\/p>\n<p>Als der Betr\u00fcger etwas sp\u00e4ter behauptete, dass sein Konto gesperrt worden sei und das Geld auf ein anderes Konto \u00fcberwiesen werden sollte, wurde der Bielefelder skeptisch und schaltete die Polizei ein.<\/p>\n","protected":false},"excerpt":{"rendered":"Er wollte eine Klimaanlage kaufen, dabei ist ein Bielefelder am Wochenende auf einen Betr\u00fcger hereingefallen. Der 65-J\u00e4hrige hatte&hellip;\n","protected":false},"author":2,"featured_media":1133075,"comment_status":"","ping_status":"","sticky":false,"template":"","format":"standard","meta":{"footnotes":"","_share_on_mastodon":"0"},"categories":[1841],"tags":[1483,1605,3364,29,30,90821,1584,1209,6415],"class_list":["post-1133074","post","type-post","status-publish","format-standard","has-post-thumbnail","category-bielefeld","tag-betrug","tag-bielefeld","tag-de","tag-deutschland","tag-germany","tag-internetbetrug","tag-kriminalitaet","tag-nordrhein-westfalen","tag-paypal"],"share_on_mastodon":{"url":"https:\/\/pubeurope.com\/@de\/116839813380763472","error":""},"_links":{"self":[{"href":"https:\/\/www.europesays.com\/de\/wp-json\/wp\/v2\/posts\/1133074","targetHints":{"allow":["GET"]}}],"collection":[{"href":"https:\/\/www.europesays.com\/de\/wp-json\/wp\/v2\/posts"}],"about":[{"href":"https:\/\/www.europesays.com\/de\/wp-json\/wp\/v2\/types\/post"}],"author":[{"embeddable":true,"href":"https:\/\/www.europesays.com\/de\/wp-json\/wp\/v2\/users\/2"}],"replies":[{"embeddable":true,"href":"https:\/\/www.europesays.com\/de\/wp-json\/wp\/v2\/comments?post=1133074"}],"version-history":[{"count":0,"href":"https:\/\/www.europesays.com\/de\/wp-json\/wp\/v2\/posts\/1133074\/revisions"}],"wp:featuredmedia":[{"embeddable":true,"href":"https:\/\/www.europesays.com\/de\/wp-json\/wp\/v2\/media\/1133075"}],"wp:attachment":[{"href":"https:\/\/www.europesays.com\/de\/wp-json\/wp\/v2\/media?parent=1133074"}],"wp:term":[{"taxonomy":"category","embeddable":true,"href":"https:\/\/www.europesays.com\/de\/wp-json\/wp\/v2\/categories?post=1133074"},{"taxonomy":"post_tag","embeddable":true,"href":"https:\/\/www.europesays.com\/de\/wp-json\/wp\/v2\/tags?post=1133074"}],"curies":[{"name":"wp","href":"https:\/\/api.w.org\/{rel}","templated":true}]}}