{"id":1133138,"date":"2026-06-30T16:15:18","date_gmt":"2026-06-30T16:15:18","guid":{"rendered":"https:\/\/www.europesays.com\/de\/1133138\/"},"modified":"2026-06-30T16:15:18","modified_gmt":"2026-06-30T16:15:18","slug":"demichelis-holt-ihn-ex-hertha-coach-nun-in-leipzig","status":"publish","type":"post","link":"https:\/\/www.europesays.com\/de\/1133138\/","title":{"rendered":"Demichelis holt ihn: Ex-Hertha-Coach nun in Leipzig"},"content":{"rendered":"<p>Die <a href=\"https:\/\/www.fussballdaten.de\/news\/klopp-rechtfertigt-werner-aus-klasse-job-gemacht\/\" target=\"_blank\" rel=\"nofollow noopener\">Trennung von Ole Werner<\/a> kam \u00fcberraschend. Der 38-J\u00e4hrige ist mit <a href=\"https:\/\/www.fussballdaten.de\/vereine\/rb-leipzig\/\" title=\"Profil von RB Leipzig\" rel=\"nofollow noopener\" target=\"_blank\">RB Leipzig<\/a> nicht nur Dritter geworden, sondern hat den Klub zur\u00fcck in die Champions League gef\u00fchrt. Ab sofort <a href=\"https:\/\/www.fussballdaten.de\/news\/rb-leipzig-bestaetigt-offiziell-demichelis-wird-neuer-cheftrainer\/\" target=\"_blank\" rel=\"nofollow noopener\">\u00fcbernimmt Martin Demichelis<\/a> die Mannschaft, nachdem Leipzig den Argentinier von RCD Mallorca loseiste. Dem 45-J\u00e4hrigen fehlte noch sein kompletter Trainerstab, der nun auch offiziell ist.<\/p>\n<p class=\"mb20 mt30\">Wie die Sachsen am Dienstagvormittag best\u00e4tigten, dass k\u00fcnftig Stefan Buck, Cristian Fi\u00e9l und Mariano Cambursano die Assistenten von Demichelis sein werden. Teil des Trainerteams bleiben Jan Zimmermann (seit vergangenem Jahr bei RB) und der langj\u00e4hrige Torwarttrainer Frederik G\u00f6\u00dfling.<\/p>\n<p class=\"mb20 mt30\">Gesch\u00e4ftsf\u00fchrer Sport Marcel Sch\u00e4fer erkl\u00e4rte in einer Pressemitteilung: &#8222;Wir freuen uns, die wichtigen Positionen im Trainerteam mit starken Pers\u00f6nlichkeiten, unterschiedlichen Historien und sehr gro\u00dfer Expertise besetzt zu haben. Wir sind gemeinsam mit Martin \u00fcberzeugt davon, in dieser Trainerkonstellation erfolgreich arbeiten und unsere ambitionierten Ziele erreichen zu k\u00f6nnen.&#8220;<\/p>\n<p>Fi\u00e9l zuletzt Hertha-Coach \u2013 Buck kennt Demichelis<\/p>\n<p class=\"mb20 mt30\">Die Erfahrungen eines Cheftrainers hat Fi\u00e9l. Zuvor trainierte der spanisch-sprechende Ex-Profi den <a href=\"https:\/\/www.fussballdaten.de\/vereine\/1-fc-nuernberg\/\" title=\"Profil von 1. FC N\u00fcrnberg\" rel=\"nofollow noopener\" target=\"_blank\">1. FC N\u00fcrnberg<\/a>, seinen ehemaligen Klub <a href=\"https:\/\/www.fussballdaten.de\/vereine\/dynamo-dresden\/\" title=\"Profil von Dynamo Dresden\" rel=\"nofollow noopener\" target=\"_blank\">Dynamo Dresden<\/a> und zuletzt <a href=\"https:\/\/www.fussballdaten.de\/vereine\/hertha-bsc\/\" title=\"Profil von Hertha BSC\" rel=\"nofollow noopener\" target=\"_blank\">Hertha BSC<\/a>. Seit Februar \u2013 als Stefan Leitl ihn in Berlin ersetzte \u2013 war seitdem vereinslos.<\/p>\n<p class=\"mb20 mt30\">Demichelis kennt zudem Buck von seiner Zeit beim <a href=\"https:\/\/www.fussballdaten.de\/vereine\/fc-bayern-muenchen\/\" title=\"Profil von FC Bayern M\u00fcnchen\" rel=\"nofollow noopener\" target=\"_blank\">FC Bayern M\u00fcnchen<\/a>. Damals assistierte ihn der 45-J\u00e4hrige bei der U19 und anschlie\u00dfend bei der M\u00fcnchener Zweitvertretung. Buck kennt seinen neuen, alten Chef \u00fcbrigens auch aus der gemeinsamen Zeiten als Youngster bei der U23 der Bayern. Zuletzt fungierte er als Co-Trainer bei <a href=\"https:\/\/www.fussballdaten.de\/vereine\/eintracht-frankfurt\/\" title=\"Profil von Eintracht Frankfurt\" rel=\"nofollow noopener\" target=\"_blank\">Eintracht Frankfurt<\/a>, von 2023 bis Anfang dieses Jahr unter Dino Toppm\u00f6ller. Dieser ist inzwischen Trainer von RC Lens, wo Fi\u00e9ls ehemaliger Sch\u00fctzling <a href=\"https:\/\/www.fussballdaten.de\/person\/michael-cuisance\/\" title=\"Profil von Michael Cuisance\" rel=\"nofollow noopener\" target=\"_blank\">Michael Cuisance<\/a> <a href=\"https:\/\/www.fussballdaten.de\/news\/vereine-bestaetigen-cuisance-verlaesst-hertha-richtung-heimat\/\" target=\"_blank\" rel=\"nofollow noopener\">nun spielen wird.<\/a><\/p>\n<p class=\"mb20 mt30\">Cambursano ist in Deutschland eher unbekannt. Den Assistenztrainer bringt Demichelis aus Mallorca mit. Er hatte bereits bei dessen Stationen River Plate und CF Monterrey an seiner gearbeitet und soll in Leipzig f\u00fcr f\u00fcr die Gegner- und Videoanalyse zust\u00e4ndig sein.<\/p>\n<p><img loading=\"lazy\" decoding=\"async\" src=\"https:\/\/www.europesays.com\/de\/wp-content\/uploads\/2026\/06\/d73a9a0bcc9a4316bf507d674a33cf3d.gif\" width=\"1\" height=\"1\" alt=\"\" class=\"mb20 mt30\"\/><\/p>\n","protected":false},"excerpt":{"rendered":"Die Trennung von Ole Werner kam \u00fcberraschend. Der 38-J\u00e4hrige ist mit RB Leipzig nicht nur Dritter geworden, sondern&hellip;\n","protected":false},"author":2,"featured_media":1133139,"comment_status":"","ping_status":"","sticky":false,"template":"","format":"standard","meta":{"footnotes":"","_share_on_mastodon":"0"},"categories":[1832],"tags":[783,238582,3364,238587,29,3766,460,458,238588,30,8352,1088,71,7318,111497,1655,5083,859],"class_list":["post-1133138","post","type-post","status-publish","format-standard","has-post-thumbnail","category-leipzig","tag-1-fc-nuernberg","tag-cristian-fiel","tag-de","tag-demichelis-leipzig","tag-deutschland","tag-dynamo-dresden","tag-eintracht-frankfurt","tag-fc-bayern-muenchen","tag-fiel-hertha","tag-germany","tag-hertha","tag-hertha-bsc","tag-leipzig","tag-leipzig-trainer","tag-martin-demichelis","tag-rb-leipzig","tag-rcd-mallorca","tag-sachsen"],"share_on_mastodon":{"url":"https:\/\/pubeurope.com\/@de\/116839956857019797","error":""},"_links":{"self":[{"href":"https:\/\/www.europesays.com\/de\/wp-json\/wp\/v2\/posts\/1133138","targetHints":{"allow":["GET"]}}],"collection":[{"href":"https:\/\/www.europesays.com\/de\/wp-json\/wp\/v2\/posts"}],"about":[{"href":"https:\/\/www.europesays.com\/de\/wp-json\/wp\/v2\/types\/post"}],"author":[{"embeddable":true,"href":"https:\/\/www.europesays.com\/de\/wp-json\/wp\/v2\/users\/2"}],"replies":[{"embeddable":true,"href":"https:\/\/www.europesays.com\/de\/wp-json\/wp\/v2\/comments?post=1133138"}],"version-history":[{"count":0,"href":"https:\/\/www.europesays.com\/de\/wp-json\/wp\/v2\/posts\/1133138\/revisions"}],"wp:featuredmedia":[{"embeddable":true,"href":"https:\/\/www.europesays.com\/de\/wp-json\/wp\/v2\/media\/1133139"}],"wp:attachment":[{"href":"https:\/\/www.europesays.com\/de\/wp-json\/wp\/v2\/media?parent=1133138"}],"wp:term":[{"taxonomy":"category","embeddable":true,"href":"https:\/\/www.europesays.com\/de\/wp-json\/wp\/v2\/categories?post=1133138"},{"taxonomy":"post_tag","embeddable":true,"href":"https:\/\/www.europesays.com\/de\/wp-json\/wp\/v2\/tags?post=1133138"}],"curies":[{"name":"wp","href":"https:\/\/api.w.org\/{rel}","templated":true}]}}