{"id":1133288,"date":"2026-06-30T17:42:13","date_gmt":"2026-06-30T17:42:13","guid":{"rendered":"https:\/\/www.europesays.com\/de\/1133288\/"},"modified":"2026-06-30T17:42:13","modified_gmt":"2026-06-30T17:42:13","slug":"fellbach-wege-wieder-frei-aber-naechste-sperrung-kommt-100-kranke-baeume-nachrichten-aus-fellbach","status":"publish","type":"post","link":"https:\/\/www.europesays.com\/de\/1133288\/","title":{"rendered":"Fellbach: Wege wieder frei, aber n\u00e4chste Sperrung kommt \u2013 100 kranke B\u00e4ume &#8211; Nachrichten aus Fellbach"},"content":{"rendered":"<p><strong>Fellbach. <\/strong> Die gesperrten Wege im Weidachtal und Richtung Remseck sind wieder frei. Wie die Stadt Fellbach  mitteilt, wurden die kranken Eschen dort gef\u00e4llt. Diese stellten f\u00fcr Fu\u00dfg\u00e4nger und Radfahrer eine Lebensgefahr dar. Weiterhin ist jedoch der Radweg von der Landungsbr\u00fccke Richtung Stuttgart gesperrt. Dort sollen bald B\u00e4ume gef\u00e4llt werden. Das Wichtigste zusammengefasst:<\/p>\n<p>Aktuell werden die Baumf\u00e4llarbeiten am Neckar Richtung Stuttgart  vorbereitet, hei\u00dft es in<\/p>\n","protected":false},"excerpt":{"rendered":"Fellbach. Die gesperrten Wege im Weidachtal und Richtung Remseck sind wieder frei. Wie die Stadt Fellbach mitteilt, wurden&hellip;\n","protected":false},"author":2,"featured_media":1133289,"comment_status":"","ping_status":"","sticky":false,"template":"","format":"standard","meta":{"footnotes":"","_share_on_mastodon":"0"},"categories":[1830],"tags":[1634,9180,3364,29,234321,180522,4151,6725,238617,5715,2464,30,238618,14480,92498,8733,183866,238619,1441,238620,191400,234323],"class_list":["post-1133288","post","type-post","status-publish","format-standard","has-post-thumbnail","category-stuttgart","tag-baden-wuerttemberg","tag-baeume","tag-de","tag-deutschland","tag-eschen","tag-eschentriebsterben","tag-faellen","tag-fellbach","tag-forstamtsleiter","tag-fussgaenger","tag-gefahr","tag-germany","tag-landungssteg","tag-neckar","tag-parasiten","tag-radweg","tag-remseck","tag-silent-disco","tag-stuttgart","tag-uli-haeussermann","tag-un_was-gibt-es-neues","tag-weidachtal"],"share_on_mastodon":{"url":"https:\/\/pubeurope.com\/@de\/116840297224588816","error":""},"_links":{"self":[{"href":"https:\/\/www.europesays.com\/de\/wp-json\/wp\/v2\/posts\/1133288","targetHints":{"allow":["GET"]}}],"collection":[{"href":"https:\/\/www.europesays.com\/de\/wp-json\/wp\/v2\/posts"}],"about":[{"href":"https:\/\/www.europesays.com\/de\/wp-json\/wp\/v2\/types\/post"}],"author":[{"embeddable":true,"href":"https:\/\/www.europesays.com\/de\/wp-json\/wp\/v2\/users\/2"}],"replies":[{"embeddable":true,"href":"https:\/\/www.europesays.com\/de\/wp-json\/wp\/v2\/comments?post=1133288"}],"version-history":[{"count":0,"href":"https:\/\/www.europesays.com\/de\/wp-json\/wp\/v2\/posts\/1133288\/revisions"}],"wp:featuredmedia":[{"embeddable":true,"href":"https:\/\/www.europesays.com\/de\/wp-json\/wp\/v2\/media\/1133289"}],"wp:attachment":[{"href":"https:\/\/www.europesays.com\/de\/wp-json\/wp\/v2\/media?parent=1133288"}],"wp:term":[{"taxonomy":"category","embeddable":true,"href":"https:\/\/www.europesays.com\/de\/wp-json\/wp\/v2\/categories?post=1133288"},{"taxonomy":"post_tag","embeddable":true,"href":"https:\/\/www.europesays.com\/de\/wp-json\/wp\/v2\/tags?post=1133288"}],"curies":[{"name":"wp","href":"https:\/\/api.w.org\/{rel}","templated":true}]}}