{"id":1133290,"date":"2026-06-30T17:43:18","date_gmt":"2026-06-30T17:43:18","guid":{"rendered":"https:\/\/www.europesays.com\/de\/1133290\/"},"modified":"2026-06-30T17:43:18","modified_gmt":"2026-06-30T17:43:18","slug":"wetter-stuttgart-bawue-wo-jetzt-schwere-gewitter-und-starkregen-drohen","status":"publish","type":"post","link":"https:\/\/www.europesays.com\/de\/1133290\/","title":{"rendered":"Wetter Stuttgart BaW\u00fc: Wo jetzt schwere Gewitter und Starkregen drohen"},"content":{"rendered":"<p>Gewitter, Starkregen und Hagel <\/p>\n<p>Nach Temperaturrekord: Wann im S\u00fcdwesten Unwetter anstehen<\/p>\n<p>Aktualisiert am 30.06.2026 &#8211; 19:31 UhrLesedauer: 2 Min.<\/p>\n<p><a href=\"#focus-0\" class=\"transition-colors block text-current relative\" data-sctrack=\"FocusGalleryImage.Reference\"><img fetchpriority=\"high\" data-testid=\"Opener.Image\"   loading=\"eager\" src=\"https:\/\/www.europesays.com\/de\/wp-content\/uploads\/2026\/06\/blitzspektakel-ueber-stuttgart-archivbild-auch-der-dwd-erwartet-gewitter-im-suedwesten.jpg\" alt=\"Blitzspektakel \u00fcber Stuttgart (Archivbild): Auch der DWD erwartet Gewitter im S\u00fcdwesten.\" title=\"Blitzspektakel \u00fcber Stuttgart (Archivbild): Auch der DWD erwartet Gewitter im S\u00fcdwesten.\" width=\"4000\" height=\"2250\" class=\"bg-[url:var(--lqipURL)] bg-cover bg-center flex h-full w-full max-w-full\" style=\"--lqipURL:url('https:\/\/images.t-online.de\/2023\/03\/XFcaBmlGUYUk\/0x209:4000x2250\/fit-in\/150x0\/filters:blur(25)\/blitzspektakel-ueber-stuttgart-archivbild-auch-der-dwd-erwartet-gewitter-im-suedwesten.jpg')\" decoding=\"async\"\/><img loading=\"lazy\" src=\"https:\/\/stuttgart.t-online.de\/s\/paper\/_next\/static\/media\/zoom-in.f7dae02f.svg\" alt=\"Vergr\u00f6\u00dfern des Bildes\" title=\"Vergr\u00f6\u00dfern des Bildes\" class=\"block h-[calc(var(--height)_\/_16_*_1rem)] w-[calc(var(--width)_\/_16_*_1rem)] max-w-none absolute right-8 bottom-8 rounded-4 bg-snow p-8\" style=\"--width:32;--height:32\" decoding=\"async\"\/><\/a><\/p>\n<p>Blitzspektakel \u00fcber Stuttgart (Archivbild): Auch der DWD erwartet Gewitter im S\u00fcdwesten.<\/p>\n<p><img loading=\"lazy\" src=\"https:\/\/stuttgart.t-online.de\/s\/paper\/_next\/static\/media\/audio-volume.6689034c.svg\" alt=\"\" title=\"\" class=\"block h-[calc(var(--height)_\/_16_*_1rem)] w-[calc(var(--width)_\/_16_*_1rem)] max-w-none group-hover:brightness-0 group-hover:invert\" style=\"--width:16;--height:16\" decoding=\"async\"\/>Vorlesen<\/p>\n<p>Aktuelle Zeit:0:00Gesamtdauer:0:00<\/p>\n<p>1x<\/p>\n<p class=\"text-center\">Jetzt neu bei t-online:<\/p>\n<p class=\"text-center\">Schriftgr\u00f6\u00dfe anpassen!<\/p>\n<p><img loading=\"lazy\" src=\"https:\/\/stuttgart.t-online.de\/s\/paper\/_next\/static\/media\/font-sizes.32942e33.svg\" alt=\"\" title=\"\" class=\"block h-[calc(var(--height)_\/_16_*_1rem)] w-[calc(var(--width)_\/_16_*_1rem)] max-w-none group-hover:hidden group-aria-expanded:hidden\" style=\"--width:16;--height:16\" decoding=\"async\"\/><img loading=\"lazy\" src=\"https:\/\/stuttgart.t-online.de\/s\/paper\/_next\/static\/media\/font-sizes-dark-mode.e382645c.svg\" alt=\"\" title=\"\" class=\"block h-[calc(var(--height)_\/_16_*_1rem)] w-[calc(var(--width)_\/_16_*_1rem)] max-w-none hidden group-hover:block group-aria-expanded:block\" style=\"--width:16;--height:16\" decoding=\"async\"\/><img loading=\"lazy\" src=\"https:\/\/stuttgart.t-online.de\/s\/paper\/_next\/static\/media\/sharing-menu-icon.1eb71368.svg\" alt=\"\" title=\"\" class=\"block h-[calc(var(--height)_\/_16_*_1rem)] w-[calc(var(--width)_\/_16_*_1rem)] max-w-none group-hover:brightness-0 group-hover:invert\" style=\"--width:16;--height:16\" decoding=\"async\"\/>Artikel teilen<\/p>\n<p class=\"font-bold text-18 leading-17 user-text-lg:text-22 user-text-xl:text-24\">Nach extrem hei\u00dfen Tagen und Temperaturrekorden schwingt das Wetter um. Der DWD rechnet in Baden-W\u00fcrttemberg mit Gewittern, Starkregen und sogar Hagel.<\/p>\n<p class=\"text-18 leading-17 user-text-lg:text-22 user-text-xl:text-24\">Die Temperaturen sind in Baden-W\u00fcrttemberg gesunken. Am Abend steigt das Gewitter-Risiko. Derzeit gilt in 9 Kreisen eine Unwetterwarnung vor schwerem Gewitter, heftigem Starkregen und Hagel mit Korngr\u00f6\u00dfe drei Zentimeter.<\/p>\n<p class=\"text-18 leading-17 user-text-lg:text-22 user-text-xl:text-24\">Auch der Raum Stuttgart ist betroffen. Hier gilt derzeit im Kreis B\u00f6blingen und im Kreis Esslingen Alarmstufe Rot. F\u00fcr Stuttgart, Kreis Ludwigsburg und den Rems-Murr-Kreis gilt eine amtliche Wetterwarnung vor starken Gewittern.<\/p>\n<p class=\"text-18 leading-17 user-text-lg:text-22 user-text-xl:text-24\">Derzeit gilt die Unwetterwarnung noch in neun weiteren Kreisen:<\/p>\n<ul class=\"text-18 leading-17 block pl-24 *:pb-16 *:before:inline-block *:before:size-8 *:before:bg-magenta *:before:mt-0 *:before:mr-12 *:before:mb-2 *:before:-ml-[20px]\">\n<li>Schwarzwald-Baar-Kreis<\/li>\n<li>Kreis Konstanz<\/li>\n<li>Kreis Tuttlingen<\/li>\n<li>Kreis Sigmaringen<\/li>\n<li>Bodenseekreis<\/li>\n<li>Kreis Ravensburg<\/li>\n<li>Kreis Reutlingen<\/li>\n<li>Kreis G\u00f6ppingen<\/li>\n<li>Ostalbkreis<\/li>\n<\/ul>\n<p>Wetterentwicklung in dieser Woche<\/p>\n<p class=\"text-18 leading-17 user-text-lg:text-22 user-text-xl:text-24\">Der Deutsche Wetterdienst (DWD) hat eine Vorabinformation Unwetter herausgegeben. Am sp\u00e4ten Dienstagabend und in der Nacht zum Mittwoch bilden sich &#8222;vermehrt unwetterartige Gewitter, die sich zu einem gr\u00f6\u00dferen Gewitterkomplex zusammenschlie\u00dfen&#8220;. Die Hauptgefahr gehe von Starkregen aus. Demnach k\u00f6nnen gebietsweise in einer Stunde bis zu 40 Liter auf den Quadratmeter fallen. Punktuell seien Mengen um 80 Liter pro Quadratmeter in kurzer Zeit nicht ausgeschlossen, so die Warnung.<\/p>\n<ul class=\"text-18 leading-17 block pl-24 *:pb-16 *:before:inline-block *:before:size-8 *:before:bg-magenta *:before:mt-0 *:before:mr-12 *:before:mb-2 *:before:-ml-[20px]\">\n<li><a href=\"https:\/\/stuttgart.t-online.de\/region\/stuttgart\/id_101320748\/wetter-stuttgart-und-bawue-unwetterfront-und-starkregen-dann-wieder-hitze.html\" class=\"transition-colors cursor-pointer no-underline md:hover:text-magenta md:focus:text-magenta border-b border-solid border-current text-salemsfur md:hover:border-magenta\" data-tracking=\"{&quot;action&quot;:&quot;click&quot;,&quot;category&quot;:&quot;intextLink&quot;,&quot;label&quot;:&quot;\/region\/stuttgart\/id_101320748\/wetter-stuttgart-und-bawue-unwetterfront-und-starkregen-dann-wieder-hitze.html&quot;}\" data-sctrack=\"BodyAnchor\" rel=\"nofollow noopener\" target=\"_blank\">Stuttgart drohen bald wieder fast 40 Grad<\/a><\/li>\n<\/ul>\n<p class=\"text-18 leading-17 user-text-lg:text-22 user-text-xl:text-24\">Am Mittwoch soll es zun\u00e4chst vor allem im S\u00fcdosten Baden-W\u00fcrttembergs noch regnen und gewittern. Im Tagesverlauf ziehen die Niederschl\u00e4ge der Vorhersage zufolge nach Bayern ab, von Westen her lockert der Himmel zunehmend auf. Die H\u00f6chstwerte liegen voraussichtlich zwischen 22 und 28 Grad.<\/p>\n<p class=\"text-18 leading-17 user-text-lg:text-22 user-text-xl:text-24\">In der Nacht zu Donnerstag k\u00f6nnen sich die Menschen wieder \u00fcber eine k\u00fchle Nacht freuen. Erstmals werden laut DWD wieder 10 bis 14 Grad erwartet. &#8222;Da kann man dann wieder durchatmen&#8220;, sagte der DWD-Meteorologe. W\u00e4hrend der Hitzewelle herrschten auch nach Sonnenuntergang verbreitet Temperaturen von deutlich mehr als 20 Grad.<\/p>\n<p>Temperaturrekord im S\u00fcdwesten geknackt<\/p>\n<p class=\"text-18 leading-17 user-text-lg:text-22 user-text-xl:text-24\">Am Samstag war es mit 41,4 Grad in Wagh\u00e4usel-Kirrlach (Kreis Karlsruhe) so hei\u00df wie nie zuvor im S\u00fcdwesten, wie der DWD auf Grundlage vorl\u00e4ufiger Daten mitteilte. Schon am Freitag war in Wagh\u00e4usel-Kirrlach der bisherige Temperaturrekord im S\u00fcdwesten mit 40,6 Grad geknackt worden. Zuvor hatte der Temperaturrekord bei 40,3 Grad \u2013 gemessen am 20. Juli 2022 in Bad Mergentheim \u2013 gelegen.<\/p>\n","protected":false},"excerpt":{"rendered":"Gewitter, Starkregen und Hagel Nach Temperaturrekord: Wann im S\u00fcdwesten Unwetter anstehen Aktualisiert am 30.06.2026 &#8211; 19:31 UhrLesedauer: 2&hellip;\n","protected":false},"author":2,"featured_media":1133291,"comment_status":"","ping_status":"","sticky":false,"template":"","format":"standard","meta":{"footnotes":"","_share_on_mastodon":"0"},"categories":[1830],"tags":[1634,235327,23660,194702,3364,29,4906,3439,30,46691,16033,238621,11680,32966,70834,1441,48137,33153,1973],"class_list":["post-1133290","post","type-post","status-publish","format-standard","has-post-thumbnail","category-stuttgart","tag-baden-wuerttemberg","tag-blitzspektakel","tag-boeblingen","tag-bodenseekreis","tag-de","tag-deutschland","tag-dwd","tag-esslingen","tag-germany","tag-goeppingen","tag-ludwigsburg","tag-ostalbkreis","tag-ravensburg","tag-reutlingen","tag-sigmaringen","tag-stuttgart","tag-tuttlingen","tag-unwettergefahr","tag-wetter"],"share_on_mastodon":{"url":"https:\/\/pubeurope.com\/@de\/116840302973991866","error":""},"_links":{"self":[{"href":"https:\/\/www.europesays.com\/de\/wp-json\/wp\/v2\/posts\/1133290","targetHints":{"allow":["GET"]}}],"collection":[{"href":"https:\/\/www.europesays.com\/de\/wp-json\/wp\/v2\/posts"}],"about":[{"href":"https:\/\/www.europesays.com\/de\/wp-json\/wp\/v2\/types\/post"}],"author":[{"embeddable":true,"href":"https:\/\/www.europesays.com\/de\/wp-json\/wp\/v2\/users\/2"}],"replies":[{"embeddable":true,"href":"https:\/\/www.europesays.com\/de\/wp-json\/wp\/v2\/comments?post=1133290"}],"version-history":[{"count":0,"href":"https:\/\/www.europesays.com\/de\/wp-json\/wp\/v2\/posts\/1133290\/revisions"}],"wp:featuredmedia":[{"embeddable":true,"href":"https:\/\/www.europesays.com\/de\/wp-json\/wp\/v2\/media\/1133291"}],"wp:attachment":[{"href":"https:\/\/www.europesays.com\/de\/wp-json\/wp\/v2\/media?parent=1133290"}],"wp:term":[{"taxonomy":"category","embeddable":true,"href":"https:\/\/www.europesays.com\/de\/wp-json\/wp\/v2\/categories?post=1133290"},{"taxonomy":"post_tag","embeddable":true,"href":"https:\/\/www.europesays.com\/de\/wp-json\/wp\/v2\/tags?post=1133290"}],"curies":[{"name":"wp","href":"https:\/\/api.w.org\/{rel}","templated":true}]}}