{"id":1133298,"date":"2026-06-30T17:47:19","date_gmt":"2026-06-30T17:47:19","guid":{"rendered":"https:\/\/www.europesays.com\/de\/1133298\/"},"modified":"2026-06-30T17:47:19","modified_gmt":"2026-06-30T17:47:19","slug":"bundeskanzler-friederich-merz-besucht-koeln-proteste-geplant","status":"publish","type":"post","link":"https:\/\/www.europesays.com\/de\/1133298\/","title":{"rendered":"Bundeskanzler Friederich Merz besucht K\u00f6ln \u2013 Proteste geplant"},"content":{"rendered":"<p>Er\u00f6ffnung der Adenauer School of Government <\/p>\n<p>Merz kommt nach K\u00f6ln \u2013 Kritik an Besuch<\/p>\n<p>30.06.2026 &#8211; 19:30 UhrLesedauer: 2 Min.<\/p>\n<p><a href=\"#focus-0\" class=\"transition-colors block text-current relative\" data-sctrack=\"FocusGalleryImage.Reference\"><img fetchpriority=\"high\" data-testid=\"Opener.Image\"   loading=\"eager\" src=\"https:\/\/www.europesays.com\/de\/wp-content\/uploads\/2026\/06\/friedrich-merz-der-cdu-vorsitzende-folgt-nach-eigener-aussage-einer-einladung-des-ukrainischen-parla.jpeg\" alt=\"Friedrich Merz: Der CDU-Vorsitzende folgt nach eigener Aussage einer Einladung des ukrainischen Parlaments nach Kiew.\" title=\"Friedrich Merz: Der CDU-Vorsitzende folgt nach eigener Aussage einer Einladung des ukrainischen Parlaments nach Kiew.\" width=\"1920\" height=\"1080\" class=\"bg-[url:var(--lqipURL)] bg-cover bg-center flex h-full w-full max-w-full\" style=\"--lqipURL:url('https:\/\/images.t-online.de\/2022\/05\/92118632v3\/0x135:1920x1080\/fit-in\/150x0\/filters:blur(25)\/friedrich-merz-der-cdu-vorsitzende-folgt-nach-eigener-aussage-einer-einladung-des-ukrainischen-parlaments-nach-kiew.jpg')\" decoding=\"async\"\/><img loading=\"lazy\" src=\"https:\/\/koeln.t-online.de\/s\/paper\/_next\/static\/media\/zoom-in.f7dae02f.svg\" alt=\"Vergr\u00f6\u00dfern des Bildes\" title=\"Vergr\u00f6\u00dfern des Bildes\" class=\"block h-[calc(var(--height)_\/_16_*_1rem)] w-[calc(var(--width)_\/_16_*_1rem)] max-w-none absolute right-8 bottom-8 rounded-4 bg-snow p-8\" style=\"--width:32;--height:32\" decoding=\"async\"\/><\/a><\/p>\n<p>Bundeskanzler Friedrich Merz: Er wird am 13. Juli an der Universit\u00e4t zu K\u00f6ln erwartet. (Quelle: Oliver Berg\/dpa)<\/p>\n<p><img loading=\"lazy\" src=\"https:\/\/koeln.t-online.de\/s\/paper\/_next\/static\/media\/audio-volume.6689034c.svg\" alt=\"\" title=\"\" class=\"block h-[calc(var(--height)_\/_16_*_1rem)] w-[calc(var(--width)_\/_16_*_1rem)] max-w-none group-hover:brightness-0 group-hover:invert\" style=\"--width:16;--height:16\" decoding=\"async\"\/>Vorlesen<\/p>\n<p>Aktuelle Zeit:0:00Gesamtdauer:0:00<\/p>\n<p>1x<\/p>\n<p class=\"text-center\">Jetzt neu bei t-online:<\/p>\n<p class=\"text-center\">Schriftgr\u00f6\u00dfe anpassen!<\/p>\n<p><img loading=\"lazy\" src=\"https:\/\/koeln.t-online.de\/s\/paper\/_next\/static\/media\/font-sizes.32942e33.svg\" alt=\"\" title=\"\" class=\"block h-[calc(var(--height)_\/_16_*_1rem)] w-[calc(var(--width)_\/_16_*_1rem)] max-w-none group-hover:hidden group-aria-expanded:hidden\" style=\"--width:16;--height:16\" decoding=\"async\"\/><img loading=\"lazy\" src=\"https:\/\/koeln.t-online.de\/s\/paper\/_next\/static\/media\/font-sizes-dark-mode.e382645c.svg\" alt=\"\" title=\"\" class=\"block h-[calc(var(--height)_\/_16_*_1rem)] w-[calc(var(--width)_\/_16_*_1rem)] max-w-none hidden group-hover:block group-aria-expanded:block\" style=\"--width:16;--height:16\" decoding=\"async\"\/><img loading=\"lazy\" src=\"https:\/\/koeln.t-online.de\/s\/paper\/_next\/static\/media\/sharing-menu-icon.1eb71368.svg\" alt=\"\" title=\"\" class=\"block h-[calc(var(--height)_\/_16_*_1rem)] w-[calc(var(--width)_\/_16_*_1rem)] max-w-none group-hover:brightness-0 group-hover:invert\" style=\"--width:16;--height:16\" decoding=\"async\"\/>Artikel teilen<\/p>\n<p class=\"font-bold text-18 leading-17 user-text-lg:text-22 user-text-xl:text-24\">Die Universit\u00e4t zu K\u00f6ln gr\u00fcndet die Adenauer School of Government. Zur feierlichen Er\u00f6ffnung wird Bundeskanzler Friedrich Merz erwartet \u2013 doch es gibt auch Protest.<\/p>\n<p class=\"text-18 leading-17 user-text-lg:text-22 user-text-xl:text-24\">Bundeskanzler Friedrich Merz kommt nach K\u00f6ln. Anlass ist die feierliche Er\u00f6ffnung der neuen Adenauer School of Government an der Universit\u00e4t zu K\u00f6ln. Merz soll dort am 13. Juli im Rahmen der &#8222;K\u00f6lner Gespr\u00e4che&#8220; sprechen und anschlie\u00dfend auch mit dem Publikum ins Gespr\u00e4ch kommen.<\/p>\n<p class=\"text-18 leading-17 user-text-lg:text-22 user-text-xl:text-24\">Mit der Adenauer School of Government will die Universit\u00e4t nach eigenen Angaben ein neues Zentrum f\u00fcr Public Policy, Governance und Verwaltungswissenschaften aufbauen. Die Einrichtung soll Forschung und Lehre verbinden und k\u00fcnftige F\u00fchrungspers\u00f6nlichkeiten im \u00f6ffentlichen Bereich ausbilden. Inhaltlich soll es unter anderem um verantwortungsvolle Regierungsf\u00fchrung in einer daten- und technologiereichen Welt gehen.<\/p>\n<ul class=\"text-18 leading-17 block pl-24 *:pb-16 *:before:inline-block *:before:size-8 *:before:bg-magenta *:before:mt-0 *:before:mr-12 *:before:mb-2 *:before:-ml-[20px]\">\n<li><strong class=\"font-bold\">Nach WM-Aus:<\/strong> <a href=\"https:\/\/koeln.t-online.de\/region\/koeln\/id_101319974\/pocher-spottet-ueber-merz-post-nach-wm-aus-account-gehackt-.html\" class=\"transition-colors cursor-pointer no-underline md:hover:text-magenta md:focus:text-magenta border-b border-solid border-current text-salemsfur md:hover:border-magenta\" data-tracking=\"{&quot;action&quot;:&quot;click&quot;,&quot;category&quot;:&quot;intextLink&quot;,&quot;label&quot;:&quot;\/region\/koeln\/id_101319974\/pocher-spottet-ueber-merz-post-nach-wm-aus-account-gehackt-.html&quot;}\" data-sctrack=\"BodyAnchor\" rel=\"nofollow noopener\" target=\"_blank\">Pocher rechnet mit Kanzler Merz und DFB-Team ab<\/a><\/li>\n<\/ul>\n<p>Adenauer School of Government in K\u00f6ln: F\u00f6rderung durch Alfred Landecker Foundation<\/p>\n<p class=\"text-18 leading-17 user-text-lg:text-22 user-text-xl:text-24\">Erm\u00f6glicht wird die Gr\u00fcndung durch eine langfristige F\u00f6rderung der Alfred Landecker Foundation. Zum Start steht laut Universit\u00e4t ein Jahresbudget von zehn Millionen Euro zur Verf\u00fcgung. Die neue Einrichtung soll dauerhaft gef\u00f6rdert werden. Die Leitung wurde dem K\u00f6lner Wirtschaftsprofessor Axel Ockenfels \u00fcbertragen, der auch Direktor am Max-Planck-Institut zur Erforschung von Gemeinschaftsg\u00fctern in Bonn ist.<\/p>\n<p class=\"text-18 leading-17 user-text-lg:text-22 user-text-xl:text-24\">Der Name der Einrichtung bezieht sich auf Konrad Adenauer. Die Universit\u00e4t verweist dabei nicht nur auf seine Rolle als erster Bundeskanzler der Bundesrepublik, sondern auch auf seinen K\u00f6ln-Bezug: Adenauer war Oberb\u00fcrgermeister der Stadt und spielte nach Darstellung der Universit\u00e4t eine wichtige Rolle bei der Neugr\u00fcndung der K\u00f6lner Universit\u00e4t.<\/p>\n<p>Merz in K\u00f6ln: AStA kritisiert Kanzlerbesuch an Uni<\/p>\n<p class=\"text-18 leading-17 user-text-lg:text-22 user-text-xl:text-24\">Doch der Kanzlerbesuch und die neue Einrichtung sto\u00dfen auch auf Kritik. Der AStA der Universit\u00e4t ruft zu einem B\u00fcndnistreffen auf und will eine Demonstration gegen den Besuch von Merz und gegen das Projekt vorbereiten. In dem Aufruf kritisiert die Studierendenvertretung die Bundesregierung scharf und spricht von einer &#8222;Kampfansage an jegliche soziale Verbesserung und zivile Entwicklung&#8220;.<\/p>\n<p class=\"text-18 leading-17 user-text-lg:text-22 user-text-xl:text-24\">Auch die Beteiligung der von der Unternehmerfamilie Reimann gegr\u00fcndeten Alfred Landecker Foundation wird von den Kritikern problematisiert. Der AStA bezeichnet die neue School als &#8222;Prestigeprojekt&#8220; einer der reichsten Unternehmerfamilien Deutschlands.<\/p>\n<p class=\"text-18 leading-17 user-text-lg:text-22 user-text-xl:text-24\">Die Universit\u00e4t sieht in der Adenauer School hingegen ein neues Aush\u00e4ngeschild f\u00fcr Forschung und Lehre in K\u00f6ln. Rektor Joybrato Mukherjee erkl\u00e4rte zur Gr\u00fcndung, die Einrichtung sch\u00e4rfe das Profil der Universit\u00e4t. Sie solle internationale Spitzenwissenschaftler nach K\u00f6ln holen und L\u00f6sungen f\u00fcr dr\u00e4ngende gesellschaftliche Herausforderungen entwickeln.<\/p>\n","protected":false},"excerpt":{"rendered":"Er\u00f6ffnung der Adenauer School of Government Merz kommt nach K\u00f6ln \u2013 Kritik an Besuch 30.06.2026 &#8211; 19:30 UhrLesedauer:&hellip;\n","protected":false},"author":2,"featured_media":1133299,"comment_status":"","ping_status":"","sticky":false,"template":"","format":"standard","meta":{"footnotes":"","_share_on_mastodon":"0"},"categories":[1828],"tags":[522,238622,20842,29,5974,912,775,30,1420,25617,1209,5162],"class_list":["post-1133298","post","type-post","status-publish","format-standard","has-post-thumbnail","category-koeln","tag-522","tag-alfred-landecker","tag-asta","tag-deutschland","tag-dfb-team","tag-eroeffnung","tag-friedrich-merz","tag-germany","tag-koeln","tag-konrad-adenauer","tag-nordrhein-westfalen","tag-universitaet"],"share_on_mastodon":{"url":"https:\/\/pubeurope.com\/@de\/116840318761479376","error":""},"_links":{"self":[{"href":"https:\/\/www.europesays.com\/de\/wp-json\/wp\/v2\/posts\/1133298","targetHints":{"allow":["GET"]}}],"collection":[{"href":"https:\/\/www.europesays.com\/de\/wp-json\/wp\/v2\/posts"}],"about":[{"href":"https:\/\/www.europesays.com\/de\/wp-json\/wp\/v2\/types\/post"}],"author":[{"embeddable":true,"href":"https:\/\/www.europesays.com\/de\/wp-json\/wp\/v2\/users\/2"}],"replies":[{"embeddable":true,"href":"https:\/\/www.europesays.com\/de\/wp-json\/wp\/v2\/comments?post=1133298"}],"version-history":[{"count":0,"href":"https:\/\/www.europesays.com\/de\/wp-json\/wp\/v2\/posts\/1133298\/revisions"}],"wp:featuredmedia":[{"embeddable":true,"href":"https:\/\/www.europesays.com\/de\/wp-json\/wp\/v2\/media\/1133299"}],"wp:attachment":[{"href":"https:\/\/www.europesays.com\/de\/wp-json\/wp\/v2\/media?parent=1133298"}],"wp:term":[{"taxonomy":"category","embeddable":true,"href":"https:\/\/www.europesays.com\/de\/wp-json\/wp\/v2\/categories?post=1133298"},{"taxonomy":"post_tag","embeddable":true,"href":"https:\/\/www.europesays.com\/de\/wp-json\/wp\/v2\/tags?post=1133298"}],"curies":[{"name":"wp","href":"https:\/\/api.w.org\/{rel}","templated":true}]}}