{"id":1133361,"date":"2026-06-30T18:22:19","date_gmt":"2026-06-30T18:22:19","guid":{"rendered":"https:\/\/www.europesays.com\/de\/1133361\/"},"modified":"2026-06-30T18:22:19","modified_gmt":"2026-06-30T18:22:19","slug":"waldhof-holt-abwehrtalent-moritz-polte-wechselt-nach-mannheim","status":"publish","type":"post","link":"https:\/\/www.europesays.com\/de\/1133361\/","title":{"rendered":"Waldhof holt Abwehrtalent: Moritz Polte wechselt nach Mannheim"},"content":{"rendered":"<p><a href=\"https:\/\/liga3-news.de\/wp-content\/uploads\/2026\/06\/Moritz-Polte-e1782842288387.jpg\" data-caption=\"Foto: Waldhof Mannheim\" rel=\"nofollow noopener\" target=\"_blank\"><img loading=\"lazy\" decoding=\"async\" onload=\"Wpfcll.r(this,true);\" src=\"https:\/\/liga3-news.de\/wp-content\/plugins\/wp-fastest-cache-premium\/pro\/images\/blank.gif\" width=\"696\" height=\"446\" class=\"entry-thumb td-modal-image\" data-wpfc-original-src=\"https:\/\/www.europesays.com\/de\/wp-content\/uploads\/2026\/06\/Moritz-Polte-696x446.jpg\" data-wpfc-original-  alt=\"\" title=\"Moritz Polte\"\/><\/a>Foto: Waldhof Mannheim<\/p>\n<p class=\"ai-optimize-6 ai-optimize-introduction\"><strong>Der SV Waldhof Mannheim setzt in der Defensive auf Perspektive und Physis. Mit Moritz Polte kommt ein 18 Jahre alter Innenverteidiger in die Kurpfalz, der trotz seines jungen Alters bereits beachtliche Erfahrung im M\u00e4nnerfu\u00dfball gesammelt hat. Die Mannheimer sichern sich damit ein Talent, das auch andernorts begehrt war, seinen n\u00e4chsten Entwicklungsschritt aber ganz bewusst beim Waldhof gehen will.<\/strong><\/p>\n<p>  <strong>Ein Transfer mit klarem Signal<\/strong><\/p>\n<p class=\"ai-optimize-8\">Waldhof Mannheim hat Moritz Polte verpflichtet und holt damit einen Abwehrspieler, der schon fr\u00fch auf hohem Niveau im Herrenbereich angekommen ist. Der 1,95 Meter gro\u00dfe Innenverteidiger stand zuletzt f\u00fcr den BFC Dynamo in der Regionalliga auf dem Platz und bringt trotz seiner erst 18 Jahre bereits 39 Eins\u00e4tze in dieser Spielklasse mit. Zwei Tore gelangen ihm dabei ebenfalls.<\/p>\n<p class=\"ai-optimize-9\">F\u00fcr den Klub ist das kein Transfer f\u00fcr die ferne Zukunft allein, sondern eine Verpflichtung mit konkreter Perspektive. Polte gilt als k\u00f6rperlich robuster Verteidiger, der Zweik\u00e4mpfe annimmt und sich in einer anspruchsvollen Liga bereits behauptet hat.<\/p>\n<p><strong>Warum Mannheim auf Polte setzt<\/strong><\/p>\n<p class=\"ai-optimize-11\">Gerhard Zuber, Gesch\u00e4ftsf\u00fchrer Sport des SV Waldhof, verweist vor allem auf die au\u00dfergew\u00f6hnlich fr\u00fche Entwicklung des Neuzugangs. Polte habe schon mit 17 Jahren sein Regionalliga-Deb\u00fct gegeben und im vergangenen Jahr wichtige Erfahrungen im M\u00e4nnerfu\u00dfball gesammelt. Gerade diese Mischung aus Talent, Physis und fr\u00fcher Reife macht den jungen Berliner f\u00fcr die Mannheimer interessant.<\/p>\n<p class=\"ai-optimize-12\">Zuber macht zugleich deutlich, dass der Waldhof sich im Werben um den Innenverteidiger gegen Konkurrenz behaupten musste. Es habe, so der Sportgesch\u00e4ftsf\u00fchrer, durchaus Interesse von Vereinen aus h\u00f6heren Ligen gegeben. Umso gr\u00f6\u00dfer sei in Mannheim die Freude dar\u00fcber, dass sich Polte am Ende ganz bewusst f\u00fcr den Waldhof entschieden habe.<\/p>\n<p><strong>Der n\u00e4chste Schritt nach Stationen in Berlin<\/strong><\/p>\n<p class=\"ai-optimize-14\">Polte stammt aus Berlin und wurde dort ausgebildet. Zwischen 2022 und 2024 spielte er im Nachwuchs des 1. FC Union Berlin, ehe er sich im Regionalliga-Alltag weiterentwickelte. Nun folgt mit dem Wechsel in die Kurpfalz der n\u00e4chste Karriereschritt. Der neue Mann in der Waldhof-Abwehr beschreibt den Transfer selbst als gro\u00dfe Chance. \u201eZun\u00e4chst einmal m\u00f6chte ich mich beim BFC Dynamo bedanken, dass sie diesen Schritt erm\u00f6glicht haben. Ich bin sehr motiviert, mich hier in Mannheim beim SV Waldhof durchsetzen zu k\u00f6nnen. Nach den ersten Gespr\u00e4chen habe ich gewusst, dass ich hier zuk\u00fcnftig meine Karriere fortsetzen m\u00f6chte.\u201c<\/p>\n<p><strong>\u00dcberzeugt von Talent und Entwicklungspotenzial<\/strong><\/p>\n<p class=\"ai-optimize-17\">Auch Sportdirektor Mathias Schober spricht von einem l\u00e4nger vorbereiteten Transfer. Man habe sich intensiv mit Polte besch\u00e4ftigt und fr\u00fch dessen Potenzial erkannt. \u201eEr bringt viele spannende Attribute mit, mit denen er uns helfen kann. Mit Rui haben wir einen Trainer, der Spieler weiterentwickeln kann und m\u00f6chte. Auf dieser Basis haben wir uns bem\u00fcht, einen Transfer von Moritz zu erm\u00f6glichen und sind sehr gl\u00fccklich, dass wir ihn von unserem Weg \u00fcberzeugen konnten\u201e, so Mathias Schober, Sportdirektor des SV Waldhof.<\/p>\n<p class=\"ai-optimize-17\"><strong style=\"color: #111111; font-family: var(--td_default_google_font_2, 'Roboto', sans-serif); font-size: 22px;\">Ein junger Verteidiger f\u00fcr einen ambitionierten Weg<\/strong><\/p>\n<p class=\"ai-optimize-20\">Mit der Verpflichtung von Moritz Polte setzt Waldhof Mannheim auf ein Profil, das im modernen Fu\u00dfball besonders gefragt ist: jung, gro\u00df, robust und dennoch bereits mit echten Erfahrungen im M\u00e4nnerbereich ausgestattet. F\u00fcr den Spieler er\u00f6ffnet sich die Chance, den n\u00e4chsten Schritt in einem anspruchsvollen Umfeld zu gehen. F\u00fcr den Waldhof ist es ein Transfer, der sportliche Perspektive und strategisches Denken sichtbar miteinander verbindet.<\/p>\n","protected":false},"excerpt":{"rendered":"Foto: Waldhof Mannheim Der SV Waldhof Mannheim setzt in der Defensive auf Perspektive und Physis. Mit Moritz Polte&hellip;\n","protected":false},"author":2,"featured_media":1133362,"comment_status":"","ping_status":"","sticky":false,"template":"","format":"standard","meta":{"footnotes":"","_share_on_mastodon":"0"},"categories":[1845],"tags":[1634,3364,29,548,663,3934,30,13,2096,14,15,12,17594],"class_list":["post-1133361","post","type-post","status-publish","format-standard","has-post-thumbnail","category-mannheim","tag-baden-wuerttemberg","tag-de","tag-deutschland","tag-eu","tag-europa","tag-europe","tag-germany","tag-headlines","tag-mannheim","tag-nachrichten","tag-news","tag-schlagzeilen","tag-waldhof-mannheim"],"share_on_mastodon":{"url":"https:\/\/pubeurope.com\/@de\/116840456184040193","error":""},"_links":{"self":[{"href":"https:\/\/www.europesays.com\/de\/wp-json\/wp\/v2\/posts\/1133361","targetHints":{"allow":["GET"]}}],"collection":[{"href":"https:\/\/www.europesays.com\/de\/wp-json\/wp\/v2\/posts"}],"about":[{"href":"https:\/\/www.europesays.com\/de\/wp-json\/wp\/v2\/types\/post"}],"author":[{"embeddable":true,"href":"https:\/\/www.europesays.com\/de\/wp-json\/wp\/v2\/users\/2"}],"replies":[{"embeddable":true,"href":"https:\/\/www.europesays.com\/de\/wp-json\/wp\/v2\/comments?post=1133361"}],"version-history":[{"count":0,"href":"https:\/\/www.europesays.com\/de\/wp-json\/wp\/v2\/posts\/1133361\/revisions"}],"wp:featuredmedia":[{"embeddable":true,"href":"https:\/\/www.europesays.com\/de\/wp-json\/wp\/v2\/media\/1133362"}],"wp:attachment":[{"href":"https:\/\/www.europesays.com\/de\/wp-json\/wp\/v2\/media?parent=1133361"}],"wp:term":[{"taxonomy":"category","embeddable":true,"href":"https:\/\/www.europesays.com\/de\/wp-json\/wp\/v2\/categories?post=1133361"},{"taxonomy":"post_tag","embeddable":true,"href":"https:\/\/www.europesays.com\/de\/wp-json\/wp\/v2\/tags?post=1133361"}],"curies":[{"name":"wp","href":"https:\/\/api.w.org\/{rel}","templated":true}]}}