{"id":1133462,"date":"2026-06-30T19:25:32","date_gmt":"2026-06-30T19:25:32","guid":{"rendered":"https:\/\/www.europesays.com\/de\/1133462\/"},"modified":"2026-06-30T19:25:32","modified_gmt":"2026-06-30T19:25:32","slug":"robert-weingaertners-bilder-zeigen-verfall-schatten-und-den-sueden-zweibruecken","status":"publish","type":"post","link":"https:\/\/www.europesays.com\/de\/1133462\/","title":{"rendered":"Robert Weing\u00e4rtners Bilder zeigen Verfall, Schatten und den S\u00fcden &#8211; Zweibr\u00fccken"},"content":{"rendered":"<p class=\"rhp-dpa-teaser\"><b>Robert Weing\u00e4rtner zeigt eine Auswahl seiner Werke in der Zweibr\u00fccker Firma Silbersand am Flugplatz.  Zu sehen sind  vor allem Landschaften und Stillleben.<\/b><\/p>\n<p>Robert Weing\u00e4rtner ist kein Revolution\u00e4r, seine Werke zeigen \u201eklassische\u201c Landschaften, meist mit mediterranem Flair. Manchmal integriert der 1958 in <a class=\"rtr-entity\" data-rtr-entity=\"W\u00fcrzburg\" data-rtr-id=\"1e8b93a660612909b98029dc8fcc9b3e86e2b3d1\" data-rtr-score=\"7.198818897637795\" data-rtr-etype=\"location\" data-rtr-index=\"9\" href=\"https:\/\/www.rheinpfalz.de\/themen\/wuerzburg\" rel=\"nofollow noopener\" target=\"_blank\">W\u00fcrzburg<\/a> geborene K\u00fcnstler auch Architekturelemente in seine Bilder. Inspiriert sind seine Bilder von Landschaften aus <a class=\"rtr-entity\" data-rtr-entity=\"Frankreich\" data-rtr-id=\"5f03a2e28d805a80cf2da5f4dc8defbce404f749\" data-rtr-score=\"6.964566929133858\" data-rtr-etype=\"location\" data-rtr-index=\"5\" href=\"https:\/\/www.rheinpfalz.de\/themen\/frankreich\" rel=\"nofollow noopener\" target=\"_blank\">Frankreich<\/a> und <a class=\"rtr-entity\" data-rtr-entity=\"Italien\" data-rtr-id=\"fa4898c559582aeb07dcb3d5898e72c6e75a5a7e\" data-rtr-score=\"13.87007874015748\" data-rtr-etype=\"location\" data-rtr-index=\"10\" href=\"https:\/\/www.rheinpfalz.de\/themen\/italien\" rel=\"nofollow noopener\" target=\"_blank\">Italien<\/a>, sie entstehen \u201enach Sicht\u201c unmittelbar vor dem Motiv, das hei\u00dft mit Staffelei und Malausr\u00fcstung drau\u00dfen in der Natur. <\/p>\n<p>\u201eDas Erfassen der Dinge und des Zusammenhangs, in dem sie zueinander stehen, bildet die Grundlage der Arbeiten, die allerdings nicht im Naturalistisch-Empirischen stehenbleiben\u201c, betont Weing\u00e4rtner, der an einem Gymnasium in Hildesheim als Kunsterzieher t\u00e4tig war und von 1988 bis 2021 Gegenst\u00e4ndliches Zeichnen an der Staatlichen Zeichenakademie <a class=\"rtr-entity\" data-rtr-entity=\"Hanau\" data-rtr-id=\"ba9365040189c94cf8471e54c9cbb45c8e8f73fa\" data-rtr-score=\"5.988188976377953\" data-rtr-etype=\"location\" data-rtr-index=\"12\" href=\"https:\/\/www.rheinpfalz.de\/themen\/hanau\" rel=\"nofollow noopener\" target=\"_blank\">Hanau<\/a> unterrichtet hat. Seine Bilder laden zum Nachsp\u00fcren ein. \u201eDas Empfinden, das eigene Erleben des Gesehenen, das Seh-Erlebnis als solches ist das eigentliche Grundthema dieser Malerei.\u201c <\/p>\n<p>Man wird ins Bild hineingezogen<\/p>\n<p>Expressive Farbsteigerungen, strukturbetonte Bildkompositionen und Licht formen diese Landschaften. Besonders im Bild \u201eGro\u00dfe H\u00fcgellandschaft\u201c kann man seine Handschrift erkennen. Baum- und Buschformationen strukturieren sanft gew\u00f6lbte H\u00fcgelketten, die durch die Lichtf\u00fchrung Tiefenstruktur entfalten.<\/p>\n<p>Der Betrachter wird ins Bild hineingezogen, sein Blick wird so zu einem Teil der Landschaft, deren Fragmente sich zu einem Ganzen zusammensetzen. Das Licht setzt durch einzelne Flecken Akzente. Im Seh-Erlebnis vollendet sich das Bild erst. <\/p>\n<p>Wechselspiel von Licht und Schatten<\/p>\n<p>Die Farben in der \u201eLandschaft mit Pinien I\u201c erinnern an impressionistische K\u00fcnstler, w\u00e4hrend die klar abgegrenzten Konturen auf Stilelemente des Expressionismus verweisen. Licht und Schatten vertiefen die Perspektive und bringen eine weitere Dimension ein. Das Wechselspiel von Licht und Schatten illustriert auch das Wehen des Windes und bringt eine subtile Dynamik in die Szenerie. Auch die Bilder \u201eFelder, Wege, Geb\u00fcsch\u201c, \u201eHerbstlandschaft mit Oliven und Zypressen\u201c und \u201eHerbstlandschaft mit Haus\u201c weisen diese Stilmerkmale auf. <\/p>\n<p>Deutlich impressionistischer, vor allem in der Farbgebung, ist das Aquarell \u201eLandschaft (Pinien, Tal)\u201c. Die Grenzen zwischen Form und Farbe verwischen. Die vor allem durch das glei\u00dfende Licht gepr\u00e4gte Stimmung bestimmt die Struktur.<\/p>\n<p>Formen l\u00f6sen sich auf<\/p>\n<p>Surrealistische Einfl\u00fcsse weist die in strengem Schwarz-Wei\u00df-Kontrast ausgef\u00fchrte Pinselzeichnung \u201eMainlandschaft III\u201c auf. Gerade durch den bewussten Verzicht auf Farbe tritt die Bedeutung des Spiels mit Helligkeit und Dunkelheit umso st\u00e4rker in den Vordergrund. Die Hell-Dunkeleffekte und die Lichtf\u00fchrung l\u00f6sen Formen auf in schemenhafte Schatten. Realistischer und gegenst\u00e4ndlicher sind dagegen die Interieurs von Robert Weing\u00e4rtner. <\/p>\n<p>Die Farbradierung \u201eBalkon\u201c beschw\u00f6rt mit ihrem morbiden Charme, der auch dem Verfall innewohnt, Bilder von lauschigen Dorfh\u00e4uschen in S\u00fcdfrankreich oder Italien herauf; die Natur holt sich hier durch die rankenden Pflanzen ihren Platz in der Zivilisation zur\u00fcck. <\/p>\n<p>Blaue Kristallschale und Korbstuhl<\/p>\n<p>Absolut realistisch, unverkennbar der mediterranen Lebenswelt verpflichtet, ist das \u201eInterieur mit Korbstuhl\u201c. Hinter dem Korbstuhl, der nicht die zentrale Position des Bildes einnimmt, sondern nur von hinten angerissen gezeigt wird, zieht eine blaue Kristallschale mit Obst auf einem kleinen Tisch den Blick auf sich. <\/p>\n<p class=\"rhp-closing-headline\">Ausstellung<\/p>\n<p class=\"rhp-closing-credits\">Die Ausstellung mit Bildern von Robert Weing\u00e4rtner in der Firma Silbersand (Am Wasserturm 4) am Zweibr\u00fccker Flughafen l\u00e4uft voraussichtlich bis Ende September. \u00d6ffnungszeiten kann man unter der Telefonnummer 06332 41780 vereinbaren.<\/p>\n","protected":false},"excerpt":{"rendered":"Robert Weing\u00e4rtner zeigt eine Auswahl seiner Werke in der Zweibr\u00fccker Firma Silbersand am Flugplatz. Zu sehen sind vor&hellip;\n","protected":false},"author":2,"featured_media":1133463,"comment_status":"","ping_status":"","sticky":false,"template":"","format":"standard","meta":{"footnotes":"","_share_on_mastodon":"0"},"categories":[1775],"tags":[1793,29,214,156,30,24207,8285,355,1794,4060,238640,215,15205,5130],"class_list":["post-1133462","post","type-post","status-publish","format-standard","has-post-thumbnail","category-kunst-und-design","tag-art-and-design","tag-deutschland","tag-entertainment","tag-frankreich","tag-germany","tag-hanau","tag-hildesheim","tag-italien","tag-kunst-und-design","tag-lokal","tag-robert-weingaertner","tag-unterhaltung","tag-wuerzburg","tag-zweibruecken"],"share_on_mastodon":{"url":"https:\/\/pubeurope.com\/@de\/116840702063626275","error":""},"_links":{"self":[{"href":"https:\/\/www.europesays.com\/de\/wp-json\/wp\/v2\/posts\/1133462","targetHints":{"allow":["GET"]}}],"collection":[{"href":"https:\/\/www.europesays.com\/de\/wp-json\/wp\/v2\/posts"}],"about":[{"href":"https:\/\/www.europesays.com\/de\/wp-json\/wp\/v2\/types\/post"}],"author":[{"embeddable":true,"href":"https:\/\/www.europesays.com\/de\/wp-json\/wp\/v2\/users\/2"}],"replies":[{"embeddable":true,"href":"https:\/\/www.europesays.com\/de\/wp-json\/wp\/v2\/comments?post=1133462"}],"version-history":[{"count":0,"href":"https:\/\/www.europesays.com\/de\/wp-json\/wp\/v2\/posts\/1133462\/revisions"}],"wp:featuredmedia":[{"embeddable":true,"href":"https:\/\/www.europesays.com\/de\/wp-json\/wp\/v2\/media\/1133463"}],"wp:attachment":[{"href":"https:\/\/www.europesays.com\/de\/wp-json\/wp\/v2\/media?parent=1133462"}],"wp:term":[{"taxonomy":"category","embeddable":true,"href":"https:\/\/www.europesays.com\/de\/wp-json\/wp\/v2\/categories?post=1133462"},{"taxonomy":"post_tag","embeddable":true,"href":"https:\/\/www.europesays.com\/de\/wp-json\/wp\/v2\/tags?post=1133462"}],"curies":[{"name":"wp","href":"https:\/\/api.w.org\/{rel}","templated":true}]}}