{"id":1133480,"date":"2026-06-30T19:35:21","date_gmt":"2026-06-30T19:35:21","guid":{"rendered":"https:\/\/www.europesays.com\/de\/1133480\/"},"modified":"2026-06-30T19:35:21","modified_gmt":"2026-06-30T19:35:21","slug":"ostsee-greenpeace-boot-naehert-sich-tanker-russische-fregatte-greift-ein","status":"publish","type":"post","link":"https:\/\/www.europesays.com\/de\/1133480\/","title":{"rendered":"Ostsee: Greenpeace-Boot n\u00e4hert sich Tanker \u2013 russische Fregatte greift ein"},"content":{"rendered":"<p>Bei Protestaktion <\/p>\n<p>Greenpeace-Boot n\u00e4hert sich Tanker \u2013 Russen-Fregatte greift ein<\/p>\n<p>30.06.2026 &#8211; 18:51 UhrLesedauer: 2 Min.<\/p>\n<p><a href=\"#focus-0\" class=\"transition-colors block text-current relative\" data-sctrack=\"FocusGalleryImage.Reference\"><img fetchpriority=\"high\" data-testid=\"Opener.Image\"   loading=\"eager\" src=\"https:\/\/www.europesays.com\/de\/wp-content\/uploads\/2026\/06\/die-soobrazitelny-die-fregatte-soll-sich-den-aktivisten-genaehert-haben.jpg\" alt=\"Die &quot;Soobrazitelny&quot;: Die Fregatte soll sich den Aktivisten gen\u00e4hert haben.\" title=\"Die &quot;Soobrazitelny&quot;: Die Fregatte soll sich den Aktivisten gen\u00e4hert haben.\" width=\"4879\" height=\"2744\" class=\"bg-[url:var(--lqipURL)] bg-cover bg-center flex h-full w-full max-w-full\" style=\"--lqipURL:url('https:\/\/images.t-online.de\/2026\/06\/L27CU6S6ZlqD\/0x226:4879x2744\/fit-in\/150x0\/filters:blur(25)\/die-soobrazitelny-die-fregatte-soll-sich-den-aktivisten-genaehert-haben.jpg')\" decoding=\"async\"\/><img loading=\"lazy\" src=\"https:\/\/www.t-online.de\/s\/paper\/_next\/static\/media\/zoom-in.f7dae02f.svg\" alt=\"Vergr\u00f6\u00dfern des Bildes\" title=\"Vergr\u00f6\u00dfern des Bildes\" class=\"block h-[calc(var(--height)_\/_16_*_1rem)] w-[calc(var(--width)_\/_16_*_1rem)] max-w-none absolute right-8 bottom-8 rounded-4 bg-snow p-8\" style=\"--width:32;--height:32\" decoding=\"async\"\/><\/a><\/p>\n<p>Die &#8222;Soobrazitelny&#8220;: Die Fregatte soll sich den Aktivisten gen\u00e4hert haben. (Quelle: By Ad Meskens &#8211; Own work, CC BY-SA 4.0, https:\/\/commons.wikimedia.org\/w\/index.php?curid=74264218)<\/p>\n<p><img loading=\"lazy\" src=\"https:\/\/www.t-online.de\/s\/paper\/_next\/static\/media\/audio-volume.6689034c.svg\" alt=\"\" title=\"\" class=\"block h-[calc(var(--height)_\/_16_*_1rem)] w-[calc(var(--width)_\/_16_*_1rem)] max-w-none group-hover:brightness-0 group-hover:invert\" style=\"--width:16;--height:16\" decoding=\"async\"\/>Vorlesen<\/p>\n<p>Aktuelle Zeit:0:00Gesamtdauer:0:00<\/p>\n<p>1x<\/p>\n<p class=\"text-center\">Jetzt neu bei t-online:<\/p>\n<p class=\"text-center\">Schriftgr\u00f6\u00dfe anpassen!<\/p>\n<p><img loading=\"lazy\" src=\"https:\/\/www.t-online.de\/s\/paper\/_next\/static\/media\/font-sizes.32942e33.svg\" alt=\"\" title=\"\" class=\"block h-[calc(var(--height)_\/_16_*_1rem)] w-[calc(var(--width)_\/_16_*_1rem)] max-w-none group-hover:hidden group-aria-expanded:hidden\" style=\"--width:16;--height:16\" decoding=\"async\"\/><img loading=\"lazy\" src=\"https:\/\/www.t-online.de\/s\/paper\/_next\/static\/media\/font-sizes-dark-mode.e382645c.svg\" alt=\"\" title=\"\" class=\"block h-[calc(var(--height)_\/_16_*_1rem)] w-[calc(var(--width)_\/_16_*_1rem)] max-w-none hidden group-hover:block group-aria-expanded:block\" style=\"--width:16;--height:16\" decoding=\"async\"\/><img loading=\"lazy\" src=\"https:\/\/www.t-online.de\/s\/paper\/_next\/static\/media\/sharing-menu-icon.1eb71368.svg\" alt=\"\" title=\"\" class=\"block h-[calc(var(--height)_\/_16_*_1rem)] w-[calc(var(--width)_\/_16_*_1rem)] max-w-none group-hover:brightness-0 group-hover:invert\" style=\"--width:16;--height:16\" decoding=\"async\"\/>Artikel teilen<\/p>\n<p class=\"font-bold text-18 leading-17 user-text-lg:text-22 user-text-xl:text-24\">Russische Schattenflotten-Tanker meiden zunehmend die schwedische K\u00fcste \u2013 und fahren stattdessen entlang der deutschen Ostseek\u00fcste. Bei einer Protestaktion vor Fehmarn griff eine russische Fregatte ein.<\/p>\n<p class=\"text-18 leading-17 user-text-lg:text-22 user-text-xl:text-24\">Mutma\u00dfliche Schiffe der russischen Schattenflotte fahren nach Angaben von Greenpeace zunehmend entlang der deutschen Ostseek\u00fcste \u2013 weil <a href=\"https:\/\/www.t-online.de\/themen\/schweden\/\" class=\"transition-colors cursor-pointer no-underline md:hover:text-magenta md:focus:text-magenta border-b border-solid border-current text-salemsfur md:hover:border-magenta\" data-tracking=\"{&quot;action&quot;:&quot;click&quot;,&quot;category&quot;:&quot;intextLink&quot;,&quot;label&quot;:&quot;\/themen\/schweden\/&quot;}\" data-sctrack=\"BodyAnchor\" rel=\"nofollow noopener\" target=\"_blank\">Schweden<\/a> seine eigenen K\u00fcsten besser sch\u00fctzt. Bei einer Protestaktion vor <a href=\"https:\/\/www.t-online.de\/themen\/fehmarn\/\" class=\"transition-colors cursor-pointer no-underline md:hover:text-magenta md:focus:text-magenta border-b border-solid border-current text-salemsfur md:hover:border-magenta\" data-tracking=\"{&quot;action&quot;:&quot;click&quot;,&quot;category&quot;:&quot;intextLink&quot;,&quot;label&quot;:&quot;\/themen\/fehmarn\/&quot;}\" data-sctrack=\"BodyAnchor\" rel=\"nofollow noopener\" target=\"_blank\">Fehmarn<\/a> kam es am Dienstag zu einem Zwischenfall mit einer russischen Fregatte, die einen \u00d6ltanker eskortierte. Das berichtet das Redaktionsnetzwerk Deutschland (RND).<\/p>\n<p class=\"text-18 leading-17 user-text-lg:text-22 user-text-xl:text-24\">Nach einer Auswertung von Greenpeace w\u00e4hlten zwischen dem 6. M\u00e4rz und dem 16. Juni 42 von insgesamt 136 beobachteten Tankern eine l\u00e4ngere Route nahe der deutschen K\u00fcste entlang R\u00fcgens. Im gleichen Vorjahreszeitraum sei kein entsprechender Fall registriert worden.<\/p>\n<ul class=\"text-18 leading-17 block pl-24 *:pb-16 *:before:inline-block *:before:size-8 *:before:bg-magenta *:before:mt-0 *:before:mr-12 *:before:mb-2 *:before:-ml-[20px]\">\n<li><strong class=\"font-bold\">Streit ums Geburtsrecht:<\/strong> <a href=\"https:\/\/www.t-online.de\/nachrichten\/ausland\/internationale-politik\/id_101321204\/staatsbuergerschaft-trump-erleidet-naechste-niederlage-vor-supreme-court.html\" class=\"transition-colors cursor-pointer no-underline md:hover:text-magenta md:focus:text-magenta border-b border-solid border-current text-salemsfur md:hover:border-magenta\" data-tracking=\"{&quot;action&quot;:&quot;click&quot;,&quot;category&quot;:&quot;intextLink&quot;,&quot;label&quot;:&quot;\/nachrichten\/ausland\/internationale-politik\/id_101321204\/staatsbuergerschaft-trump-erleidet-naechste-niederlage-vor-supreme-court.html&quot;}\" data-sctrack=\"BodyAnchor\" rel=\"nofollow noopener\" target=\"_blank\">Trump erleidet n\u00e4chste Niederlage vor Supreme Court<\/a><\/li>\n<li><strong class=\"font-bold\">Hunderte Millionen Dollar ohne Ausschreibung:<\/strong> <a href=\"https:\/\/www.t-online.de\/nachrichten\/ausland\/internationale-politik\/id_101321116\/donald-trumps-ballsaal-im-weissen-haus-bericht-enthuellt-neue-details.html\" class=\"transition-colors cursor-pointer no-underline md:hover:text-magenta md:focus:text-magenta border-b border-solid border-current text-salemsfur md:hover:border-magenta\" data-tracking=\"{&quot;action&quot;:&quot;click&quot;,&quot;category&quot;:&quot;intextLink&quot;,&quot;label&quot;:&quot;\/nachrichten\/ausland\/internationale-politik\/id_101321116\/donald-trumps-ballsaal-im-weissen-haus-bericht-enthuellt-neue-details.html&quot;}\" data-sctrack=\"BodyAnchor\" rel=\"nofollow noopener\" target=\"_blank\">Zeitung enth\u00fcllt neue Details zu Trumps Ballsaal<\/a><\/li>\n<\/ul>\n<p>Protest vor Fehmarn<\/p>\n<p class=\"text-18 leading-17 user-text-lg:text-22 user-text-xl:text-24\">Vor diesem Hintergrund protestierte Greenpeace am Dienstag vor Fehmarn gegen die sogenannte Schattenflotte. Mehrere Aktivisten n\u00e4herten sich mit Schlauchbooten dem Tanker &#8222;Kira K&#8220;, um Banner zu zeigen und die Aktion zu dokumentieren.<\/p>\n<p class=\"text-18 leading-17 user-text-lg:text-22 user-text-xl:text-24\">W\u00e4hrend des Protests lief auch das Einsatzschiff &#8222;Bayreuth&#8220; der Bundespolizei aus. Die Beamten forderten die Aktivisten nach Angaben von Greenpeace \u00fcber Funk auf, den vorgeschriebenen Sicherheitsabstand zum Tanker einzuhalten.<\/p>\n<p class=\"text-18 leading-17 user-text-lg:text-22 user-text-xl:text-24\">Kurz darauf n\u00e4herte sich die russische Fregatte &#8222;Soobrazitelny&#8220; dem Tanker. Nach Angaben von Greenpeace eskortierte das Kriegsschiff den Tanker anschlie\u00dfend durch den Fehmarnbelt. Zu einer Konfrontation kam es nicht.<\/p>\n<p class=\"text-18 leading-17 user-text-lg:text-22 user-text-xl:text-24\">Greenpeace fordert seit L\u00e4ngerem ein entschlosseneres Vorgehen Deutschlands gegen die sogenannte Schattenflotte. Meeresbiologe Thilo Maack erkl\u00e4rte, Schweden zeige, wie gegen falsch beflaggte und mutma\u00dflich nicht ausreichend versicherte Tanker vorgegangen werden k\u00f6nne. Greenpeace habe deutsche Beh\u00f6rden wiederholt auf entsprechende Schiffe hingewiesen, Kontrollen seien jedoch ausgeblieben.<\/p>\n<p>Greenpeace fordert sch\u00e4rfere Kontrollen<\/p>\n<p class=\"text-18 leading-17 user-text-lg:text-22 user-text-xl:text-24\">Das <a href=\"https:\/\/www.t-online.de\/themen\/bundesfinanzministerium\/\" class=\"transition-colors cursor-pointer no-underline md:hover:text-magenta md:focus:text-magenta border-b border-solid border-current text-salemsfur md:hover:border-magenta\" data-tracking=\"{&quot;action&quot;:&quot;click&quot;,&quot;category&quot;:&quot;intextLink&quot;,&quot;label&quot;:&quot;\/themen\/bundesfinanzministerium\/&quot;}\" data-sctrack=\"BodyAnchor\" rel=\"nofollow noopener\" target=\"_blank\">Bundesfinanzministerium<\/a> wollte die von Greenpeace vorgelegten Zahlen auf Anfrage nicht best\u00e4tigen. Man wisse nicht, welche Schiffe die Organisation zur Schattenflotte z\u00e4hle, erkl\u00e4rte ein Sprecher. Grunds\u00e4tzlich gelte auch in der deutschen Zw\u00f6lf-Meilen-Zone das im Seerechts\u00fcbereinkommen der Vereinten Nationen verankerte Recht auf friedliche Durchfahrt. Ma\u00dfnahmen gegen einzelne Schiffe k\u00f6nnten nur erfolgen, wenn die v\u00f6lkerrechtlichen Voraussetzungen erf\u00fcllt seien.<\/p>\n<p class=\"text-18 leading-17 user-text-lg:text-22 user-text-xl:text-24\">Zu konkreten Eins\u00e4tzen \u00e4u\u00dferten sich weder das Bundesfinanzministerium noch die Bundespolizei und verwiesen auf sicherheits- beziehungsweise einsatztaktische Gr\u00fcnde.<\/p>\n<p class=\"text-18 leading-17 user-text-lg:text-22 user-text-xl:text-24\">Greenpeace warnt zudem vor den Umweltrisiken der sogenannten Schattenflotte. Die Organisation bezeichnet die h\u00e4ufig \u00e4lteren Tanker als schlecht gewartet und teilweise unzureichend versichert. <a href=\"https:\/\/www.t-online.de\/themen\/russland\/\" class=\"transition-colors cursor-pointer no-underline md:hover:text-magenta md:focus:text-magenta border-b border-solid border-current text-salemsfur md:hover:border-magenta\" data-tracking=\"{&quot;action&quot;:&quot;click&quot;,&quot;category&quot;:&quot;intextLink&quot;,&quot;label&quot;:&quot;\/themen\/russland\/&quot;}\" data-sctrack=\"BodyAnchor\" rel=\"nofollow noopener\" target=\"_blank\">Russland<\/a> soll sie nutzen, um westliche Sanktionen beim Export von Erd\u00f6l zu umgehen.<\/p>\n","protected":false},"excerpt":{"rendered":"Bei Protestaktion Greenpeace-Boot n\u00e4hert sich Tanker \u2013 Russen-Fregatte greift ein 30.06.2026 &#8211; 18:51 UhrLesedauer: 2 Min. Die &#8222;Soobrazitelny&#8220;:&hellip;\n","protected":false},"author":2,"featured_media":1133481,"comment_status":"","ping_status":"","sticky":false,"template":"","format":"standard","meta":{"footnotes":"","_share_on_mastodon":"0"},"categories":[3],"tags":[326,36388,421,23608,57820,13,14,15,45749,14963,9238,15048,6402,12,10173,10,8,9,11,103,104],"class_list":["post-1133480","post","type-post","status-publish","format-standard","has-post-thumbnail","category-welt","tag-326","tag-bundesfinanzministerium","tag-bundespolizei","tag-fehmarn","tag-greenpeace","tag-headlines","tag-nachrichten","tag-news","tag-ostseekueste","tag-protestaktion","tag-redaktionsnetzwerk-deutschland","tag-schattenflotte","tag-schiff","tag-schlagzeilen","tag-supreme-court","tag-top-news","tag-top-meldungen","tag-topmeldungen","tag-topnews","tag-welt","tag-world"],"share_on_mastodon":{"url":"https:\/\/pubeurope.com\/@de\/116840743372514448","error":""},"_links":{"self":[{"href":"https:\/\/www.europesays.com\/de\/wp-json\/wp\/v2\/posts\/1133480","targetHints":{"allow":["GET"]}}],"collection":[{"href":"https:\/\/www.europesays.com\/de\/wp-json\/wp\/v2\/posts"}],"about":[{"href":"https:\/\/www.europesays.com\/de\/wp-json\/wp\/v2\/types\/post"}],"author":[{"embeddable":true,"href":"https:\/\/www.europesays.com\/de\/wp-json\/wp\/v2\/users\/2"}],"replies":[{"embeddable":true,"href":"https:\/\/www.europesays.com\/de\/wp-json\/wp\/v2\/comments?post=1133480"}],"version-history":[{"count":0,"href":"https:\/\/www.europesays.com\/de\/wp-json\/wp\/v2\/posts\/1133480\/revisions"}],"wp:featuredmedia":[{"embeddable":true,"href":"https:\/\/www.europesays.com\/de\/wp-json\/wp\/v2\/media\/1133481"}],"wp:attachment":[{"href":"https:\/\/www.europesays.com\/de\/wp-json\/wp\/v2\/media?parent=1133480"}],"wp:term":[{"taxonomy":"category","embeddable":true,"href":"https:\/\/www.europesays.com\/de\/wp-json\/wp\/v2\/categories?post=1133480"},{"taxonomy":"post_tag","embeddable":true,"href":"https:\/\/www.europesays.com\/de\/wp-json\/wp\/v2\/tags?post=1133480"}],"curies":[{"name":"wp","href":"https:\/\/api.w.org\/{rel}","templated":true}]}}