{"id":1133511,"date":"2026-06-30T19:53:23","date_gmt":"2026-06-30T19:53:23","guid":{"rendered":"https:\/\/www.europesays.com\/de\/1133511\/"},"modified":"2026-06-30T19:53:23","modified_gmt":"2026-06-30T19:53:23","slug":"wasser-aus-bielefelder-sicherheitssperren-landet-in-kanalisation-stadt-reagiert-auf-kritik","status":"publish","type":"post","link":"https:\/\/www.europesays.com\/de\/1133511\/","title":{"rendered":"Wasser aus Bielefelder Sicherheitssperren landet in Kanalisation \u2013 Stadt reagiert auf Kritik"},"content":{"rendered":"<p id=\"absatz1\" class=\"em_text\" data-olk-copy-source=\"MessageBody\">Bielefeld. F\u00fcr die Veranstaltung \u201eStadt sucht Bauer\u201c am vergangenen Samstag \u2013 aber auch f\u00fcr den gro\u00dfen Leinewebermarkt oder den Weihnachtsmarkt \u2013 werden sogenannte Indutainer zur Sicherung des Veranstaltungsgel\u00e4ndes auf dem Jahnplatz eingesetzt. Zur Absicherung \u00f6ffentlicher Veranstaltungen geh\u00f6ren sie inzwischen zum Stadtbild. Die rund 1.000 Liter fassenden Wasserbeh\u00e4lter dienen als mobile Sicherheitssperren und verhindern im Ernstfall die Einfahrt von Amok-Fahrern aufs Veranstaltungsgel\u00e4nde.<\/p>\n<p id=\"absatz2\" class=\"em_text\" data-olk-copy-source=\"MessageBody\">NW-Lesern war nach dem Wochenende jedoch aufgefallen, dass Tausende Liter Wasser aus den Beh\u00e4ltern einfach in die Kanalisation gegossen werden. Und das, obwohl die B\u00fcrger der Stadt aufgrund der Trockenheit und Hitze gerade zeitgleich zum Wassersparen aufgerufen sind.<\/p>\n<p id=\"absatz4\" class=\"em_text\" data-olk-copy-source=\"MessageBody\">Darauf reagiert die Stadt nun. Das Wasser daraus solle eine weitere Funktion erf\u00fcllen: \u201eDie Wasserampel der Stadtwerke steht aufgrund der anhaltenden Hitze inzwischen auf Gelb. Das bedeutet f\u00fcr uns, besonders verantwortungsvoll mit Wasser umzugehen\u201c, erl\u00e4utert Umwelt- und Verkehrsdezernent Martin Adamski. \u201eGleichzeitig m\u00fcssen wir die Sicherheit bei Veranstaltungen gew\u00e4hrleisten. Deshalb haben wir entschieden, das Wasser aus den eingesetzten Indutainern nach Veranstaltungsende f\u00fcr die Bew\u00e4sserung von Gr\u00fcnfl\u00e4chen zu nutzen.\u201c<\/p>\n<p>Neuer Plan soll schon bald umgesetzt werden<\/p>\n<p class=\"em_text\">Anstatt das Wasser nach Veranstaltungsende ungenutzt abzulassen, entschied sich die Stadt, k\u00fcnftig f\u00fcr eine nachhaltige Weiterverwendung: Ein Gro\u00dfteil des f\u00fcr die Indutainer verwendeten Wassers wird f\u00fcr die Bew\u00e4sserung von Pflanzk\u00fcbeln, dem Rundbeet vor der Commerzbank sowie der Gr\u00fcnfl\u00e4che am Niederwall genutzt. Gerade die Gr\u00fcnfl\u00e4chen in der Innenstadt leiden besonders unter den Folgen des Klimawandels.<\/p>\n<p id=\"absatz6\" class=\"em_text\">Gro\u00dfe versiegelte Fl\u00e4chen speichern die W\u00e4rme des Tages und geben sie nachts nur langsam wieder ab. Dadurch entstehen sogenannte W\u00e4rmeinseln, die nicht nur Pflanzen belasten, sondern auch die Aufenthaltsqualit\u00e4t und das Wohlbefinden der Menschen beeintr\u00e4chtigen.<\/p>\n<p id=\"absatz7\" class=\"em_text\">F\u00fcr die Mitarbeiterinnen und Mitarbeiter des st\u00e4dtischen Umweltbetriebes (UWB) ist die Pflege der B\u00e4ume, Blumen und Gr\u00fcnanlagen w\u00e4hrend solcher Hitzeperioden eine zunehmende Herausforderung. Bereits f\u00fcr die Veranstaltung \u201eKulturkessel\u201c am Sonntag, 5. Juli, ist vorgesehen, elf mit Wasser gef\u00fcllte Indutainer auf dem Rathausvorplatz einzusetzen. Am darauffolgenden Montag werde der UWB das technische Equipment bereitstellen, um das Wasser nach Veranstaltungsende gezielt auf den st\u00e4dtischen Gr\u00fcnfl\u00e4chen zu verteilen.<\/p>\n<p id=\"absatz8\"><b class=\"bold\">Lesen Sie auch:<\/b> <a href=\"https:\/\/www.nw.de\/lokal\/bielefeld\/mitte\/24330410_Terrorschutz-So-sollen-Bielefelds-Stadtfeste-sicherer-werden.html\" rel=\"nofollow noopener\" target=\"_blank\">Terrorschutz So sollen Bielefelds Stadtfeste sicherer werden<\/a><\/p>\n","protected":false},"excerpt":{"rendered":"Bielefeld. F\u00fcr die Veranstaltung \u201eStadt sucht Bauer\u201c am vergangenen Samstag \u2013 aber auch f\u00fcr den gro\u00dfen Leinewebermarkt oder&hellip;\n","protected":false},"author":2,"featured_media":1133512,"comment_status":"","ping_status":"","sticky":false,"template":"","format":"standard","meta":{"footnotes":"","_share_on_mastodon":"0"},"categories":[1841],"tags":[1605,3364,29,30,35290,9307,1611,1606,9310,15354,1608,10124,31821,66353,198343,736,164252,10127,16405,124602,1209,238649,28188,77181],"class_list":["post-1133511","post","type-post","status-publish","format-standard","has-post-thumbnail","category-bielefeld","tag-bielefeld","tag-de","tag-deutschland","tag-germany","tag-kanalisation","tag-label_foto","tag-label_informiere-mich","tag-label_m-80","tag-label_social","tag-label_stroer","tag-label_top-news","tag-label_video","tag-leinewebermarkt","tag-martin-adamski","tag-meta_artikelklasse_aboanker","tag-meta_copyrights_nw","tag-meta_eo_zusammenfassung","tag-meta_themen_natur_klima_umwelt","tag-meta_userneeds_ordneein","tag-neue-westfaelische","tag-nordrhein-westfalen","tag-sicherheitssperre","tag-veranstaltungsgelaende","tag-wassertank"],"share_on_mastodon":{"url":"","error":"Validation failed: Text character limit of 500 exceeded"},"_links":{"self":[{"href":"https:\/\/www.europesays.com\/de\/wp-json\/wp\/v2\/posts\/1133511","targetHints":{"allow":["GET"]}}],"collection":[{"href":"https:\/\/www.europesays.com\/de\/wp-json\/wp\/v2\/posts"}],"about":[{"href":"https:\/\/www.europesays.com\/de\/wp-json\/wp\/v2\/types\/post"}],"author":[{"embeddable":true,"href":"https:\/\/www.europesays.com\/de\/wp-json\/wp\/v2\/users\/2"}],"replies":[{"embeddable":true,"href":"https:\/\/www.europesays.com\/de\/wp-json\/wp\/v2\/comments?post=1133511"}],"version-history":[{"count":0,"href":"https:\/\/www.europesays.com\/de\/wp-json\/wp\/v2\/posts\/1133511\/revisions"}],"wp:featuredmedia":[{"embeddable":true,"href":"https:\/\/www.europesays.com\/de\/wp-json\/wp\/v2\/media\/1133512"}],"wp:attachment":[{"href":"https:\/\/www.europesays.com\/de\/wp-json\/wp\/v2\/media?parent=1133511"}],"wp:term":[{"taxonomy":"category","embeddable":true,"href":"https:\/\/www.europesays.com\/de\/wp-json\/wp\/v2\/categories?post=1133511"},{"taxonomy":"post_tag","embeddable":true,"href":"https:\/\/www.europesays.com\/de\/wp-json\/wp\/v2\/tags?post=1133511"}],"curies":[{"name":"wp","href":"https:\/\/api.w.org\/{rel}","templated":true}]}}