{"id":1133569,"date":"2026-06-30T20:27:15","date_gmt":"2026-06-30T20:27:15","guid":{"rendered":"https:\/\/www.europesays.com\/de\/1133569\/"},"modified":"2026-06-30T20:27:15","modified_gmt":"2026-06-30T20:27:15","slug":"rb-leipzig-bietet-24-millionen-fuer-burnley-innenverteidiger-maxime-esteve","status":"publish","type":"post","link":"https:\/\/www.europesays.com\/de\/1133569\/","title":{"rendered":"RB Leipzig bietet 24 Millionen f\u00fcr Burnley-Innenverteidiger Maxime Est\u00e8ve"},"content":{"rendered":"<p>Luftver\u00e4nderung nach dem Abstieg und erstes Angebot bereits eingereicht<\/p>\n<p><a href=\"https:\/\/www.fussballdaten.de\/person\/maxime-esteve\/\" target=\"_blank\" rel=\"nofollow noopener\">Est\u00e8ve<\/a> strebt nach dem Abstieg aus der Premier League eine Luftver\u00e4nderung an. <a href=\"https:\/\/www.fussballdaten.de\/vereine\/fc-burnley\/\" title=\"Profil von FC Burnley\" rel=\"nofollow noopener\" target=\"_blank\">Burnley<\/a> ist Berichten zufolge bereit, sich Angebote f\u00fcr den 1,93 Meter gro\u00dfen Franzosen anzuh\u00f6ren. Laut einem sp\u00e4teren Update von Sacha Tavolieri hat Leipzig bereits ein konkretes Angebot in H\u00f6he von 24 Millionen Euro abgegeben. Burnley fordert nach Informationen von Sky jedoch deutlich mehr. 35 bis 45 Millionen Euro werden als Preisvorstellung der Clarets genannt.<\/p>\n<p class=\"mb20 mt30\">Est\u00e8ve kam aus der Jugend von HSC Montpellier, wo er sich nach seinem Profideb\u00fct 2021 zum Stammspieler in der Ligue 1 entwickelte. Im Februar 2024 wechselte er auf Leihbasis zu Burnley, der Klub zog im Sommer desselben Jahres die vereinbarte Kaufoption. In der Saison 2024\/25 absolvierte er s\u00e4mtliche 46 Ligaspiele und f\u00fchrte Burnley zum direkten Wiederaufstieg in die Premier League, ehe die Mannschaft prompt wieder abstieg. Auf internationaler Ebene durchlief der Linksfu\u00df die franz\u00f6sischen Nachwuchsnationalmannschaften von der U20 bis zur U23.<\/p>\n<p>RB-Shortlist und Konkurrenz von Bayer Leverkusen<\/p>\n<p class=\"mb20 mt30\">Leipzig gilt laut Onze Mondial als einer der konkretesten Interessenten. Est\u00e8ve steht demnach auf der RB-Shortlist und passt als linksf\u00fc\u00dfiger Defensivspieler mit St\u00e4rken im Spielaufbau und im Zweikampf exakt ins gesuchte Profil der Sachsen. Neben Leipzig sollen weitere europ\u00e4ische Klubs an Est\u00e8ve dran sein, auch Bayer Leverkusen hat unter anderem Interesse bekundet.<\/p>\n<p class=\"mb20 mt30\">Ob sich Leipzig und Burnley bei der Abl\u00f6se ann\u00e4hern k\u00f6nnen, d\u00fcrfte angesichts der erheblichen Differenz zwischen Angebot und Forderung die entscheidende Frage der kommenden Tage werden.<\/p>\n","protected":false},"excerpt":{"rendered":"Luftver\u00e4nderung nach dem Abstieg und erstes Angebot bereits eingereicht Est\u00e8ve strebt nach dem Abstieg aus der Premier League&hellip;\n","protected":false},"author":2,"featured_media":1133570,"comment_status":"","ping_status":"","sticky":false,"template":"","format":"standard","meta":{"footnotes":"","_share_on_mastodon":"0"},"categories":[1832],"tags":[110038,299,238668,3364,29,238670,7847,36070,347,30,71,238669,1111,859],"class_list":["post-1133569","post","type-post","status-publish","format-standard","has-post-thumbnail","category-leipzig","tag-bietet","tag-bundesliga","tag-burnley-innenverteidiger","tag-de","tag-deutschland","tag-esteve","tag-football","tag-fuer","tag-fussball","tag-germany","tag-leipzig","tag-maxime","tag-millionen","tag-sachsen"],"share_on_mastodon":{"url":"https:\/\/pubeurope.com\/@de\/116840945937659166","error":""},"_links":{"self":[{"href":"https:\/\/www.europesays.com\/de\/wp-json\/wp\/v2\/posts\/1133569","targetHints":{"allow":["GET"]}}],"collection":[{"href":"https:\/\/www.europesays.com\/de\/wp-json\/wp\/v2\/posts"}],"about":[{"href":"https:\/\/www.europesays.com\/de\/wp-json\/wp\/v2\/types\/post"}],"author":[{"embeddable":true,"href":"https:\/\/www.europesays.com\/de\/wp-json\/wp\/v2\/users\/2"}],"replies":[{"embeddable":true,"href":"https:\/\/www.europesays.com\/de\/wp-json\/wp\/v2\/comments?post=1133569"}],"version-history":[{"count":0,"href":"https:\/\/www.europesays.com\/de\/wp-json\/wp\/v2\/posts\/1133569\/revisions"}],"wp:featuredmedia":[{"embeddable":true,"href":"https:\/\/www.europesays.com\/de\/wp-json\/wp\/v2\/media\/1133570"}],"wp:attachment":[{"href":"https:\/\/www.europesays.com\/de\/wp-json\/wp\/v2\/media?parent=1133569"}],"wp:term":[{"taxonomy":"category","embeddable":true,"href":"https:\/\/www.europesays.com\/de\/wp-json\/wp\/v2\/categories?post=1133569"},{"taxonomy":"post_tag","embeddable":true,"href":"https:\/\/www.europesays.com\/de\/wp-json\/wp\/v2\/tags?post=1133569"}],"curies":[{"name":"wp","href":"https:\/\/api.w.org\/{rel}","templated":true}]}}