{"id":1133575,"date":"2026-06-30T20:30:17","date_gmt":"2026-06-30T20:30:17","guid":{"rendered":"https:\/\/www.europesays.com\/de\/1133575\/"},"modified":"2026-06-30T20:30:17","modified_gmt":"2026-06-30T20:30:17","slug":"jung-laut-kreativ-7-fragen-an-marius-bornmann","status":"publish","type":"post","link":"https:\/\/www.europesays.com\/de\/1133575\/","title":{"rendered":"Jung. Laut. Kreativ. &#8211; 7 Fragen an Marius Bornmann"},"content":{"rendered":"<p><strong>Die Kulturszene in Stuttgart lebt von Menschen mit Ideen, Haltung und Lust, etwas zu bewegen. In unserem neuen Format \u201eJung. Laut. Kreativ. \u2013 7 Fragen an \u2026\u201c lernen wir sie kennen \u2013 pers\u00f6nlich und auf den Punkt, in sieben Fragen. Heute dabei: Marius Bornmann \u2013 Schlagzeuger.<\/strong><\/p>\n<p>1. Wer bist du und was treibt dich kreativ an?<\/p>\n<p>Ich bin <a href=\"https:\/\/www.instagram.com\/mariusbornmann\/\" target=\"_blank\" rel=\"noopener nofollow\">Marius<\/a>, <strong>Schlagzeuger<\/strong> aus Stuttgart und vor allem in der<strong> Band \u201e<a href=\"https:\/\/www.instagram.com\/heisskaltmusik\/\" target=\"_blank\" rel=\"noopener nofollow\">Heisskalt<\/a>\u201e<\/strong> aktiv. Kreativen Antrieb bekomme ich durch die guten und die schlechten Zeiten, aber auch durch das <strong>Aufsaugen der Kunst<\/strong> um mich rum. Ein Besuch im Museum, im Kino oder im Theater oder einfach ein langer Spaziergang durch Stuttgart an einem sonnigen Tag oder einer lauen Nacht.<\/p>\n<p>2. Wie bist du zu dem gekommen, was du heute machst?<\/p>\n<p>Ich hab einfach als kleiner Junge angefangen und dann nie wieder aufgeh\u00f6rt. Irgendwann hab ich \u00fcber eine <strong>Mischung aus Internet und der regionalen Bandszene<\/strong> meine heutigen Bandkollegen kennengelernt und bin einfach immer durch die n\u00e4chstbeste T\u00fcr gelaufen, die sich ge\u00f6ffnet hat.<\/p>\n<p>3. Welche Rolle spielt Stuttgart (oder die Region) f\u00fcr dein Schaffen?<\/p>\n<p>Stuttgart als Wohnort ist f\u00fcr mich <strong>Ruhepol<\/strong>, an dem ich mich wohl genug f\u00fchle um zu sein wie ich sein will, auch wenn das noch lange nicht hei\u00dft, dass ich zuhause Schlagzeug \u00fcben darf. Maybe someday\u2026<\/p>\n<p><strong>4. Was w\u00fcrdest du sagen, zeichnet die Stuttgarter Kreativszene aus &amp; wo siehst du Entwicklungspotenzial?<\/strong><\/p>\n<p>Ich nehme die <strong>Stuttgarter Kreativszene<\/strong> heute als einen Ort wahr, an dem man sich gegenseitig unter die Arme greift. Der unglaublich viele Talente und unterschiedlichste Ideen und Gef\u00fchle in sich versammelt. Manchmal denk ich, ich hab schon alles hier gesehen und begegne dann doch nochmal ganz neuen Menschen. Vielleicht liegt da auch das Potenzial \u2013 noch mehr Begegnungsst\u00e4tten zu schaffen.<\/p>\n<p><strong>5. Stuttgart und Kultur: Wo l\u00e4uft\u2019s gut und wo l\u00e4uft\u2019s gerade komplett schief?<\/strong><br \/>\nSch\u00f6n finde ich, dass es Leute gibt, die sich richtig M\u00fche geben, etwas auf die Beine zu stellen, an das sie glauben. Da seien beispielsweise <strong>das<a href=\"https:\/\/jugendhaus-west.de\" target=\"_blank\" rel=\"noopener nofollow\"> Juha West<\/a>, das <a href=\"https:\/\/www.instagram.com\/merlinstuttgart\/\" target=\"_blank\" rel=\"noopener nofollow\">Merlin<\/a> oder <a href=\"https:\/\/www.dascann-jugendhaus.de\" target=\"_blank\" rel=\"noopener nofollow\">dasCann<\/a><\/strong> stellvertretend genannt. Aber auch die Menschen vom <a href=\"https:\/\/www.instagram.com\/imwizemann\/\" target=\"_blank\" rel=\"noopener nofollow\"><strong>Im Wizemann <\/strong><\/a>oder dem<strong> <a href=\"https:\/\/www.instagram.com\/popbuero\/\" target=\"_blank\" rel=\"noopener nofollow\">PopB\u00fcro<\/a><\/strong> halten meiner Meinung nach sp\u00fcrbar die Fahne hoch f\u00fcr Subkultur, was bestimmt nicht immer einfach sein kann.<\/p>\n<p>Schief l\u00e4uft es n\u00e4mlich meines Erachtens \u00fcberall da wo Geld oder <strong>Platz f\u00fcr Kunst und Subkultur<\/strong> im speziellen ben\u00f6tigt wird. Ich als Berufs-Schlagzeuger habe beispielsweise nicht das Gef\u00fchl, dass die Stadt mich einl\u00e4dt meinen Beruf hier auszuf\u00fchren. Ich habe meinen Proberaum (gleichzeitig den meiner Band) ausserhalb der Landeshauptstadt gefunden.<\/p>\n<p>6. Woran arbeitest du gerade und was steht als N\u00e4chstes an?<\/p>\n<p>Mit Heisskalt werden wir im Herbst unser<strong> erstes Album von 2014<\/strong> + unsere <strong>erste EP von 2013<\/strong> am St\u00fcck und in voller L\u00e4nge auf die B\u00fchne und auf Tour bringen. Dazu sind die Vorbereitungen nat\u00fcrlich in vollem Gange.<\/p>\n<p>Ob wir auch ein neues Album schreiben werden? Wer wei\u00df\u2026<\/p>\n<p>Ausserdem bin ich grad emsig dabei mein Unterrichtsangebot auszuweiten.<\/p>\n<p><strong>7. Was sind deine kulturellen Empfehlungen?<\/strong><br \/>\nV\u00f6llig weggeblasen hat mich das St\u00fcck \u201e<a href=\"https:\/\/www.berlinerfestspiele.de\/theatertreffen\/programm\/2026\/10-inszenierungen\/die-welt-im-ruecken\" target=\"_blank\" rel=\"noopener nofollow\">Die Welt im R\u00fccken<\/a>\u201c im Schauspiel von Lucia Bihler.<br \/>\nAuch sollte man sich unbedingt den Kurzfilm \u201e<a href=\"https:\/\/fa-berlin.com\/film\/im-auto-tapes-und-butterbrot\/\" target=\"_blank\" rel=\"noopener nofollow\">Im Auto Tapes und Butterbrot<\/a>\u201c der Stuttgarter Regisseurin Kiana Naghshineh anschauen (gibt\u2019s auf Arte).<br \/>\nUnd um noch 2 mal tolle Musik aus Stuttgart zu h\u00f6ren, zieht euch die aktuellen Alben von <a href=\"https:\/\/www.instagram.com\/rikasband\/\" target=\"_blank\" rel=\"noopener nofollow\">Rikas<\/a>\u00a0und <a href=\"https:\/\/www.instagram.com\/julian_knoth\/\" target=\"_blank\" rel=\"noopener nofollow\">Julian Knoth<\/a> rein.<br \/>\nVielleicht sei zuletzt noch der tolle Roman von <a href=\"https:\/\/www.instagram.com\/jeanphilippekindler\/?hl=de\" target=\"_blank\" rel=\"noopener nofollow\">Jean-Philippe Kindler<\/a> \u201eHier ist der Beginn und das Ende ist dort\u201c erw\u00e4hnt. Es gibt einfach so viele gute Sachen.<\/p>\n<p>Hier findet ihr Marius im Netz:<\/p>\n<p>\u27a1\ufe0f Mehr Kultur aus Stuttgart? Weitere Portr\u00e4ts und Interviews hier auf <strong><a href=\"http:\/\/stuggi.tv\/\" target=\"_blank\" rel=\"noopener nofollow\" data-saferedirecturl=\"https:\/\/www.google.com\/url?q=http:\/\/stuggi.tv\/&amp;source=gmail&amp;ust=1773125823731000&amp;usg=AOvVaw0hXA8fQwONs3oWoRNP5qa8\">STUGGI.TV<\/a><\/strong><\/p>\n<p>Foto: Yasmin Sara-Ergen<\/p>\n<p>\t\t\t\t\t\t\t<script async src=\"\/\/www.instagram.com\/embed.js\"><\/script><\/p>\n","protected":false},"excerpt":{"rendered":"Die Kulturszene in Stuttgart lebt von Menschen mit Ideen, Haltung und Lust, etwas zu bewegen. In unserem neuen&hellip;\n","protected":false},"author":2,"featured_media":1133576,"comment_status":"","ping_status":"","sticky":false,"template":"","format":"standard","meta":{"footnotes":"","_share_on_mastodon":"0"},"categories":[1830],"tags":[1634,238671,3364,29,235231,39694,3448,30,238672,114072,238673,238674,173757,228265,80,235937,112921,2075,68300,238675,238143,86814,546,17532,23082,1441,58860],"class_list":["post-1133575","post","type-post","status-publish","format-standard","has-post-thumbnail","category-stuttgart","tag-baden-wuerttemberg","tag-das-cann","tag-de","tag-deutschland","tag-deutschrock","tag-drums","tag-festivals","tag-germany","tag-heisskalt","tag-im-wizemann","tag-jean-philippe-kindler","tag-juha-west","tag-julian-knoth","tag-kreativszene","tag-kultur","tag-kulturbranche","tag-kulturzentrum-merlin","tag-kunst","tag-live-musik","tag-marius-bornmann","tag-popbuero-region-stuttgart","tag-rikas","tag-rock","tag-schlagzeug","tag-schlagzeuger","tag-stuttgart","tag-subkultur"],"share_on_mastodon":{"url":"https:\/\/pubeurope.com\/@de\/116840957720376681","error":""},"_links":{"self":[{"href":"https:\/\/www.europesays.com\/de\/wp-json\/wp\/v2\/posts\/1133575","targetHints":{"allow":["GET"]}}],"collection":[{"href":"https:\/\/www.europesays.com\/de\/wp-json\/wp\/v2\/posts"}],"about":[{"href":"https:\/\/www.europesays.com\/de\/wp-json\/wp\/v2\/types\/post"}],"author":[{"embeddable":true,"href":"https:\/\/www.europesays.com\/de\/wp-json\/wp\/v2\/users\/2"}],"replies":[{"embeddable":true,"href":"https:\/\/www.europesays.com\/de\/wp-json\/wp\/v2\/comments?post=1133575"}],"version-history":[{"count":0,"href":"https:\/\/www.europesays.com\/de\/wp-json\/wp\/v2\/posts\/1133575\/revisions"}],"wp:featuredmedia":[{"embeddable":true,"href":"https:\/\/www.europesays.com\/de\/wp-json\/wp\/v2\/media\/1133576"}],"wp:attachment":[{"href":"https:\/\/www.europesays.com\/de\/wp-json\/wp\/v2\/media?parent=1133575"}],"wp:term":[{"taxonomy":"category","embeddable":true,"href":"https:\/\/www.europesays.com\/de\/wp-json\/wp\/v2\/categories?post=1133575"},{"taxonomy":"post_tag","embeddable":true,"href":"https:\/\/www.europesays.com\/de\/wp-json\/wp\/v2\/tags?post=1133575"}],"curies":[{"name":"wp","href":"https:\/\/api.w.org\/{rel}","templated":true}]}}