{"id":1133874,"date":"2026-06-30T23:31:19","date_gmt":"2026-06-30T23:31:19","guid":{"rendered":"https:\/\/www.europesays.com\/de\/1133874\/"},"modified":"2026-06-30T23:31:19","modified_gmt":"2026-06-30T23:31:19","slug":"katastrophenschutz-wie-sicher-sind-hamburgs-bunker-hinzkunzt","status":"publish","type":"post","link":"https:\/\/www.europesays.com\/de\/1133874\/","title":{"rendered":"Katastrophenschutz: Wie sicher sind Hamburgs Bunker? \u2013 Hinz&#038;Kunzt"},"content":{"rendered":"<p>Im Zweiten Weltkrieg galt Hamburg als Bunkerhauptstadt. Doch in welchem Zustand sind die Schutzr\u00e4ume heute? Und wie gewappnet ist Hamburg vor Angriffen? Besuch in einer dystopischen Welt.<\/p>\n<p>Im Atomkrieg h\u00e4tten sie hinter dieser unscheinbaren T\u00fcr Zuflucht finden k\u00f6nnen, heute hasten die Reisenden einfach vorbei. Vermutlich ahnen die wenigsten von ihnen, dass sich hier neben ihnen, an der Ostseite des Hamburger Hauptbahnhofs, der Eingang zu einem Atomschutzbunker befindet. Eine massive Wand trennt den Bunker von den U-Bahn-Linien U2 und U4. Stahlbeton, bis zu zweieinhalb Meter dick, um im Katastrophenfall eine Druckwelle abd\u00e4mpfen zu k\u00f6nnen \u2013 und vor radioaktiver Strahlung zu sch\u00fctzen.<\/p>\n<p>\nRonald Rossig dreht den Schl\u00fcssel im Schloss und st\u00f6\u00dft die schwere Lame&#8230; <\/p>\n<p>            <br clear=\"both\"\/><\/p>\n<p>                        Ausgabe kaufen &amp; Gutes tun                    <\/p>\n<p>Kaufen Sie diese Ausgabe Hinz&amp;Kunzt digital f\u00fcr <strong>nur 2,80 \u20ac<\/strong>.\u00a0Damit unterst\u00fctzen Sie unabh\u00e4ngigen Journalismus und unsere <b>Hilfe f\u00fcr obdachlose und arme Menschen<\/b>.<\/p>\n<p>                                <img decoding=\"async\" style=\"mix-blend-mode: multiply; width:60%;display:block;margin: 20px auto;margin-top:0px;\" src=\"https:\/\/www.europesays.com\/de\/wp-content\/uploads\/2026\/04\/zahlungsmittel.png\"\/><\/p>\n<p>oder<\/p>\n<p>Schlie\u00dfen Sie unser Jahresabo f\u00fcr 33,60 \u20ac ab \u2013 und lesen Sie ein Jahr alle neuen Ausgaben. Endet automatisch!<a data-paywall-action=\"click_buy_abo\" color=\"black\" href=\"https:\/\/www.hinzundkunzt.de\/magazin\/abo\" rel=\"nofollow noopener\" target=\"_blank\">ABO ABSCHLIESSEN<\/a><\/p>\n<p>Schon gekauft? <a href=\"https:\/\/www.hinzundkunzt.de\/meine-magazine\" rel=\"nofollow noopener\" target=\"_blank\">Zum Login<\/a><\/p>\n","protected":false},"excerpt":{"rendered":"Im Zweiten Weltkrieg galt Hamburg als Bunkerhauptstadt. Doch in welchem Zustand sind die Schutzr\u00e4ume heute? Und wie gewappnet&hellip;\n","protected":false},"author":2,"featured_media":1133875,"comment_status":"","ping_status":"","sticky":false,"template":"","format":"standard","meta":{"footnotes":"","_share_on_mastodon":"0"},"categories":[1826],"tags":[8920,29,30,692,5668,4046],"class_list":["post-1133874","post","type-post","status-publish","format-standard","has-post-thumbnail","category-hamburg","tag-bunker","tag-deutschland","tag-germany","tag-hamburg","tag-katastrophenschutz","tag-krieg"],"share_on_mastodon":{"url":"https:\/\/pubeurope.com\/@de\/116841669690178810","error":""},"_links":{"self":[{"href":"https:\/\/www.europesays.com\/de\/wp-json\/wp\/v2\/posts\/1133874","targetHints":{"allow":["GET"]}}],"collection":[{"href":"https:\/\/www.europesays.com\/de\/wp-json\/wp\/v2\/posts"}],"about":[{"href":"https:\/\/www.europesays.com\/de\/wp-json\/wp\/v2\/types\/post"}],"author":[{"embeddable":true,"href":"https:\/\/www.europesays.com\/de\/wp-json\/wp\/v2\/users\/2"}],"replies":[{"embeddable":true,"href":"https:\/\/www.europesays.com\/de\/wp-json\/wp\/v2\/comments?post=1133874"}],"version-history":[{"count":0,"href":"https:\/\/www.europesays.com\/de\/wp-json\/wp\/v2\/posts\/1133874\/revisions"}],"wp:featuredmedia":[{"embeddable":true,"href":"https:\/\/www.europesays.com\/de\/wp-json\/wp\/v2\/media\/1133875"}],"wp:attachment":[{"href":"https:\/\/www.europesays.com\/de\/wp-json\/wp\/v2\/media?parent=1133874"}],"wp:term":[{"taxonomy":"category","embeddable":true,"href":"https:\/\/www.europesays.com\/de\/wp-json\/wp\/v2\/categories?post=1133874"},{"taxonomy":"post_tag","embeddable":true,"href":"https:\/\/www.europesays.com\/de\/wp-json\/wp\/v2\/tags?post=1133874"}],"curies":[{"name":"wp","href":"https:\/\/api.w.org\/{rel}","templated":true}]}}