{"id":1134108,"date":"2026-07-01T01:51:18","date_gmt":"2026-07-01T01:51:18","guid":{"rendered":"https:\/\/www.europesays.com\/de\/1134108\/"},"modified":"2026-07-01T01:51:18","modified_gmt":"2026-07-01T01:51:18","slug":"wm-2026-so-kontert-merz-die-kritik-nach-seinem-instinktlosen-post-zum-deutschen-aus","status":"publish","type":"post","link":"https:\/\/www.europesays.com\/de\/1134108\/","title":{"rendered":"WM 2026: So kontert Merz die Kritik nach seinem instinktlosen Post zum deutschen Aus"},"content":{"rendered":"<p>In einem Anflug von Instinktlosigkeit besch\u00f6nigt Friedrich Merz das WM-Debakel der deutschen Fu\u00dfball-Nationalmannschaft. Elf Stunden nach seinem ersten Post und darauffolgender Kritik setzt er einen zweiten ab.<\/p>\n<p class=\"is-first-paragraph\" data-external=\"Article.FirstParagraph\">Die witzigste Reaktion kam von der ohnehin mit einem guten Ma\u00df an Humor gesegneten Marie-Agnes Strack-Zimmermann. Die Grande Dame der FDP jedenfalls kommentierte den v\u00f6llig verungl\u00fcckten Post von Bundeskanzler Friedrich Merz mit folgenden Worten: \u201eIch wei\u00df gar nicht, was schlimmer war. Das Spiel oder diese Analyse.\u201c<\/p>\n<p>So wie der Europaabgeordneten erging es offensichtlich vielen Menschen, nachdem Merz in einem <a class=\"is-link c-block-items__link c-link--rich-text-renderer\" href=\"https:\/\/www.welt.de\/sport\/fussball\/wm\/article6a43780be507bf1455ece0fe\/wm-2026-instinktlos-ihr-habt-unser-land-begeistert-schreibt-bundeskanzler-merz.html\" data-internal-tracking-enabled=\"true\" data-internal-tracking=\"{&quot;action&quot;:&quot;click&quot;,&quot;label&quot;:&quot;link&quot;,&quot;name&quot;:&quot;Inline Element&quot;,&quot;data&quot;:{&quot;source&quot;:&quot;&quot;,&quot;target&quot;:&quot;https:\/\/www.welt.de\/sport\/fussball\/wm\/article6a43780be507bf1455ece0fe\/wm-2026-instinktlos-ihr-habt-unser-land-begeistert-schreibt-bundeskanzler-merz.html&quot;,&quot;trackingName&quot;:&quot;&quot;,&quot;trackingLabel&quot;:&quot;&quot;}}\" rel=\"nofollow noopener\" target=\"_blank\">neuen Anflug von Instinktlosigkeit<\/a> nun auch das Wirken der Nationalmannschaft sch\u00f6nzureden versuchte. <a class=\"is-link c-block-items__link c-link--rich-text-renderer\" href=\"https:\/\/www.welt.de\/sport\/fussball\/wm\/article6a432aecb9ced42c832d29e6\/fussball-wm-nagelsmanns-amtszeit-die-chronologie-eines-zweifachen-scheiterns.html\" data-internal-tracking-enabled=\"true\" data-internal-tracking=\"{&quot;action&quot;:&quot;click&quot;,&quot;label&quot;:&quot;link&quot;,&quot;name&quot;:&quot;Inline Element&quot;,&quot;data&quot;:{&quot;source&quot;:&quot;&quot;,&quot;target&quot;:&quot;https:\/\/www.welt.de\/sport\/fussball\/wm\/article6a432aecb9ced42c832d29e6\/fussball-wm-nagelsmanns-amtszeit-die-chronologie-eines-zweifachen-scheiterns.html&quot;,&quot;trackingName&quot;:&quot;&quot;,&quot;trackingLabel&quot;:&quot;&quot;}}\" rel=\"nofollow noopener\" target=\"_blank\">Die war gerade blamabel bei der Fu\u00dfball-WM<\/a> an der Nummer 37 der Weltrangliste, Paraguay, gescheitert \u2013 4:5 hie\u00df es nach Elfmeterschie\u00dfen \u2013, als der Kanzler auf der Plattform X schrieb: \u201eAuch wenn das Ausscheiden schmerzt: Was f\u00fcr ein Spiel. Mit eurem Einsatz und Teamgeist bei dieser WM habt ihr unser Land begeistert. Wir sind stolz auf euch.\u201c<\/p>\n<p>F\u00fcr einige Stunden stand die Frage im Raum, warum ein Bundeskanzler nicht ann\u00e4hernd die Grundstimmung im Land einfangen und derart empathielos agieren kann. Neben Strack-Zimmermann kritisierten jedenfalls viele den Merz-Post in den sozialen Medien.  Die Wortkombination \u201eWelches Spiel\u201c trendete rasch auf X. <\/p>\n<p>\u201eWer den Adler auf der Brust tr\u00e4gt &#8230;\u201c, schreibt Merz<\/p>\n<p>Auch die politische Konkurrenz reagierte \u00e4hnlich wie Strack-Zimmermann mit Hohn und Spott. So hie\u00df es auf dem X-Kanal der AfD: \u201eMerz hat sich so sehr daran gew\u00f6hnt, die miserable Leistung seiner CDU sch\u00f6nzureden, dass er einfach nicht mehr anders kann.\u201c Und Sevim Dagdelen vom Bundesvorstand des BSW diagnostizierte einen \u201eRealit\u00e4tsverlust auf Kanzlerniveau. Genau wie bei seiner Politik\u201c.<\/p>\n<p>Christian G\u00f6rke (Linke), innenpolitischer Sprecher der Linksfraktion im Bundestag, sagte WELT: \u201eDer Kanzler muss ein anderes Spiel gesehen haben. Hier zeigt sich mal wieder, wie es um seine Wahrnehmung der Realit\u00e4t bestellt ist. Seine Wahrnehmung der Verh\u00e4ltnisse in Deutschland ist ja auch mindestens eine merkw\u00fcrdige. Sonst w\u00fcrde er nicht darauf kommen, in Deutschland w\u00fcrde zu wenig gearbeitet und zu viel krankgefeiert.\u201c <\/p>\n<p>Offensichtlich war der Spott, den Merz \u00fcber sich ergehen lassen musste, an irgendeinem Punkt derart gro\u00df, dass er elf Stunden nach seinem ersten einen zweiten Post zur aus deutscher Perspektive v\u00f6llig versemmelten WM absetzte: \u201eErfolge feiern wir gemeinsam. Und in der Niederlage stehen wir zusammen. Das macht uns stark. Wer den Adler auf der Brust tr\u00e4gt, hat unseren R\u00fcckhalt verdient und nicht unseren Spott\u201c, schrieb der 70 Jahre alte CDU-Politiker.<\/p>\n<p>Das erste Posting soll ein Versehen gewesen sein. \u201eFalscher Tweet, falscher Zeitpunkt, falscher Knopf\u201c, zitiert der \u201eTagesspiegel\u201c eine Quelle aus dem Kanzleramt. Der gesamte Vorgang sei \u201eleider sehr \u00e4rgerlich\u201c gewesen.<\/p>\n<p>jb\/uma<\/p>\n","protected":false},"excerpt":{"rendered":"In einem Anflug von Instinktlosigkeit besch\u00f6nigt Friedrich Merz das WM-Debakel der deutschen Fu\u00dfball-Nationalmannschaft. Elf Stunden nach seinem ersten&hellip;\n","protected":false},"author":2,"featured_media":1134109,"comment_status":"","ping_status":"","sticky":false,"template":"","format":"standard","meta":{"footnotes":"","_share_on_mastodon":"0"},"categories":[5],"tags":[331,332,3364,29,50501,183,38029,30,13,54233,182,14,54232,15,12,45,227052],"class_list":["post-1134108","post","type-post","status-publish","format-standard","has-post-thumbnail","category-nachrichten","tag-aktuelle-nachrichten","tag-aktuelle-news","tag-de","tag-deutschland","tag-deutschland-fussballnationalmannschaft","tag-friedrich-cdu","tag-fussball-wm-2026","tag-germany","tag-headlines","tag-julian-trainer","tag-merz","tag-nachrichten","tag-nagelsmann","tag-news","tag-schlagzeilen","tag-texttospeech","tag-wm-2026-ad"],"share_on_mastodon":{"url":"https:\/\/pubeurope.com\/@de\/116842220154964165","error":""},"_links":{"self":[{"href":"https:\/\/www.europesays.com\/de\/wp-json\/wp\/v2\/posts\/1134108","targetHints":{"allow":["GET"]}}],"collection":[{"href":"https:\/\/www.europesays.com\/de\/wp-json\/wp\/v2\/posts"}],"about":[{"href":"https:\/\/www.europesays.com\/de\/wp-json\/wp\/v2\/types\/post"}],"author":[{"embeddable":true,"href":"https:\/\/www.europesays.com\/de\/wp-json\/wp\/v2\/users\/2"}],"replies":[{"embeddable":true,"href":"https:\/\/www.europesays.com\/de\/wp-json\/wp\/v2\/comments?post=1134108"}],"version-history":[{"count":0,"href":"https:\/\/www.europesays.com\/de\/wp-json\/wp\/v2\/posts\/1134108\/revisions"}],"wp:featuredmedia":[{"embeddable":true,"href":"https:\/\/www.europesays.com\/de\/wp-json\/wp\/v2\/media\/1134109"}],"wp:attachment":[{"href":"https:\/\/www.europesays.com\/de\/wp-json\/wp\/v2\/media?parent=1134108"}],"wp:term":[{"taxonomy":"category","embeddable":true,"href":"https:\/\/www.europesays.com\/de\/wp-json\/wp\/v2\/categories?post=1134108"},{"taxonomy":"post_tag","embeddable":true,"href":"https:\/\/www.europesays.com\/de\/wp-json\/wp\/v2\/tags?post=1134108"}],"curies":[{"name":"wp","href":"https:\/\/api.w.org\/{rel}","templated":true}]}}