{"id":1134116,"date":"2026-07-01T01:55:49","date_gmt":"2026-07-01T01:55:49","guid":{"rendered":"https:\/\/www.europesays.com\/de\/1134116\/"},"modified":"2026-07-01T01:55:49","modified_gmt":"2026-07-01T01:55:49","slug":"moers-chefarzt-erklaert-neue-therapien-bei-chronischen-darmerkrankungen","status":"publish","type":"post","link":"https:\/\/www.europesays.com\/de\/1134116\/","title":{"rendered":"Moers: Chefarzt erkl\u00e4rt neue Therapien bei chronischen Darmerkrankungen"},"content":{"rendered":"<p class=\"text_ohne_einzug richtext text-em-55 !leading-serif mx-6 desktop:mx-0\">  Chronisch-entz\u00fcndliche Darmerkrankungen wie Morbus Crohn und Colitis ulcerosa betreffen in Deutschland mehrere Hunderttausend Menschen. Die Erkrankungen verlaufen h\u00e4ufig schubweise und stellen Betroffene im Alltag vor gro\u00dfe Herausforderungen. \u00dcber aktuelle Behandlungsm\u00f6glichkeiten und neue Entwicklungen in der Therapie informiert das St.-Josef-Krankenhaus <a href=\"https:\/\/rp-online.de\/thema\/moers\/\" rel=\"nofollow noopener\" target=\"_blank\">Moers<\/a> am Mittwoch, 1. Juli, 17 Uhr im Rahmen eines Gesundheitsforums.<\/p>\n<p class=\"richtext text-em-55 !leading-serif mx-6 desktop:mx-0\">Unter dem Titel \u201eCED \u2013 Aktuelle Therapien bei chronischen Darmerkrankungen\u201c l\u00e4dt die Klinik f\u00fcr Innere Medizin zu der Informationsveranstaltung ein. Cetin Sen, Chefarzt der Klinik f\u00fcr Innere Medizin, gibt einen \u00dcberblick \u00fcber die Entstehung chronisch-entz\u00fcndlicher Darmerkrankungen und erl\u00e4utert, welche modernen Diagnose- und Behandlungsm\u00f6glichkeiten heute zur Verf\u00fcgung stehen. Ein Schwerpunkt liegt auf innovativen Medikamenten und sogenannten Biologika, die in den vergangenen Jahren die Behandlung vieler Betroffener deutlich verbessert haben, teilte das Krankenhaus mit.<\/p>\n<p class=\"richtext text-em-55 !leading-serif mx-6 desktop:mx-0\">Neben medizinischen Hintergr\u00fcnden erfahren die Teilnehmenden auch, welche Untersuchungen f\u00fcr die Diagnose und Verlaufskontrolle wichtig sind und wie sich das Leben mit einer chronischen Darmerkrankung aktiv gestalten l\u00e4sst. Im Anschluss an den Vortrag besteht die M\u00f6glichkeit, individuelle Fragen zu stellen und mit dem Chefarzt pers\u00f6nlich ins Gespr\u00e4ch zu kommen.<\/p>\n<p class=\"richtext text-em-55 !leading-serif mx-6 desktop:mx-0\">Das Gesundheitsforum \u201eCED \u2013 Aktuelle Therapien bei chronischen Darmerkrankungen\u201c beginnt am 1. Juli um 17 Uhr im Bistro \u201eAuszeit\u201c des Krankenhauses. Die Teilnahme ist kostenfrei. Eine Anmeldung ist nicht erforderlich.<\/p>\n","protected":false},"excerpt":{"rendered":"Chronisch-entz\u00fcndliche Darmerkrankungen wie Morbus Crohn und Colitis ulcerosa betreffen in Deutschland mehrere Hunderttausend Menschen. Die Erkrankungen verlaufen h\u00e4ufig&hellip;\n","protected":false},"author":2,"featured_media":1134117,"comment_status":"","ping_status":"","sticky":false,"template":"","format":"standard","meta":{"footnotes":"","_share_on_mastodon":"0"},"categories":[1838],"tags":[3807,15894,17327,207896,80659,21290,47069,238756,61075,3364,29,9092,3715,35730,30,8429,1209,4205],"class_list":["post-1134116","post","type-post","status-publish","format-standard","has-post-thumbnail","category-duisburg","tag-moers","tag-aktuelle","tag-behandlung","tag-behandlungsmoeglichkeiten","tag-ced","tag-chefarzt","tag-chronisch","tag-chronischen","tag-darmerkrankung","tag-de","tag-deutschland","tag-diagnose","tag-duisburg","tag-erkrankungen","tag-germany","tag-moeglichkeit","tag-nordrhein-westfalen","tag-therapie"],"share_on_mastodon":{"url":"https:\/\/pubeurope.com\/@de\/116842235677177645","error":""},"_links":{"self":[{"href":"https:\/\/www.europesays.com\/de\/wp-json\/wp\/v2\/posts\/1134116","targetHints":{"allow":["GET"]}}],"collection":[{"href":"https:\/\/www.europesays.com\/de\/wp-json\/wp\/v2\/posts"}],"about":[{"href":"https:\/\/www.europesays.com\/de\/wp-json\/wp\/v2\/types\/post"}],"author":[{"embeddable":true,"href":"https:\/\/www.europesays.com\/de\/wp-json\/wp\/v2\/users\/2"}],"replies":[{"embeddable":true,"href":"https:\/\/www.europesays.com\/de\/wp-json\/wp\/v2\/comments?post=1134116"}],"version-history":[{"count":0,"href":"https:\/\/www.europesays.com\/de\/wp-json\/wp\/v2\/posts\/1134116\/revisions"}],"wp:featuredmedia":[{"embeddable":true,"href":"https:\/\/www.europesays.com\/de\/wp-json\/wp\/v2\/media\/1134117"}],"wp:attachment":[{"href":"https:\/\/www.europesays.com\/de\/wp-json\/wp\/v2\/media?parent=1134116"}],"wp:term":[{"taxonomy":"category","embeddable":true,"href":"https:\/\/www.europesays.com\/de\/wp-json\/wp\/v2\/categories?post=1134116"},{"taxonomy":"post_tag","embeddable":true,"href":"https:\/\/www.europesays.com\/de\/wp-json\/wp\/v2\/tags?post=1134116"}],"curies":[{"name":"wp","href":"https:\/\/api.w.org\/{rel}","templated":true}]}}