{"id":1134172,"date":"2026-07-01T02:26:19","date_gmt":"2026-07-01T02:26:19","guid":{"rendered":"https:\/\/www.europesays.com\/de\/1134172\/"},"modified":"2026-07-01T02:26:19","modified_gmt":"2026-07-01T02:26:19","slug":"neunjaehriges-maedchen-in-berlin-vermisst-polizei-bittet-um-mithilfe","status":"publish","type":"post","link":"https:\/\/www.europesays.com\/de\/1134172\/","title":{"rendered":"Neunj\u00e4hriges M\u00e4dchen in Berlin vermisst: Polizei bittet um Mithilfe"},"content":{"rendered":"<p>Nicht in der Grundschule angekommen <\/p>\n<p>Neunj\u00e4hrige in Berlin vermisst \u2013 Polizei bittet um Mithilfe<\/p>\n<p>30.06.2026 &#8211; 12:32 UhrLesedauer: 1 Min.<\/p>\n<p><a href=\"#focus-0\" class=\"transition-colors block text-current relative\" data-sctrack=\"FocusGalleryImage.Reference\"><img fetchpriority=\"high\" data-testid=\"Opener.Image\"   loading=\"eager\" src=\"https:\/\/www.europesays.com\/de\/wp-content\/uploads\/2026\/07\/aufnahme-der-vermissten-neunjaehrigen-sie-ist-am-montag-nicht-in-ihrer-grundschule-angekommen.jpg\" alt=\"Aufnahme der vermissten Neunj\u00e4hrigen: Sie ist am Montag nicht in ihrer Grundschule angekommen.\" title=\"Aufnahme der vermissten Neunj\u00e4hrigen: Sie ist am Montag nicht in ihrer Grundschule angekommen.\" width=\"480\" height=\"270\" class=\"bg-[url:var(--lqipURL)] bg-cover bg-center flex h-full w-full max-w-full\" style=\"--lqipURL:url('https:\/\/images.t-online.de\/2026\/06\/peb9VSDGWpBT\/0x263:480x270\/fit-in\/150x0\/filters:blur(25)\/aufnahme-der-vermissten-neunjaehrigen-sie-ist-am-montag-nicht-in-ihrer-grundschule-angekommen.jpg')\" decoding=\"async\"\/><img loading=\"lazy\" src=\"https:\/\/www.t-online.de\/s\/paper\/_next\/static\/media\/zoom-in.f7dae02f.svg\" alt=\"Vergr\u00f6\u00dfern des Bildes\" title=\"Vergr\u00f6\u00dfern des Bildes\" class=\"block h-[calc(var(--height)_\/_16_*_1rem)] w-[calc(var(--width)_\/_16_*_1rem)] max-w-none absolute right-8 bottom-8 rounded-4 bg-snow p-8\" style=\"--width:32;--height:32\" decoding=\"async\"\/><\/a><\/p>\n<p>Aufnahme der vermissten Neunj\u00e4hrigen: Sie ist am Montag nicht in ihrer Grundschule angekommen. (Quelle: Polizei Berlin)<\/p>\n<p class=\"font-bold text-18 leading-17 user-text-lg:text-22 user-text-xl:text-24\">Ein M\u00e4dchen aus Berlin ist am Montag nicht in ihrer Grundschule angekommen. Nun hat sich die Polizei eingeschaltet.<\/p>\n<p class=\"text-18 leading-17 user-text-lg:text-22 user-text-xl:text-24\">Eine Neunj\u00e4hrige aus <a href=\"https:\/\/berlin.t-online.de\/region\/berlin\/\" class=\"transition-colors cursor-pointer no-underline md:hover:text-magenta md:focus:text-magenta border-b border-solid border-current text-salemsfur md:hover:border-magenta\" data-tracking=\"{&quot;action&quot;:&quot;click&quot;,&quot;category&quot;:&quot;intextLink&quot;,&quot;label&quot;:&quot;https:\/\/berlin.t-online.de\/region\/berlin\/&quot;}\" data-sctrack=\"BodyAnchor\" rel=\"nofollow noopener\" target=\"_blank\">Berlin<\/a> wird vermisst. Wie die Polizei mitteilte, soll das M\u00e4dchen am Montagmorgen mit einem Fahrdienst zur Anna-Seghers-Grundschule im Ortsteil Adlershof gebracht worden sein. Als sie am Nachmittag abgeholt werden sollte, stellte sich heraus, dass sie nicht in der Schule erschienen war.<\/p>\n<p class=\"text-18 leading-17 user-text-lg:text-22 user-text-xl:text-24\">Die Polizei ermittelt nun in alle Richtungen. Das M\u00e4dchen werde zum ersten Mal vermisst, hie\u00df es. Bei dem Fahrdienst soll es sich um ein Fahrunternehmen unter anderem f\u00fcr Sch\u00fclerinnen und Sch\u00fcler handeln.<\/p>\n<p class=\"text-18 leading-17 user-text-lg:text-22 user-text-xl:text-24\">Die Polizei bittet Zeugen um Hinweise unter der Telefonnummer 030 4664-912444. Das M\u00e4dchen hat den Angaben zufolge braune Augen, eine kr\u00e4ftige Statur und lange braune Haare. Auch soll sie m\u00f6glicherweise einen Leinenbeutel mit Tiermotiven bei sich tragen.<\/p>\n<p class=\"text-18 leading-17 user-text-lg:text-22 user-text-xl:text-24\">Die Schule ist laut Polizei vom Wohnort der Neunj\u00e4hrigen weiter entfernt. In welche Klasse das M\u00e4dchen geht, war zun\u00e4chst nicht bekannt.<\/p>\n","protected":false},"excerpt":{"rendered":"Nicht in der Grundschule angekommen Neunj\u00e4hrige in Berlin vermisst \u2013 Polizei bittet um Mithilfe 30.06.2026 &#8211; 12:32 UhrLesedauer:&hellip;\n","protected":false},"author":2,"featured_media":1134173,"comment_status":"","ping_status":"","sticky":false,"template":"","format":"standard","meta":{"footnotes":"","_share_on_mastodon":"0"},"categories":[1825],"tags":[1434,10194,1941,1939,296,1937,29,30,1940,1938,121],"class_list":["post-1134172","post","type-post","status-publish","format-standard","has-post-thumbnail","category-berlin","tag-1434","tag-adlershof","tag-aktuelle-nachrichten-aus-berlin","tag-aktuelle-news-aus-berlin","tag-berlin","tag-berlin-news","tag-deutschland","tag-germany","tag-nachrichten-aus-berlin","tag-news-aus-berlin","tag-polizei"],"share_on_mastodon":{"url":"https:\/\/pubeurope.com\/@de\/116842357699333289","error":""},"_links":{"self":[{"href":"https:\/\/www.europesays.com\/de\/wp-json\/wp\/v2\/posts\/1134172","targetHints":{"allow":["GET"]}}],"collection":[{"href":"https:\/\/www.europesays.com\/de\/wp-json\/wp\/v2\/posts"}],"about":[{"href":"https:\/\/www.europesays.com\/de\/wp-json\/wp\/v2\/types\/post"}],"author":[{"embeddable":true,"href":"https:\/\/www.europesays.com\/de\/wp-json\/wp\/v2\/users\/2"}],"replies":[{"embeddable":true,"href":"https:\/\/www.europesays.com\/de\/wp-json\/wp\/v2\/comments?post=1134172"}],"version-history":[{"count":0,"href":"https:\/\/www.europesays.com\/de\/wp-json\/wp\/v2\/posts\/1134172\/revisions"}],"wp:featuredmedia":[{"embeddable":true,"href":"https:\/\/www.europesays.com\/de\/wp-json\/wp\/v2\/media\/1134173"}],"wp:attachment":[{"href":"https:\/\/www.europesays.com\/de\/wp-json\/wp\/v2\/media?parent=1134172"}],"wp:term":[{"taxonomy":"category","embeddable":true,"href":"https:\/\/www.europesays.com\/de\/wp-json\/wp\/v2\/categories?post=1134172"},{"taxonomy":"post_tag","embeddable":true,"href":"https:\/\/www.europesays.com\/de\/wp-json\/wp\/v2\/tags?post=1134172"}],"curies":[{"name":"wp","href":"https:\/\/api.w.org\/{rel}","templated":true}]}}