{"id":113419,"date":"2025-05-15T20:42:14","date_gmt":"2025-05-15T20:42:14","guid":{"rendered":"https:\/\/www.europesays.com\/de\/113419\/"},"modified":"2025-05-15T20:42:14","modified_gmt":"2025-05-15T20:42:14","slug":"martin-mulsows-naturrecht-und-emotion-geschichte-der-gefuehle","status":"publish","type":"post","link":"https:\/\/www.europesays.com\/de\/113419\/","title":{"rendered":"Martin Mulsows \u201eNaturrecht und Emotion\u201c: Geschichte der Gef\u00fchle"},"content":{"rendered":"<p>FAZ+Mulsows Geschichte der Gef\u00fchle : <\/p>\n<p>Zuk\u00fcnftige Seelen<\/p>\n<p>15.05.2025, 15:05Lesezeit: 3 Min.<\/p>\n<p><img decoding=\"async\" alt=\"\u201eAm Hof des L\u00f6wen\u201c: Illustration zu einer Ausgabe von 1728 der \u201eFabeln\u201c von Jean de La Fontaine.\" fetchpriority=\"high\" height=\"2583\" loading=\"eager\"  src=\"https:\/\/www.europesays.com\/de\/wp-content\/uploads\/2025\/05\/am-hof-des-loewen-illustration.jpg\" width=\"2728\" class=\"flex h-auto w-full\" tabindex=\"0\" data-selector=\"header-teaser-image\"\/>Bildbeschreibung ausklappen<\/p>\n<p>\u201eAm Hof des L\u00f6wen\u201c: Illustration zu einer Ausgabe von 1728 der \u201eFabeln\u201c von Jean de La Fontaine.Picture Alliance<\/p>\n<p class=\"xs:p1-intro sm:p1-intro-medium flex items-start gap-[10px] pb-[30px]\" data-external-selector=\"header-teaser\">Er kennt die Fr\u00fchaufkl\u00e4rung wie kaum ein anderer und ist auch um Verkn\u00fcpfungen mit der Gegenwart nicht verlegen: Martin Mulsow \u00fcber Naturrecht und Gef\u00fchle im achtzehnten Jahrhundert.<\/p>\n","protected":false},"excerpt":{"rendered":"FAZ+Mulsows Geschichte der Gef\u00fchle : Zuk\u00fcnftige Seelen 15.05.2025, 15:05Lesezeit: 3 Min. Bildbeschreibung ausklappen \u201eAm Hof des L\u00f6wen\u201c: Illustration&hellip;\n","protected":false},"author":2,"featured_media":113420,"comment_status":"","ping_status":"","sticky":false,"template":"","format":"standard","meta":{"footnotes":""},"categories":[1774],"tags":[1784,1785,29,214,30,215],"class_list":{"0":"post-113419","1":"post","2":"type-post","3":"status-publish","4":"format-standard","5":"has-post-thumbnail","7":"category-buecher","8":"tag-books","9":"tag-buecher","10":"tag-deutschland","11":"tag-entertainment","12":"tag-germany","13":"tag-unterhaltung"},"share_on_mastodon":{"url":"https:\/\/pubeurope.com\/@de\/114513796326026036","error":""},"_links":{"self":[{"href":"https:\/\/www.europesays.com\/de\/wp-json\/wp\/v2\/posts\/113419","targetHints":{"allow":["GET"]}}],"collection":[{"href":"https:\/\/www.europesays.com\/de\/wp-json\/wp\/v2\/posts"}],"about":[{"href":"https:\/\/www.europesays.com\/de\/wp-json\/wp\/v2\/types\/post"}],"author":[{"embeddable":true,"href":"https:\/\/www.europesays.com\/de\/wp-json\/wp\/v2\/users\/2"}],"replies":[{"embeddable":true,"href":"https:\/\/www.europesays.com\/de\/wp-json\/wp\/v2\/comments?post=113419"}],"version-history":[{"count":0,"href":"https:\/\/www.europesays.com\/de\/wp-json\/wp\/v2\/posts\/113419\/revisions"}],"wp:featuredmedia":[{"embeddable":true,"href":"https:\/\/www.europesays.com\/de\/wp-json\/wp\/v2\/media\/113420"}],"wp:attachment":[{"href":"https:\/\/www.europesays.com\/de\/wp-json\/wp\/v2\/media?parent=113419"}],"wp:term":[{"taxonomy":"category","embeddable":true,"href":"https:\/\/www.europesays.com\/de\/wp-json\/wp\/v2\/categories?post=113419"},{"taxonomy":"post_tag","embeddable":true,"href":"https:\/\/www.europesays.com\/de\/wp-json\/wp\/v2\/tags?post=113419"}],"curies":[{"name":"wp","href":"https:\/\/api.w.org\/{rel}","templated":true}]}}