{"id":1134203,"date":"2026-07-01T02:45:16","date_gmt":"2026-07-01T02:45:16","guid":{"rendered":"https:\/\/www.europesays.com\/de\/1134203\/"},"modified":"2026-07-01T02:45:16","modified_gmt":"2026-07-01T02:45:16","slug":"enthemmte-gewalt-linksextreme-wollen-afd-von-daechern-aus-angreifen-regional","status":"publish","type":"post","link":"https:\/\/www.europesays.com\/de\/1134203\/","title":{"rendered":"\u201eEnthemmte Gewalt\u201c: Linksextreme wollen AfD von D\u00e4chern aus angreifen | Regional"},"content":{"rendered":"<p><a class=\"skip-content skip-content--link\" href=\"#in-content-skip-link-target-v-0-0\">TTS-Player \u00fcberspringen\u21b5<\/a><a id=\"in-content-skip-link-target-v-0-0\" class=\"skip-content--target-link-hidden skip-content skip-content--target-link\" href=\"#in-content-skip-link-target-v-0-0\">Artikel weiterlesen<\/a><\/p>\n<p>Erfurt \u2013\u00a0<b>Es sind be\u00e4ngstigende Drohungen der linksextremen Szene: Mit Gewalt wolle man den Bundesparteitag der AfD am Wochenende in Erfurt zum Scheitern bringen. Polizei und Staatsschutz nehmen diese Ank\u00fcndigungen sehr ernst. Sie bef\u00fcrchten Angriffe auf AfD-Politiker und Einsatzkr\u00e4fte von Hausd\u00e4chern aus. Konkret sprechen die Staatssch\u00fctzer von \u201eenthemmter Gewalt\u201c!<\/b><\/p>\n<p>Die linksextreme Szene bezeichnet den <a href=\"https:\/\/www.bild.de\/politik\/inland\/afd-parteitag-mit-diesen-politikern-will-weidel-an-die-macht-6a3cefa50720f035db42ce86\" class=\"text-link\" rel=\"nofollow noopener\" target=\"_blank\">AfD-Parteitag<\/a> vorab schon als \u201eTag X in Erfurt\u201c: Es solle die \u201egr\u00f6\u00dfte Mobilisierung in der Geschichte der antifaschistischen Bewegung\u201c geben, hei\u00dft es auf einem Internetportal. Was den Polizisten, die den gr\u00f6\u00dften Einsatz in der Geschichte Th\u00fcringens planen, zudem gro\u00dfes Kopfzerbrechen bereitet: Vermutlich reisen auch <a href=\"https:\/\/www.bild.de\/politik\/inland\/afd-parteitag-in-erfurt-2500-gewaltbereite-linksextremisten-erwartet-6a3cf630507c0ee6f17a791d\" class=\"text-link\" rel=\"nofollow noopener\" target=\"_blank\">ausl\u00e4ndische linksextreme Gewaltt\u00e4ter<\/a> nach Erfurt.<\/p>\n<p><img decoding=\"async\" width=\"992\" height=\"558\" alt=\"Der Parteitag soll in der Messe Erfurt stattfinden. Sie wird schon eingez\u00e4unt\" loading=\"lazy\" src=\"https:\/\/www.europesays.com\/de\/wp-content\/uploads\/2026\/07\/4cf91cacf74a5199cb8520419402e63c,e41e119f.jpeg\"   class=\"landscape\"\/><\/p>\n<p class=\"fig__caption__text\">Der Parteitag soll in der Messe Erfurt stattfinden. Das gel\u00e4nde wurde bereits eingez\u00e4unt<\/p>\n<p>Foto: NEWS5<\/p>\n<p>\u201eBrands\u00e4tze und Pyrotechnik\u201c<\/p>\n<p>Ein Staatssch\u00fctzer zu BILD: \u201eBei den schweren <a href=\"https:\/\/www.bild.de\/news\/ausland\/bild-reporter-beim-g7-gipfel-demo-droht-zu-eskalieren-6a2ec5326bb5c7fe2e1c649c\" class=\"text-link\" rel=\"nofollow noopener\" target=\"_blank\">Ausschreitungen beim G7-Gipfel in Genf<\/a> wollen deutsche Linksextreme auch antifaschistische Gruppen aus Italien, Frankreich und der Schweiz nach Erfurt eingeladen haben. Wir nehmen das sehr ernst, insbesondere da diese Autonomen h\u00e4ufig gewaltt\u00e4tig gegen\u00fcber Einsatzkr\u00e4ften vorgehen \u2013 auch mit Brands\u00e4tzen und Pyrotechnik. Von immer mehr Linksextremen werden schwerste Verletzungen und sogar T\u00f6tungen des politischen Gegners in Kauf genommen.\u201c<\/p>\n<p>Dazu passt, dass deutsche <a href=\"https:\/\/www.bild.de\/themen\/specials\/linksextremismus\/news-inland-fotos-videos-19695578.bild.html\" class=\"text-link\" rel=\"nofollow noopener\" target=\"_blank\">Linksextremisten<\/a> auf dem Portal \u201eIndymedia\u201c ank\u00fcndigen: Ausl\u00e4ndische Demonstranten w\u00fcrden \u201euns an diesem 4. Juli mit ihrer Erfahrung in europ\u00e4ischen K\u00e4mpfen unterst\u00fctzen\u201c. So k\u00f6nne es in Erfurt auch Attacken von Hausd\u00e4chern aus geben, \u201edie auf der Anfahrtsroute der <a href=\"https:\/\/www.bild.de\/politik\/inland\/alternative-fuer-deutschland\/afd-alle-infos-76662060.bild.html\" class=\"text-link\" rel=\"nofollow noopener\" target=\"_blank\">AfD<\/a>-Faschisten liegen. Wir werden diese D\u00e4cher militant verteidigen und auch von diesen Angriffe ausf\u00fchren.\u201c <\/p>\n<p><img decoding=\"async\" width=\"992\" height=\"558\" alt=\"Beim G20-Gipfel in Hamburg 2017 mussten die D\u00e4cher im Schanzenviertel mit einem SEK-Gro\u00dfeinsatz regelrecht von den gewaltbereiten Linksextremen zur\u00fcckerobert werden\" loading=\"lazy\" src=\"https:\/\/www.europesays.com\/de\/wp-content\/uploads\/2026\/07\/cb7b67c38f1dfa41c987747af5f63b37,5bd7cb31.jpeg\"   class=\"landscape\"\/><\/p>\n<p class=\"fig__caption__text\">Beim G20-Gipfel in Hamburg 2017 mussten SEKs die Hausd\u00e4cher im Schanzenviertel von gewaltbereiten Linksextremen zur\u00fcckerobern<\/p>\n<p>Foto: Lars Berg<\/p>\n<p>Strategie wie bei G20-Randale<\/p>\n<p>\u00c4hnliche Probleme hatte es 2017 beim G20-Gipfel in <a href=\"https:\/\/www.bild.de\/regional\/hamburg\/hamburg-regional\/home-16344102.bild.html\" class=\"text-link\" rel=\"nofollow noopener\" target=\"_blank\">Hamburg<\/a> gegeben, als linksautonome <a href=\"https:\/\/www.bild.de\/news\/2018\/news\/news-eilmeldung-g20-55836210.bild.html\" class=\"text-link\" rel=\"nofollow noopener\" target=\"_blank\">Gewaltt\u00e4ter aus ganz Europa<\/a> das Schanzenviertel verw\u00fcsteten. Dort traute sich die <a href=\"https:\/\/www.bild.de\/regional\/aktuelles\/polizei\/polizeieinsatz-alle-infos-76681760.bild.html\" class=\"text-link\" rel=\"nofollow noopener\" target=\"_blank\">Polizei<\/a> stundenlang nicht hinein, weil sie bef\u00fcrchtete, von den D\u00e4chern mit Brandbomben und Steinen beworfen zu werden. Erst ein Gro\u00dfaufgebot von schwerbewaffneten Spezialeinheiten konnte schlie\u00dflich die Schanze zur\u00fcckerobern.<\/p>\n<p>Nun drohen Linksradikale: Die Erfahrungen der letzten Events h\u00e4tten gezeigt, dass Aktionen \u201enur auf der Stra\u00dfe\u201c strategisch keinen Vorteil gegen\u00fcber \u201edem riesigen Heer an Bullen\u201c b\u00f6ten. Daher setze man nun auf Strategien, die man bei G20 bereits erprobt habe.<\/p>\n<p>Mehr zum Thema<\/p>\n<p>Der Staatssch\u00fctzer: \u201eEs f\u00e4llt uns auch auf, dass die Extremisten immer konspirativer kommunizieren. Es gibt abgeschottete Kommunikationskan\u00e4le, \u00e4hnlich wie bei Mafiastrukturen.\u201c So sollen <a href=\"https:\/\/www.bild.de\/politik\/aktuelles\/demonstrationen\/demonstrationen-alle-infos-79258888.bild.html\" class=\"text-link\" rel=\"nofollow noopener\" target=\"_blank\">Demonstranten<\/a> erst in Erfurt \u00fcber Aktionen informiert werden, \u201eum den Bullen nicht die Option zu bieten, sich auf \u00dcberraschungsaktionen unsererseits vorzubereiten\u201c. <\/p>\n<p>Insgesamt erwartet die Polizei in <a href=\"https:\/\/www.bild.de\/regional\/thueringen\/thueringen-regional\/home-56970326.bild.html\" class=\"text-link\" rel=\"nofollow noopener\" target=\"_blank\">Th\u00fcringen<\/a> w\u00e4hrend des <a href=\"https:\/\/www.bild.de\/politik\/inland\/parteitag\/parteitag-alle-infos-78155444.bild.html\" class=\"text-link\" rel=\"nofollow noopener\" target=\"_blank\">Parteitages<\/a> mehr als 50.000 Gegendemonstranten, darunter mindestens 2500 Gewaltt\u00e4ter und bis zu 10.000 \u201eBlockierer\u201c.<\/p>\n","protected":false},"excerpt":{"rendered":"TTS-Player \u00fcberspringen\u21b5Artikel weiterlesen Erfurt \u2013\u00a0Es sind be\u00e4ngstigende Drohungen der linksextremen Szene: Mit Gewalt wolle man den Bundesparteitag der&hellip;\n","protected":false},"author":2,"featured_media":1134204,"comment_status":"","ping_status":"","sticky":false,"template":"","format":"standard","meta":{"footnotes":"","_share_on_mastodon":"0"},"categories":[2],"tags":[150,181674,710,29,7137,106701,29606,30,77484,13,12623,14,15,7784,121,3442,12,15376,14177,3447,227858,10,8,9,11],"class_list":["post-1134203","post","type-post","status-publish","format-standard","has-post-thumbnail","category-deutschland","tag-alternative-fuer-deutschland","tag-deep-news","tag-demonstrationen","tag-deutschland","tag-erfurt","tag-g20-gipfel","tag-g7-gipfel","tag-germany","tag-gewalt-gegen-polizeibeamte","tag-headlines","tag-linksextremismus","tag-nachrichten","tag-news","tag-parteitag","tag-polizei","tag-randale","tag-schlagzeilen","tag-schneider-frank","tag-spezialeinsatzkommando","tag-staatsschutz","tag-team-deep","tag-top-news","tag-top-meldungen","tag-topmeldungen","tag-topnews"],"share_on_mastodon":{"url":"https:\/\/pubeurope.com\/@de\/116842432522926863","error":""},"_links":{"self":[{"href":"https:\/\/www.europesays.com\/de\/wp-json\/wp\/v2\/posts\/1134203","targetHints":{"allow":["GET"]}}],"collection":[{"href":"https:\/\/www.europesays.com\/de\/wp-json\/wp\/v2\/posts"}],"about":[{"href":"https:\/\/www.europesays.com\/de\/wp-json\/wp\/v2\/types\/post"}],"author":[{"embeddable":true,"href":"https:\/\/www.europesays.com\/de\/wp-json\/wp\/v2\/users\/2"}],"replies":[{"embeddable":true,"href":"https:\/\/www.europesays.com\/de\/wp-json\/wp\/v2\/comments?post=1134203"}],"version-history":[{"count":0,"href":"https:\/\/www.europesays.com\/de\/wp-json\/wp\/v2\/posts\/1134203\/revisions"}],"wp:featuredmedia":[{"embeddable":true,"href":"https:\/\/www.europesays.com\/de\/wp-json\/wp\/v2\/media\/1134204"}],"wp:attachment":[{"href":"https:\/\/www.europesays.com\/de\/wp-json\/wp\/v2\/media?parent=1134203"}],"wp:term":[{"taxonomy":"category","embeddable":true,"href":"https:\/\/www.europesays.com\/de\/wp-json\/wp\/v2\/categories?post=1134203"},{"taxonomy":"post_tag","embeddable":true,"href":"https:\/\/www.europesays.com\/de\/wp-json\/wp\/v2\/tags?post=1134203"}],"curies":[{"name":"wp","href":"https:\/\/api.w.org\/{rel}","templated":true}]}}