{"id":113423,"date":"2025-05-15T20:44:09","date_gmt":"2025-05-15T20:44:09","guid":{"rendered":"https:\/\/www.europesays.com\/de\/113423\/"},"modified":"2025-05-15T20:44:09","modified_gmt":"2025-05-15T20:44:09","slug":"so-gehen-berliner-radiosender-mit-dem-rapper-um","status":"publish","type":"post","link":"https:\/\/www.europesays.com\/de\/113423\/","title":{"rendered":"So gehen Berliner Radiosender mit dem Rapper um"},"content":{"rendered":"<p class=\"article_paragraph__hXYKJ\">Und schon wieder <a href=\"https:\/\/www.berliner-zeitung.de\/panorama\/hakenkreuze-und-hitler-sympathie-die-schlimmsten-aussetzer-von-kanye-west-li.2294533\" rel=\"nofollow noopener\" target=\"_blank\">sorgt Kanye West f\u00fcr Schlagzeilen<\/a>. Erst vor ein paar Wochen provozierte der Rapper durch den Verkauf eines T-Shirts mit Hakenkreuzaufdruck, wenig sp\u00e4ter erschien er in einer schwarzen Ku-Klux-Klan-Robe <a href=\"https:\/\/www.berliner-zeitung.de\/panorama\/kanye-west-erscheint-zu-interview-in-ku-klux-klan-robe-dreht-er-jetzt-komplett-durch-li.2312050\" rel=\"nofollow noopener\" target=\"_blank\">zu einem Interview<\/a>.\u00a0<\/p>\n<p>Doch damit nicht genug: In seinem neuen Song \u201eWW3\u201c rappt der 47-j\u00e4hrige Musiker \u00fcber Hitler und verehrt diesen regelrecht. Bizarrerweise erreicht er damit Platz eins bei Spotify. Grund genug, das Lied auch in Berliner Radiosendern zu spielen?<\/p>\n<p>Das meistgeh\u00f6rte Lied auf Spotify<\/p>\n<p class=\"article_paragraph__hXYKJ\">\u201eSie sagen, ich sei ein R\u00fcpel und vollkommen antisemitisch. Sie sagen, ich benehme mich wie Hitler. Aber wie kann ich mich wie Hitler benehmen, wenn ich ein verdammter N**** bin?\u201c, so der Skandalrapper in seinem neuesten Lied, dessen Titel eine Abk\u00fcrzung f\u00fcr \u201eDritter Weltkrieg\u201c ist und <a href=\"https:\/\/www.berliner-zeitung.de\/news\/spotify-will-hoerbuecher-in-deutschland-anbieten-verlagshaeuser-besorgt-li.2316621\" rel=\"nofollow noopener\" target=\"_blank\">auf Spotify<\/a> aktuell das meistgeh\u00f6rte Lied ist. Darauf deutet seine Erstplatzierung in den \u201eViral 50\u201c des Streaminganbieters hin \u2013 sowohl in Deutschland, Israel und den USA als auch auf den globalen \u201eViral 50\u201c-Charts.<\/p>\n<p class=\"article_paragraph__hXYKJ\">Weiter rappt er: \u201eSie verstehen mich einfach nicht. Ich bin der N****, der auf Grammys uriniert, der Hakenkreuze wiegt, denn alle meine N**** sind Nazis. Ich lese vor dem Schlafen zwei Kapitel von \u201aMein Kampf\u2018.\u201c Es ist das erste Lied seines noch unver\u00f6ffentlichten Albums, das West nun herausgebracht hat. Andere Titel sind \u201eGas Chambers\u201c, \u201eHeil Hitler\u201c oder \u201eHitler Ye\u201c.<\/p>\n<\/p>\n<p class=\"article_paragraph__hXYKJ\">Ob auch diese Songs in den kommenden Wochen auf Spotify verf\u00fcgbar sein werden, bleibt abzuwarten. Doch bereits die erste Singleauskopplung sorgt weltweit f\u00fcr Furore. Wieso sich die Plattform dazu entschieden hat, das St\u00fcck zu ver\u00f6ffentlichen, erkl\u00e4rt eine bestimmte Richtlinie. Darin hei\u00dft es: \u201eSpotify enth\u00e4lt auch unangemessene Inhalte, da wir sie so anbieten, wie es von den K\u00fcnstler:innen gewollt ist.\u201c<\/p>\n<p class=\"article_paragraph__hXYKJ\">Somit stellt sich wieder einmal die Frage, wo die Grenzen der k\u00fcnstlerischen Freiheit liegen. Aber wurde hier m\u00f6glicherweise eine Grenze \u00fcberschritten? Eine Nachfrage der Berliner Zeitung <a href=\"https:\/\/www.berliner-zeitung.de\/kultur-vergnuegen\/musik\/berliner-saengerin-stella-sommer-schimpft-auf-spotify-ohne-musik-waere-alles-noch-viel-schlimmer-li.2304876\" rel=\"nofollow noopener\" target=\"_blank\">beim Streaminganbieter<\/a>, wie es sich im Konkreten bei West und seinen fragw\u00fcrdigen Inhalten verh\u00e4lt, blieb bislang unbeantwortet. Immerhin ist das Lied mit einem \u201eE\u201c versehen, das darauf hinweist, dass es sich um explizite Inhalte handelt.<\/p>\n<p>Kiss FM: \u201eSpielen seit Jahren keine Songs mehr von Kanye West\u201c<\/p>\n<p class=\"article_paragraph__hXYKJ\">Wenn Lieder millionenfach gestreamt werden, ist der Weg ins Radio meist nicht mehr weit. Wird das neue Release des Musikers also bald auch von Berliner Sendern gespielt? Davon scheint man weit entfernt. Der RBB teilt auf Anfrage mit: \u201eDer Song \u201aWW3\u2018 wird bei Radio eins auf keinen Fall gespielt, tats\u00e4chlich ist Kanye West derzeit gar nicht im Radio-eins-Programm zu h\u00f6ren.\u201c<\/p>\n<p class=\"article_paragraph__hXYKJ\">Auch bei Kiss FM, wo es durchaus den einen oder anderen West-Fan in der jungen H\u00f6rerschaft geben wird, hat man sich schon l\u00e4ngst von <a href=\"https:\/\/www.berliner-zeitung.de\/panorama\/wegen-hakenkreuz-shirts-promis-zeigen-kanye-west-in-ki-video-den-mittelfinger-li.2294715\" rel=\"nofollow noopener\" target=\"_blank\">dem umstrittenen K\u00fcnstler<\/a> verabschiedet: \u201eWir spielen seit Jahren schon keine Songs mehr von Kanye West \u2013 weder alte noch neue, und auch dieser Song wird nicht bei uns im Programm laufen\u201c, so der Sender.<\/p>\n<p class=\"article_paragraph__hXYKJ\">Wo man auch hinh\u00f6rt, m\u00f6chte man sich von dem Rapper distanzieren. Kein Wunder, schlie\u00dflich gibt er auch abseits des Mikrofons krude Statements von sich. Erst vor wenigen Wochen <a href=\"https:\/\/www.berliner-zeitung.de\/panorama\/kanye-west-provoziert-mit-x-post-ich-liebe-hitler-li.2293987\" rel=\"nofollow noopener\" target=\"_blank\">lobte er Hitler<\/a>, schrieb auf der Plattform X: \u201eIch bin ein Nazi\u201c. Auch behauptete er: \u201eJuden hassen wei\u00dfe Menschen und nutzen Schwarze aus.\u201c Darauf k\u00fcndigte er an, \u201eKrieg gegen Juden\u201c f\u00fchren zu wollen.<\/p>\n","protected":false},"excerpt":{"rendered":"Und schon wieder sorgt Kanye West f\u00fcr Schlagzeilen. Erst vor ein paar Wochen provozierte der Rapper durch den&hellip;\n","protected":false},"author":2,"featured_media":113424,"comment_status":"","ping_status":"","sticky":false,"template":"","format":"standard","meta":{"footnotes":""},"categories":[1772],"tags":[29,214,30,1779,810,215],"class_list":{"0":"post-113423","1":"post","2":"type-post","3":"status-publish","4":"format-standard","5":"has-post-thumbnail","7":"category-musik","8":"tag-deutschland","9":"tag-entertainment","10":"tag-germany","11":"tag-music","12":"tag-musik","13":"tag-unterhaltung"},"share_on_mastodon":{"url":"","error":""},"_links":{"self":[{"href":"https:\/\/www.europesays.com\/de\/wp-json\/wp\/v2\/posts\/113423","targetHints":{"allow":["GET"]}}],"collection":[{"href":"https:\/\/www.europesays.com\/de\/wp-json\/wp\/v2\/posts"}],"about":[{"href":"https:\/\/www.europesays.com\/de\/wp-json\/wp\/v2\/types\/post"}],"author":[{"embeddable":true,"href":"https:\/\/www.europesays.com\/de\/wp-json\/wp\/v2\/users\/2"}],"replies":[{"embeddable":true,"href":"https:\/\/www.europesays.com\/de\/wp-json\/wp\/v2\/comments?post=113423"}],"version-history":[{"count":0,"href":"https:\/\/www.europesays.com\/de\/wp-json\/wp\/v2\/posts\/113423\/revisions"}],"wp:featuredmedia":[{"embeddable":true,"href":"https:\/\/www.europesays.com\/de\/wp-json\/wp\/v2\/media\/113424"}],"wp:attachment":[{"href":"https:\/\/www.europesays.com\/de\/wp-json\/wp\/v2\/media?parent=113423"}],"wp:term":[{"taxonomy":"category","embeddable":true,"href":"https:\/\/www.europesays.com\/de\/wp-json\/wp\/v2\/categories?post=113423"},{"taxonomy":"post_tag","embeddable":true,"href":"https:\/\/www.europesays.com\/de\/wp-json\/wp\/v2\/tags?post=113423"}],"curies":[{"name":"wp","href":"https:\/\/api.w.org\/{rel}","templated":true}]}}