{"id":1134234,"date":"2026-07-01T03:02:20","date_gmt":"2026-07-01T03:02:20","guid":{"rendered":"https:\/\/www.europesays.com\/de\/1134234\/"},"modified":"2026-07-01T03:02:20","modified_gmt":"2026-07-01T03:02:20","slug":"voellig-undurchdacht-geplante-vollsperrung-veraergert-viele-bielefelder","status":"publish","type":"post","link":"https:\/\/www.europesays.com\/de\/1134234\/","title":{"rendered":"\u201eV\u00f6llig undurchdacht\u201c: Geplante Vollsperrung ver\u00e4rgert viele Bielefelder"},"content":{"rendered":"<p>                \u201eV\u00f6llig undurchdacht\u201c: Geplante Vollsperrung ver\u00e4rgert viele Bielefelder<\/p>\n<p class=\"nw-text-lg nw-text-black md:nw-w-5\/6 nw-pb-7\">\n                Kinder kommen nicht zur Schule, wenn ab 7. Juli die Dornberger Stra\u00dfe f\u00fcr vier Monate voll gesperrt werden soll. Nicht nur das \u00e4rgert Eltern, Anwohner und auch andere B\u00fcrger sehr. Petition gestartet.\n            <\/p>\n<p class=\"nw-text-base nw-font-bold nw-text-gray-600 dark:nw-text-white nw-mb-0 nw-leading-snug\">\n                    Mehr Nachrichten aus OWL in Ihren Suchergebnissen\n                <\/p>\n<p class=\"nw-text-base nw-text-gray-400 dark:nw-text-white\/60 nw-mb-0 nw-mt-1.5 nw-leading-snug\">\n                    Legen Sie NW.de als bevorzugte Quelle fest.\n                <\/p>\n<p>            <a href=\"https:\/\/google.com\/preferences\/source?q=nw.de\" target=\"_blank\" rel=\"noopener noreferrer nofollow\" aria-label=\"NW.de bei Google als bevorzugte Nachrichtenquelle festlegen \u2013 \u00f6ffnet Google-Einstellungen in einem neuen Tab\" data-track=\"matomo\" data-track-category=\"preferred_source\" data-track-action=\"click\" data-track-name=\"preferred_source_google_click\" class=\"nw-flex nw-items-center nw-justify-center nw-w-full sm:nw-w-auto sm:nw-self-center sm:nw-shrink-0&#010;            nw-rounded-full nw-border nw-border-transparent&#010;            nw-bg-red-0&#010;            nw-shadow-sm&#010;            nw-px-5 nw-h-12 sm:nw-h-11 nw-text-base nw-font-semibold&#010;            nw-text-white&#010;            hover:nw-bg-red-100 hover:nw-shadow&#010;            focus-visible:nw-outline-2 focus-visible:nw-outline-offset-2 focus-visible:nw-outline-hk-blue-200 dark:focus-visible:nw-outline-white&#010;            nw-transition-all motion-reduce:nw-transition-none\"><br \/>\n                Bei Google hinzuf\u00fcgen<br \/>\n            <\/a><\/p>\n","protected":false},"excerpt":{"rendered":"\u201eV\u00f6llig undurchdacht\u201c: Geplante Vollsperrung ver\u00e4rgert viele Bielefelder Kinder kommen nicht zur Schule, wenn ab 7. Juli die Dornberger&hellip;\n","protected":false},"author":2,"featured_media":1134235,"comment_status":"","ping_status":"","sticky":false,"template":"","format":"standard","meta":{"footnotes":"","_share_on_mastodon":"0"},"categories":[1841],"tags":[1605,238778,102404,3364,29,33043,30,180524,67969,4280,1608,198343,736,164252,26093,16405,238775,1209,176,238777,146749,16382,238779,7387,238776,3043,6715],"class_list":["post-1134234","post","type-post","status-publish","format-standard","has-post-thumbnail","category-bielefeld","tag-bielefeld","tag-christiane-zier","tag-cnt_top-artikel","tag-de","tag-deutschland","tag-dornberg","tag-germany","tag-hoberge","tag-hoberge-uerentrup","tag-label_l-120","tag-label_top-news","tag-meta_artikelklasse_aboanker","tag-meta_copyrights_nw","tag-meta_eo_zusammenfassung","tag-meta_themen_verkehr_mobilitaet","tag-meta_userneeds_ordneein","tag-moenkebergstrasse","tag-nordrhein-westfalen","tag-nrw","tag-sabine-simon","tag-sebastian-bauer","tag-steinhagen","tag-stephan-moench","tag-strassenbau","tag-tus-hoberge","tag-vollsperrung","tag-werther"],"share_on_mastodon":{"url":"","error":"Validation failed: Text character limit of 500 exceeded"},"_links":{"self":[{"href":"https:\/\/www.europesays.com\/de\/wp-json\/wp\/v2\/posts\/1134234","targetHints":{"allow":["GET"]}}],"collection":[{"href":"https:\/\/www.europesays.com\/de\/wp-json\/wp\/v2\/posts"}],"about":[{"href":"https:\/\/www.europesays.com\/de\/wp-json\/wp\/v2\/types\/post"}],"author":[{"embeddable":true,"href":"https:\/\/www.europesays.com\/de\/wp-json\/wp\/v2\/users\/2"}],"replies":[{"embeddable":true,"href":"https:\/\/www.europesays.com\/de\/wp-json\/wp\/v2\/comments?post=1134234"}],"version-history":[{"count":0,"href":"https:\/\/www.europesays.com\/de\/wp-json\/wp\/v2\/posts\/1134234\/revisions"}],"wp:featuredmedia":[{"embeddable":true,"href":"https:\/\/www.europesays.com\/de\/wp-json\/wp\/v2\/media\/1134235"}],"wp:attachment":[{"href":"https:\/\/www.europesays.com\/de\/wp-json\/wp\/v2\/media?parent=1134234"}],"wp:term":[{"taxonomy":"category","embeddable":true,"href":"https:\/\/www.europesays.com\/de\/wp-json\/wp\/v2\/categories?post=1134234"},{"taxonomy":"post_tag","embeddable":true,"href":"https:\/\/www.europesays.com\/de\/wp-json\/wp\/v2\/tags?post=1134234"}],"curies":[{"name":"wp","href":"https:\/\/api.w.org\/{rel}","templated":true}]}}