{"id":1134248,"date":"2026-07-01T03:12:21","date_gmt":"2026-07-01T03:12:21","guid":{"rendered":"https:\/\/www.europesays.com\/de\/1134248\/"},"modified":"2026-07-01T03:12:21","modified_gmt":"2026-07-01T03:12:21","slug":"wang-yi-die-dynamik-der-verhandlungen-zwischen-usa-und-iran-soll-aufrechterhalten-werden_china-org-cn","status":"publish","type":"post","link":"https:\/\/www.europesays.com\/de\/1134248\/","title":{"rendered":"Wang Yi: Die Dynamik der Verhandlungen zwischen USA und Iran soll aufrechterhalten werden_China.org.cn"},"content":{"rendered":"<p style=\"text-align: left; margin-bottom: 15px;\">In Bezug auf die Lage zwischen den USA und dem Iran besteht die Priorit\u00e4t darin, die Absichtserkl\u00e4rung zu sichern und umzusetzen, die Dynamik der Verhandlungen aufrechtzuerhalten und auf ein baldiges umfassendes Abkommen hinzuarbeiten, das sowohl von den Vereinigten Staaten als auch vom Iran vereinbart, von den L\u00e4ndern der Region akzeptiert und von der internationalen Gemeinschaft begr\u00fc\u00dft wird. Dies erkl\u00e4rte der chinesische Au\u00dfenminister Wang Yi am Dienstag beim Treffen mit dem saudischen Au\u00dfenminister Prinz Faisal bin Farhan Al Saud in Beijing.<\/p>\n<p style=\"text-align: center; margin-bottom: 15px;\"><img decoding=\"async\" src=\"https:\/\/www.europesays.com\/de\/wp-content\/uploads\/2026\/07\/118577275_7ca90b99-e8de-43ac-ad17-f0c6ef1653bf.png\" \/><\/p>\n<p style=\"text-align: left; margin-bottom: 15px;\">Wang f\u00fcgte hinzu, dass der derzeitige Waffenstillstand zwar weiterhin fragil sei, Gespr\u00e4che jedoch besser seien als K\u00e4mpfe und der Dialog besser als Konfrontation.<\/p>\n<p style=\"text-align: left; margin-bottom: 15px;\">Er brachte zudem die Bereitschaft Chinas zum Ausdruck, gemeinsam mit Saudi-Arabien zur Entspannung der Lage sowie zu dauerhaftem Frieden und Stabilit\u00e4t in der Region beizutragen. China sei auch bereit, Saudi-Arabien dabei zu unterst\u00fctzen, eine gr\u00f6\u00dfere Rolle in internationalen und regionalen Angelegenheiten zu \u00fcbernehmen.<\/p>\n<p style=\"text-align: left; margin-bottom: 15px;\">In Bezug auf die bilateralen Beziehungen sagte Wang, Saudi-Arabien sei ein wichtiges Mitglied der arabischen und islamischen Staaten und eine unverzichtbare Kraft im Prozess der Multipolarisierung der Welt.<\/p>\n<p style=\"text-align: left; margin-bottom: 15px;\">Wang erkl\u00e4rte, China habe Saudi-Arabien stets als strategischen Partner betrachtet. Die umfassende strategische Partnerschaft zwischen beiden L\u00e4ndern, die vor einem Jahrzehnt gegr\u00fcndet wurde, sei ein Vorbild f\u00fcr Win-Win-Kooperationen unter den L\u00e4ndern des Globalen S\u00fcdens geworden.<\/p>\n<p style=\"text-align: left; margin-bottom: 15px;\">Am gleichen Tag kam der stellvertretende chinesische Staatspr\u00e4sident Han Zheng ebenfalls mit dem saudischen Au\u00dfenminister Prinz Faisal bin Farhan Al Saud zu Gespr\u00e4chen zusammen.<\/p>\n","protected":false},"excerpt":{"rendered":"In Bezug auf die Lage zwischen den USA und dem Iran besteht die Priorit\u00e4t darin, die Absichtserkl\u00e4rung zu&hellip;\n","protected":false},"author":2,"featured_media":1134249,"comment_status":"","ping_status":"","sticky":false,"template":"","format":"standard","meta":{"footnotes":"","_share_on_mastodon":"0"},"categories":[3977],"tags":[331,332,13,345,14,15,12,4017,4018,4016,64,4019,4020,2066],"class_list":["post-1134248","post","type-post","status-publish","format-standard","has-post-thumbnail","category-usa","tag-aktuelle-nachrichten","tag-aktuelle-news","tag-headlines","tag-iran","tag-nachrichten","tag-news","tag-schlagzeilen","tag-united-states","tag-united-states-of-america","tag-us","tag-usa","tag-vereinigte-staaten","tag-vereinigte-staaten-von-amerika","tag-verhandlung"],"share_on_mastodon":{"url":"https:\/\/pubeurope.com\/@de\/116842540087432459","error":""},"_links":{"self":[{"href":"https:\/\/www.europesays.com\/de\/wp-json\/wp\/v2\/posts\/1134248","targetHints":{"allow":["GET"]}}],"collection":[{"href":"https:\/\/www.europesays.com\/de\/wp-json\/wp\/v2\/posts"}],"about":[{"href":"https:\/\/www.europesays.com\/de\/wp-json\/wp\/v2\/types\/post"}],"author":[{"embeddable":true,"href":"https:\/\/www.europesays.com\/de\/wp-json\/wp\/v2\/users\/2"}],"replies":[{"embeddable":true,"href":"https:\/\/www.europesays.com\/de\/wp-json\/wp\/v2\/comments?post=1134248"}],"version-history":[{"count":0,"href":"https:\/\/www.europesays.com\/de\/wp-json\/wp\/v2\/posts\/1134248\/revisions"}],"wp:featuredmedia":[{"embeddable":true,"href":"https:\/\/www.europesays.com\/de\/wp-json\/wp\/v2\/media\/1134249"}],"wp:attachment":[{"href":"https:\/\/www.europesays.com\/de\/wp-json\/wp\/v2\/media?parent=1134248"}],"wp:term":[{"taxonomy":"category","embeddable":true,"href":"https:\/\/www.europesays.com\/de\/wp-json\/wp\/v2\/categories?post=1134248"},{"taxonomy":"post_tag","embeddable":true,"href":"https:\/\/www.europesays.com\/de\/wp-json\/wp\/v2\/tags?post=1134248"}],"curies":[{"name":"wp","href":"https:\/\/api.w.org\/{rel}","templated":true}]}}