{"id":113429,"date":"2025-05-15T20:47:09","date_gmt":"2025-05-15T20:47:09","guid":{"rendered":"https:\/\/www.europesays.com\/de\/113429\/"},"modified":"2025-05-15T20:47:09","modified_gmt":"2025-05-15T20:47:09","slug":"vor-barcelona-derby-auto-faehrt-in-menschenmenge-13-verletzte-news","status":"publish","type":"post","link":"https:\/\/www.europesays.com\/de\/113429\/","title":{"rendered":"Vor Barcelona-Derby: Auto f\u00e4hrt in Menschenmenge \u2013 13 Verletzte | News"},"content":{"rendered":"<p>Barcelona \u2013 <b>Das Derby zwischen Espanyol Barcelona und dem FC Barcelona begann mit einem Schock: In der N\u00e4he des Stadions fuhr ein Auto in eine Menschenmenge, 13 Personen wurden verletzt.<\/b><\/p>\n<p><a href=\"https:\/\/sport.bild.de\/fussball\/la-liga\/ma10304429\/espanyol-barcelona_fc-barcelona\/liveticker\/\" target=\"_blank\" rel=\"noopener\" class=\"text-link--external text-link\">Das Spiel<\/a> wurde kurzzeitig unterbrochen, nach Beratung zwischen dem Schiedsrichter und den Sicherheitskr\u00e4ften aber wieder fortgesetzt.<\/p>\n<p>Die katalanische <a href=\"https:\/\/www.bild.de\/regional\/aktuelles\/polizei\/polizeieinsatz-alle-infos-76681760.bild.html\" class=\"text-link\" target=\"_blank\" rel=\"noopener\">Polizei<\/a> erkl\u00e4rte, dass es sich um einen Unfall handelte und dass keine Absicht bestand. Nach ersten Informationen habe die Fahrerin die Kontrolle \u00fcber das Fahrzeug verloren.<\/p>\n<p> An dieser Stelle findest du Inhalte aus Twitter <\/p>\n<p> Um mit Inhalten aus Twitter und anderen sozialen Netzwerken zu interagieren oder diese darzustellen, brauchen wir deine Zustimmung. <\/p>\n<p> soziale Netzwerke aktivieren  Um eingebettete Inhalte anzuzeigen, ist Ihre jederzeit widerrufliche Einwilligung (\u00fcber den Schalter oder \u00fcber &#8220; <a class=\"embed-placeholder__text-link\" href=\"#\" rel=\"noopener noreferrer\" title=\"Tracking widerrufen\"> Widerruf Tracking und Cookies<\/a> &#8220; am Seitenende) zur Verarbeitung personenbezogener Daten n\u00f6tig.  Dabei k\u00f6nnen Daten in Drittl\u00e4nder wie die USA \u00fcbermittelt werden (Art. 49 Abs. 1 lit. a DSGVO). Mit dem Aktivieren des Inhalts stimmen Sie zu. Weitere Infos finden Sie <a class=\"embed-placeholder__text-link\" href=\"#\" rel=\"noopener noreferrer\" title=\"Zu den Privatsph\u00e4re Einstellungen\"> hier<\/a>. <\/p>\n<p><b>Demnach fuhr sie zun\u00e4chst versehentlich ein M\u00e4dchen leicht an. Daraufhin buhten mehrere Leute sie aus und warfen Gegenst\u00e4nde auf das Auto. Dann gab die Frau am Steuer des Fahrzeugs aus Nervosit\u00e4t versehentlich Gas \u2013 und es kam zu dem schrecklichen <\/b><a href=\"https:\/\/www.bild.de\/news\/aktuelles\/verkehrsunfall\/verkehrsunfaelle-alle-infos-76680804.bild.html\" class=\"text-link\" target=\"_blank\" rel=\"noopener\"><b>Verkehrsunfall<\/b><\/a><b>. Die Fahrerin wurde festgenommen.<\/b><\/p>\n<p>Der Stadionsprecher verk\u00fcndete in der 7. Spielminute: \u201eAchtung: Wir informieren Sie, dass der Vorfall au\u00dferhalb des Stadions unter Kontrolle ist und es keine ernsthaften <a href=\"https:\/\/www.bild.de\/themen\/ereignisse\/unfallverletzungen\/news-fotos-videos-17009878.bild.html\" class=\"text-link\" target=\"_blank\" rel=\"noopener\">Verletzungen<\/a> gab.\u201c<\/p>\n<p>Lesen Sie auch<\/p>\n<p><b>Die Polizei f\u00fcgte in einer Meldung auf X hinzu, dass der Vorfall keine Gefahr f\u00fcr die Menschen im Stadion darstelle.<\/b><\/p>\n<p>Der FC Barcelona kann sich mit einem Sieg den spanischen Meistertitel sichern. <a href=\"https:\/\/sport.bild.de\/fussball\/la-liga\/ma10304429\/espanyol-barcelona_fc-barcelona\/liveticker\/?dtp=1fw6\" target=\"_blank\" rel=\"noopener\" class=\"text-link--external text-link\">BILD tickert live.<\/a><\/p>\n","protected":false},"excerpt":{"rendered":"Barcelona \u2013 Das Derby zwischen Espanyol Barcelona und dem FC Barcelona begann mit einem Schock: In der N\u00e4he&hellip;\n","protected":false},"author":2,"featured_media":113430,"comment_status":"","ping_status":"","sticky":false,"template":"","format":"standard","meta":{"footnotes":""},"categories":[136],"tags":[4915,1737,1738,29,44083,1736,8834,30,265,45,2624,8246,3260,2627],"class_list":{"0":"post-113429","1":"post","2":"type-post","3":"status-publish","4":"format-standard","5":"has-post-thumbnail","7":"category-sport","8":"tag-barcelona","9":"tag-breaking-news","10":"tag-desk-delta","11":"tag-deutschland","12":"tag-espanyol-barcelona","13":"tag-fb-instantarticles","14":"tag-fc-barcelona","15":"tag-germany","16":"tag-sport","17":"tag-texttospeech","18":"tag-unfaelle","19":"tag-unfallverletzungen","20":"tag-verkehrsunfall","21":"tag-verletzungen"},"share_on_mastodon":{"url":"https:\/\/pubeurope.com\/@de\/114513814704385291","error":""},"_links":{"self":[{"href":"https:\/\/www.europesays.com\/de\/wp-json\/wp\/v2\/posts\/113429","targetHints":{"allow":["GET"]}}],"collection":[{"href":"https:\/\/www.europesays.com\/de\/wp-json\/wp\/v2\/posts"}],"about":[{"href":"https:\/\/www.europesays.com\/de\/wp-json\/wp\/v2\/types\/post"}],"author":[{"embeddable":true,"href":"https:\/\/www.europesays.com\/de\/wp-json\/wp\/v2\/users\/2"}],"replies":[{"embeddable":true,"href":"https:\/\/www.europesays.com\/de\/wp-json\/wp\/v2\/comments?post=113429"}],"version-history":[{"count":0,"href":"https:\/\/www.europesays.com\/de\/wp-json\/wp\/v2\/posts\/113429\/revisions"}],"wp:featuredmedia":[{"embeddable":true,"href":"https:\/\/www.europesays.com\/de\/wp-json\/wp\/v2\/media\/113430"}],"wp:attachment":[{"href":"https:\/\/www.europesays.com\/de\/wp-json\/wp\/v2\/media?parent=113429"}],"wp:term":[{"taxonomy":"category","embeddable":true,"href":"https:\/\/www.europesays.com\/de\/wp-json\/wp\/v2\/categories?post=113429"},{"taxonomy":"post_tag","embeddable":true,"href":"https:\/\/www.europesays.com\/de\/wp-json\/wp\/v2\/tags?post=113429"}],"curies":[{"name":"wp","href":"https:\/\/api.w.org\/{rel}","templated":true}]}}