{"id":1134293,"date":"2026-07-01T03:44:18","date_gmt":"2026-07-01T03:44:18","guid":{"rendered":"https:\/\/www.europesays.com\/de\/1134293\/"},"modified":"2026-07-01T03:44:18","modified_gmt":"2026-07-01T03:44:18","slug":"bundesliga-ex-trainer-wieder-da-ole-werner-mit-heimlich-abschied-von-rb-leipzig-sport","status":"publish","type":"post","link":"https:\/\/www.europesays.com\/de\/1134293\/","title":{"rendered":"Bundesliga: Ex-Trainer wieder da! Ole Werner mit Heimlich-Abschied von RB Leipzig | Sport"},"content":{"rendered":"<p><a class=\"skip-content skip-content--link\" href=\"#in-content-skip-link-target-v-0-0\">TTS-Player \u00fcberspringen\u21b5<\/a><a id=\"in-content-skip-link-target-v-0-0\" class=\"skip-content--target-link-hidden skip-content skip-content--target-link\" href=\"#in-content-skip-link-target-v-0-0\">Artikel weiterlesen<\/a><\/p>\n<p data-21134c99=\"0-2017\"><b>Als Ole Werner (38) den BILD-Fotografen entdeckte, gr\u00fc\u00dfte er freundlich. Auf diesen Moment h\u00e4tte der Ex-Trainer von RB Leipzig aber wohl trotzdem gern verzichtet&#8230;<\/b><\/p>\n<p data-21134c99=\"0-2017\">Fast genau zwei Wochen nach seiner Entlassung kehrte Werner am Dienstag \u00fcberraschend erstmals wieder nach Leipzig zur\u00fcck. W\u00e4hrend seines Urlaubs in Malaysia hatte ihn Sportgesch\u00e4ftsf\u00fchrer Marcel Sch\u00e4fer telefonisch \u00fcber das Aus informiert.<\/p>\n<p>Werner f\u00e4hrt im BMW vor<\/p>\n<p data-21134c99=\"0-2017\">Um 13.40 Uhr fuhr Werner mit dem schwarzen BMW X5 seines Noch-Arbeitgebers durch die Einfahrt des Leistungszentrums am Cottaweg. Weil bei RB Sommerpause ist, bekamen nur wenige seinen stillen Abschied mit. Auch sein Nachfolger Martin Demichelis (45) hatte das RB-Gel\u00e4nde knapp eine Stunde vorher verlassen.<\/p>\n<p><img decoding=\"async\" width=\"992\" height=\"558\" alt=\"Trotz eines Punkteschnitts von 1,95 wurde Werner nach nur einer Saison in Leipzig gefeuert\" loading=\"lazy\" src=\"https:\/\/www.europesays.com\/de\/wp-content\/uploads\/2026\/07\/26f34f785736ab4a79db618ab8dedd2d,4d8d60e7.jpeg\"   class=\"landscape\"\/><\/p>\n<p class=\"fig__caption__text\">Trotz eines Punkteschnitts von 1,95 wurde Werner nach nur einer Saison in Leipzig gefeuert<\/p>\n<p>Foto: Florian Wiegand\/dpa<\/p>\n<p data-21134c99=\"0-2017\">Nach BILD-Informationen blieb der Besuch nur kurz. Werner soll pers\u00f6nliche Sachen abgeholt, seine Wohnung \u00fcbergeben und sich von einigen Mitarbeitern verabschiedet haben.<\/p>\n<p data-21134c99=\"0-2017\">Dabei verlief die Trennung alles andere als gl\u00fccklich. Marcel Sch\u00e4fer hatte den Ablauf des Rauswurfs zuletzt im BILD-Interview selbstkritisch als \u201eabsolut unw\u00fcrdig\u201c gegen\u00fcber dem Trainer und Menschen Ole Werner bezeichnet.<\/p>\n<p>Mehr zum Thema<\/p>\n<p data-21134c99=\"0-2017\">Trotzdem tr\u00e4gt Werner den Verantwortlichen den Abschied offenbar nicht nach. Bereits in der Woche seiner Entlassung meldete sich der geb\u00fcrtige Kieler <a href=\"https:\/\/www.bild.de\/sport\/fussball\/nach-rauswurf-so-denkt-ole-werner-ueber-das-ende-bei-rb-leipzig-6a3421997e682fc37fbffb29\" class=\"text-link\" rel=\"nofollow noopener\" target=\"_blank\">mit einem Statement<\/a> auf seinem eigens daf\u00fcr angelegten Profil im Job-Netzwerk \u201eLinkedIn\u201c zu Wort. Dort schrieb er: \u201eIch m\u00f6chte mich zumindest auf diesem Wege f\u00fcr ein Jahr bedanken, auf das ich sehr positiv zur\u00fcckblicke.\u201c<\/p>\n<p>Werner dr\u00fcckt Leipzig die Daumen<\/p>\n<p data-21134c99=\"0-2017\">Dazu kommt: Offiziell ist der Ex-Trainer nur freigestellt. Sein Vertrag l\u00e4uft weiterhin bis 2027. Deshalb profitiert Werner nach BILD-Informationen auch von den Erfolgen von Demichelis und seinem Team.<\/p>\n<p data-21134c99=\"0-2017\">Weil <a href=\"https:\/\/www.bild.de\/sport\/fussball\/rb-leipzig\/startseite-leipzig-31148870.bild.html\" class=\"text-link\" rel=\"nofollow noopener\" target=\"_blank\">RB Leipzig<\/a> in der kommenden Saison wieder Champions League spielt, steigt Werners Grundgehalt automatisch ab Juli von gesch\u00e4tzten 2,5 Mio. Euro pro Jahr auf gesch\u00e4tzte 3,7 Mio. Euro. Durch Pr\u00e4mien kann die Summe erfolgsbedingt sogar noch deutlich steigen.<\/p>\n","protected":false},"excerpt":{"rendered":"TTS-Player \u00fcberspringen\u21b5Artikel weiterlesen Als Ole Werner (38) den BILD-Fotografen entdeckte, gr\u00fc\u00dfte er freundlich. Auf diesen Moment h\u00e4tte der&hellip;\n","protected":false},"author":2,"featured_media":1134294,"comment_status":"","ping_status":"","sticky":false,"template":"","format":"standard","meta":{"footnotes":"","_share_on_mastodon":"0"},"categories":[1832],"tags":[3364,231305,29,538,30,71,1655,859,3460,4581,539],"class_list":["post-1134293","post","type-post","status-publish","format-standard","has-post-thumbnail","category-leipzig","tag-de","tag-demichelis-martin","tag-deutschland","tag-erste-bundesliga","tag-germany","tag-leipzig","tag-rb-leipzig","tag-sachsen","tag-sport-leuchtturm-leipzig","tag-sport-tag-im-ticker","tag-werner-ole"],"share_on_mastodon":{"url":"https:\/\/pubeurope.com\/@de\/116842664106861149","error":""},"_links":{"self":[{"href":"https:\/\/www.europesays.com\/de\/wp-json\/wp\/v2\/posts\/1134293","targetHints":{"allow":["GET"]}}],"collection":[{"href":"https:\/\/www.europesays.com\/de\/wp-json\/wp\/v2\/posts"}],"about":[{"href":"https:\/\/www.europesays.com\/de\/wp-json\/wp\/v2\/types\/post"}],"author":[{"embeddable":true,"href":"https:\/\/www.europesays.com\/de\/wp-json\/wp\/v2\/users\/2"}],"replies":[{"embeddable":true,"href":"https:\/\/www.europesays.com\/de\/wp-json\/wp\/v2\/comments?post=1134293"}],"version-history":[{"count":0,"href":"https:\/\/www.europesays.com\/de\/wp-json\/wp\/v2\/posts\/1134293\/revisions"}],"wp:featuredmedia":[{"embeddable":true,"href":"https:\/\/www.europesays.com\/de\/wp-json\/wp\/v2\/media\/1134294"}],"wp:attachment":[{"href":"https:\/\/www.europesays.com\/de\/wp-json\/wp\/v2\/media?parent=1134293"}],"wp:term":[{"taxonomy":"category","embeddable":true,"href":"https:\/\/www.europesays.com\/de\/wp-json\/wp\/v2\/categories?post=1134293"},{"taxonomy":"post_tag","embeddable":true,"href":"https:\/\/www.europesays.com\/de\/wp-json\/wp\/v2\/tags?post=1134293"}],"curies":[{"name":"wp","href":"https:\/\/api.w.org\/{rel}","templated":true}]}}