{"id":1134306,"date":"2026-07-01T03:52:16","date_gmt":"2026-07-01T03:52:16","guid":{"rendered":"https:\/\/www.europesays.com\/de\/1134306\/"},"modified":"2026-07-01T03:52:16","modified_gmt":"2026-07-01T03:52:16","slug":"erschossener-rocker-davide-k-e-scooter-killer-in-holland-verhaftet-regional","status":"publish","type":"post","link":"https:\/\/www.europesays.com\/de\/1134306\/","title":{"rendered":"Erschossener Rocker Davide K.: E-Scooter-Killer in Holland verhaftet | Regional"},"content":{"rendered":"<p>Der Killer kam am 22. Oktober 2024 auf einem E-Scooter, zog eine Kalaschnikow und erschoss den Rocker Davide K. (32) vor seinem Fitnessstudio in K\u00f6ln. Fast zwei Jahre suchten Ermittler nach dem E-Scooter-Killer. Nun wurden in den Niederlanden und in der T\u00fcrkei zwei Verd\u00e4chtige gefasst. <\/p>\n<p><b>Wer die Festgenommenlche Spur ins Rockermilieu f\u00fchrt und warum ein Verteidiger von einem schweren Irrtum der Justiz spricht \u2013 das lesen Sie mit BILDplus.<\/b><\/p>\n","protected":false},"excerpt":{"rendered":"Der Killer kam am 22. Oktober 2024 auf einem E-Scooter, zog eine Kalaschnikow und erschoss den Rocker Davide&hellip;\n","protected":false},"author":2,"featured_media":1134307,"comment_status":"","ping_status":"","sticky":false,"template":"","format":"standard","meta":{"footnotes":"","_share_on_mastodon":"0"},"categories":[1828],"tags":[181674,29,78819,8367,81024,980,30,12087,85019,1420,2183,28662,1209,121,20498,43753,5995,82327,227858,143,73738],"class_list":["post-1134306","post","type-post","status-publish","format-standard","has-post-thumbnail","category-koeln","tag-deep-news","tag-deutschland","tag-dobers-jan-henrik","tag-e-scooter","tag-eindhoven","tag-festnahme","tag-germany","tag-hells-angels","tag-interpol","tag-koeln","tag-mord","tag-motorradclub","tag-nordrhein-westfalen","tag-polizei","tag-polizeifahndung","tag-polizeifoto","tag-schiesserei","tag-specks-tim","tag-team-deep","tag-tuerkei","tag-xanthopoulos-georgios"],"share_on_mastodon":{"url":"https:\/\/pubeurope.com\/@de\/116842696166621395","error":""},"_links":{"self":[{"href":"https:\/\/www.europesays.com\/de\/wp-json\/wp\/v2\/posts\/1134306","targetHints":{"allow":["GET"]}}],"collection":[{"href":"https:\/\/www.europesays.com\/de\/wp-json\/wp\/v2\/posts"}],"about":[{"href":"https:\/\/www.europesays.com\/de\/wp-json\/wp\/v2\/types\/post"}],"author":[{"embeddable":true,"href":"https:\/\/www.europesays.com\/de\/wp-json\/wp\/v2\/users\/2"}],"replies":[{"embeddable":true,"href":"https:\/\/www.europesays.com\/de\/wp-json\/wp\/v2\/comments?post=1134306"}],"version-history":[{"count":0,"href":"https:\/\/www.europesays.com\/de\/wp-json\/wp\/v2\/posts\/1134306\/revisions"}],"wp:featuredmedia":[{"embeddable":true,"href":"https:\/\/www.europesays.com\/de\/wp-json\/wp\/v2\/media\/1134307"}],"wp:attachment":[{"href":"https:\/\/www.europesays.com\/de\/wp-json\/wp\/v2\/media?parent=1134306"}],"wp:term":[{"taxonomy":"category","embeddable":true,"href":"https:\/\/www.europesays.com\/de\/wp-json\/wp\/v2\/categories?post=1134306"},{"taxonomy":"post_tag","embeddable":true,"href":"https:\/\/www.europesays.com\/de\/wp-json\/wp\/v2\/tags?post=1134306"}],"curies":[{"name":"wp","href":"https:\/\/api.w.org\/{rel}","templated":true}]}}