{"id":113431,"date":"2025-05-15T20:48:14","date_gmt":"2025-05-15T20:48:14","guid":{"rendered":"https:\/\/www.europesays.com\/de\/113431\/"},"modified":"2025-05-15T20:48:14","modified_gmt":"2025-05-15T20:48:14","slug":"ex-freundin-cassie-ventura-im-kreuzverhoer","status":"publish","type":"post","link":"https:\/\/www.europesays.com\/de\/113431\/","title":{"rendered":"Ex-Freundin Cassie Ventura im Kreuzverh\u00f6r"},"content":{"rendered":"<p class=\"text_ohne_einzug richtext text-em-55 !leading-serif mx-6 desktop:mx-0\">Im Prozess gegen den US-Rapper Sean \u201eDiddy\u201c Combs haben die Anw\u00e4lte des 55-J\u00e4hrigen die Hauptbelastungszeugin ins Kreuzverh\u00f6r genommen, Combs&#8216; fr\u00fchere Freundin Cassandra \u201eCassie\u201c Ventura. Sie pr\u00e4sentierten den Geschworenen in New York am Donnerstag Emails und Textnachrichten des fr\u00fcheren Liebespaars. Damit versuchten sie Zweifel an Venturas Aussagen zu s\u00e4en, der Rapper habe sie zur Teilnahme an Sex- und Drogenpartys gezwungen.<\/p>\n<p class=\"richtext text-em-55 !leading-serif mx-6 desktop:mx-0\">Combs&#8216; Anw\u00e4ltin Anna Estevao fragte Ventura, warum sie sich auf ein Wiedersehen mit Combs gefreut habe, als dieser w\u00e4hrend ihrer mehr als zehnj\u00e4hrigen Beziehung auf Reisen war. \u201eWeil ich mich in ihn verliebt hatte und mir sehr viel an ihm lag\u201c, war die Antwort der 38-j\u00e4hrigen S\u00e4ngerin.<\/p>\n<p class=\"richtext text-em-55 !leading-serif mx-6 desktop:mx-0\">Die Verteidigung zeigte zudem Nachrichten Venturas, die Zustimmung zu den sogenannten \u201eFreak Offs\u201c des Rappers verdeutlichen sollen, wie er seine Drogen- und Sexpartys nannte. Sie sei \u201eimmer bereit\u201c, daran teilzunehmen, schrieb die S\u00e4ngerin in einer ihrer Nachrichten. Zwei Tage sp\u00e4ter schickte Cassie eine explizite Nachricht an Combs. \u201eIch kann es nicht erwarten, dich zu beobachten. Ich will, dass du richtig geil wirst\u201c, antwortete er. \u201eIch auch, ich will nur, dass es unkontrollierbar ist\u201c, schrieb sie.<\/p>\n<p class=\"richtext text-em-55 !leading-serif mx-6 desktop:mx-0\">Zun\u00e4chst trug Cassie die durchaus liebevollen Nachrichten vor, die das Paar zu Beginn seiner Beziehung austauschte. Cassie sagte aus, dass Combs charismatisch gewesen sei.<\/p>\n<p class=\"richtext text-em-55 !leading-serif mx-6 desktop:mx-0\">Die Aussagen vom Donnerstag standen im Gegensatz zu der Gewalt und der Scham, die Cassie laut eigener Aussage bei Hunderten Begegnungen mit m\u00e4nnlichen Sexarbeitern erlebte. Solche Treffen bei Sexpartys erstreckten sich ihren Angaben zufolge von 2007 bis 2018. Cassie war zu Beginn der Beziehung mit Combs 19 Jahre alt, er in den 30ern.<\/p>\n<p class=\"richtext text-em-55 !leading-serif mx-6 desktop:mx-0\">Die heute 38-j\u00e4hrige Cassie, die hochschwanger ist, sagte zuvor aus, die Sex- und Drogenpartys h\u00e4tten stunden- oder sogar tagelang angedauert. Sie habe manchmal Infusionen gebraucht, um sich zu erholen, und habe schlie\u00dflich eine Opioidabh\u00e4ngigkeit entwickelt, weil sie sich habe bet\u00e4uben wollen.<\/p>\n<p class=\"richtext text-em-55 !leading-serif mx-6 desktop:mx-0\">Fast zwei Stunden nach Beginn des Kreuzverh\u00f6rs fragte Combs&#8216; Anw\u00e4ltin Estevao Cassie, ob man sagen k\u00f6nne, dass die Karriere des Produzenten ruiniert gewesen sei, nachdem sie ihn im November 2023 verklagt und damit zum ersten Mal die Sexpartys \u00f6ffentlich gemacht hatte. \u201eDas k\u00f6nnte ich verstehen\u201c, antwortete Cassie. Sie sagte bei einem fr\u00fcheren Gerichtstermin aus, dass Combs damit drohte, ihre Karriere zu beenden, sollte sie ihn verlassen.<\/p>\n<p class=\"richtext text-em-55 !leading-serif mx-6 desktop:mx-0\">In den vergangenen Tagen hatte Ventura erstmals ausgesagt. Sie sprach von Gewaltausbr\u00fcchen Combs&#8216; und nannte seine Partys \u201eekelhaft\u201c. Sie habe deshalb Suizidgedanken gehabt. Jahre nach ihrer Trennung 2018 habe sie das Erlebte noch verfolgt, erkl\u00e4rte die hochschwangere S\u00e4ngerin und T\u00e4nzerin, die ihr drittes Kind erwartet.<\/p>\n<p class=\"richtext text-em-55 !leading-serif mx-6 desktop:mx-0\">Ventura hatte den bekannten Musiker und Produzenten 2023 wegen jahrelanger Misshandlungen und Vergewaltigung verklagt. Beide einigten sich kurz darauf auf einen au\u00dfergerichtlichen Vergleich, seither reichten jedoch weitere Frauen und auch M\u00e4nner Klagen gegen den Rapper ein. Die Staatsanwaltschaft wirft Combs vor, die Kl\u00e4ger sexuell missbraucht und mit Drohungen und Gewalt zur Teilnahme an seinen Partys gen\u00f6tigt zu haben.<\/p>\n<p class=\"richtext text-em-55 !leading-serif mx-6 desktop:mx-0\">Der Prozess in New York ist auf acht bis zehn Wochen angesetzt. Im Falle eines Schuldspruchs droht dem Rapper lebenslange Haft.<\/p>\n","protected":false},"excerpt":{"rendered":"Im Prozess gegen den US-Rapper Sean \u201eDiddy\u201c Combs haben die Anw\u00e4lte des 55-J\u00e4hrigen die Hauptbelastungszeugin ins Kreuzverh\u00f6r genommen,&hellip;\n","protected":false},"author":2,"featured_media":113432,"comment_status":"","ping_status":"","sticky":false,"template":"","format":"standard","meta":{"footnotes":""},"categories":[155],"tags":[4738,1792,29,1791,433,44086,214,30,44085,14,36830,1269,1306,1790,44087,44088,215,44084],"class_list":{"0":"post-113431","1":"post","2":"type-post","3":"status-publish","4":"format-standard","5":"has-post-thumbnail","7":"category-unterhaltung","8":"tag-anwaelte","9":"tag-combs","10":"tag-deutschland","11":"tag-diddy","12":"tag-drogen","13":"tag-drogenpartys","14":"tag-entertainment","15":"tag-germany","16":"tag-kreuzverhoer","17":"tag-nachrichten","18":"tag-partys","19":"tag-prozess","20":"tag-rapper","21":"tag-sean","22":"tag-sexpartys","23":"tag-textnachrichten","24":"tag-unterhaltung","25":"tag-ventura"},"share_on_mastodon":{"url":"https:\/\/pubeurope.com\/@de\/114513818757886443","error":""},"_links":{"self":[{"href":"https:\/\/www.europesays.com\/de\/wp-json\/wp\/v2\/posts\/113431","targetHints":{"allow":["GET"]}}],"collection":[{"href":"https:\/\/www.europesays.com\/de\/wp-json\/wp\/v2\/posts"}],"about":[{"href":"https:\/\/www.europesays.com\/de\/wp-json\/wp\/v2\/types\/post"}],"author":[{"embeddable":true,"href":"https:\/\/www.europesays.com\/de\/wp-json\/wp\/v2\/users\/2"}],"replies":[{"embeddable":true,"href":"https:\/\/www.europesays.com\/de\/wp-json\/wp\/v2\/comments?post=113431"}],"version-history":[{"count":0,"href":"https:\/\/www.europesays.com\/de\/wp-json\/wp\/v2\/posts\/113431\/revisions"}],"wp:featuredmedia":[{"embeddable":true,"href":"https:\/\/www.europesays.com\/de\/wp-json\/wp\/v2\/media\/113432"}],"wp:attachment":[{"href":"https:\/\/www.europesays.com\/de\/wp-json\/wp\/v2\/media?parent=113431"}],"wp:term":[{"taxonomy":"category","embeddable":true,"href":"https:\/\/www.europesays.com\/de\/wp-json\/wp\/v2\/categories?post=113431"},{"taxonomy":"post_tag","embeddable":true,"href":"https:\/\/www.europesays.com\/de\/wp-json\/wp\/v2\/tags?post=113431"}],"curies":[{"name":"wp","href":"https:\/\/api.w.org\/{rel}","templated":true}]}}