{"id":1134493,"date":"2026-07-01T05:40:19","date_gmt":"2026-07-01T05:40:19","guid":{"rendered":"https:\/\/www.europesays.com\/de\/1134493\/"},"modified":"2026-07-01T05:40:19","modified_gmt":"2026-07-01T05:40:19","slug":"bischofsweihe-in-der-schweiz-piusbrueder-wagen-den-konflikt-mit-dem-papst","status":"publish","type":"post","link":"https:\/\/www.europesays.com\/de\/1134493\/","title":{"rendered":"Bischofsweihe in der Schweiz: Piusbr\u00fcder wagen den Konflikt mit dem Papst"},"content":{"rendered":"<p>            <img loading=\"lazy\" decoding=\"async\" class=\"ts-image\" src=\"https:\/\/www.europesays.com\/de\/wp-content\/uploads\/2026\/07\/lefebvre-100.jpg\" alt=\"Bild von Marcel Lefebvre\" title=\"Bild von Marcel Lefebvre | AFP\"\/><\/p>\n<p class=\"metatextline\">Stand: 01.07.2026 \u2022 07:00 Uhr<\/p>\n<p class=\"article-head__shorttext\">\n        <strong>Trotz einer Mahnung von Papst Leo XIV. will die traditionalistische Piusbruderschaft in der Schweiz vier Bisch\u00f6fe weihen. Die Beteiligten nehmen daf\u00fcr die Exkommunikation in Kauf &#8211; sie sehen sich als H\u00fcter des wahren Glaubens.<\/strong>\n    <\/p>\n<p>Von Stephan Detjen, Deutschlandfunk, zurzeit Ec\u00f4ne\n                    <\/p>\n<p class=\"textabsatz m-ten m-offset-one l-eight l-offset-two columns twelve\">Schon seit Anfang der Woche versammeln sich die Anh\u00e4nger der ultra-konservativen Piusbruderschaft auf einer Bergwiese in Ec\u00f4ne, im schweizerischen Kanton Wallis. Sie kommen aus aller Welt, die meisten aus Frankreich, wo die Bewegung besonders stark ist und wachsenden Zulauf hat.<\/p>\n<p class=\"textabsatz m-ten m-offset-one l-eight l-offset-two columns twelve\">Bis zu 20.000 sollen es werden, wenn heute unter einem gro\u00dfen Zeltdach vier Bisch\u00f6fe geweiht werden &#8211; gegen den Willen des Papstes. Bis zuletzt hatte Leo XIV. an die Piusbr\u00fcder appelliert &#8211; vergeblich:<\/p>\n<blockquote class=\"zitat\">\n<p>\n                    Tut das nicht! Lasst uns versuchen, die Gemeinschaft in der Kirche zu leben. Aber es ist ihre Entscheidung. Sie m\u00fcssen sich dar\u00fcber im Klaren sein, was das f\u00fcr sie und die Kirche bedeutet.<\/p>\n<\/blockquote>\n<p>    &#8222;Die Kirche ist ein sinkendes Schiff&#8220;<\/p>\n<p class=\"textabsatz m-ten m-offset-one l-eight l-offset-two columns twelve\">Die zwangsl\u00e4ufige Konsequenz der Bischofsweihe ohne Zustimmung des Papstes ist die Exkommunikation, der Ausschluss aller Beteiligten aus der katholischen Kirche. Doch Michel Rion, Theologe im Priesterseminar der Piusbr\u00fcder in Ec\u00f4ne, sieht seine Bewegung als H\u00fcter des wahren Katholizismus &#8211; gegen den Vatikan.<\/p>\n<blockquote class=\"zitat\">\n<p>\n                    Die Kirche ist ein sinkendes Schiff, weil es Lecks hat und \u00fcberall Wasser eindringt. Der Papst bemerkt das ja selbst. Man sieht ja, welche Schwierigkeiten er zum Beispiel in Deutschland hat, die Bisch\u00f6fe auf den richtigen Kurs zu bringen. Wir sind als Piusbr\u00fcder nur eine kleine Armee. Wir versuchen einfach in aller Treue, die Lecks im Schiff abzudichten.<\/p>\n<\/blockquote>\n<p>    Ein Konflikt mit Vorgeschichte<\/p>\n<p class=\"textabsatz m-ten m-offset-one l-eight l-offset-two columns twelve\">Der Konflikt macht sich an Reformen fest, die Anfang der 1960er-Jahre mit dem Zweiten Vatikanischen Konzil eingef\u00fchrt wurden: Die katholische Kirche \u00f6ffnete sich f\u00fcr einen Dialog mit anderen Religionen auf Augenh\u00f6he, bezog die Gl\u00e4ubigen st\u00e4rker in die Feier der Messe ein.<\/p>\n<p class=\"textabsatz m-ten m-offset-one l-eight l-offset-two columns twelve\">Marcel Lefebvre, der 1991 verstorbene Gr\u00fcnder der Piusbruderschaft, h\u00f6hnte \u00fcber eine &#8222;Evangelischen Messe&#8220; und ein &#8222;Bastardritual&#8220;.<\/p>\n<p>    &#8222;Sie sind perfekt organisiert&#8220;<\/p>\n<p class=\"textabsatz m-ten m-offset-one l-eight l-offset-two columns twelve\">Die Piusbr\u00fcder feiern ihre Messen nach alter Liturgie ganz auf Lateinisch und ziehen damit gerade auch junge Menschen an, wie der Religionswissenschaftler Jan Heiner T\u00fcck erkl\u00e4rt.<\/p>\n<blockquote class=\"zitat\">\n<p>\n                    Man kann sie nicht mehr einfach als traditionalistische Splittergruppe abtun, so wie man das noch vor zehn Jahren innerhalb der Theologie gemacht hat. Sie ist international vernetzt, sie sind auf den sozialen Medien sehr umtriebig und auch perfekt organisiert.<\/p>\n<\/blockquote>\n<p>    Zulauf auch in Deutschland<\/p>\n<p class=\"textabsatz m-ten m-offset-one l-eight l-offset-two columns twelve\">Auch in Deutschland hat die Bewegung Zulauf. Am vergangenen Wochenende weihten die Piusbr\u00fcder vor rund 2.000 Anh\u00e4ngern im bayerischen Zaitzkofen bei Regensburg f\u00fcnf junge M\u00e4nner zu Priestern.<\/p>\n<p class=\"textabsatz m-ten m-offset-one l-eight l-offset-two columns twelve\">Sie sollen unter anderem wachsende Gemeinden in Baden W\u00fcrttemberg betreuen und eine Grundschule der Gemeinschaft im oberschw\u00e4bischen Memmingen leiten.<\/p>\n","protected":false},"excerpt":{"rendered":"Stand: 01.07.2026 \u2022 07:00 Uhr Trotz einer Mahnung von Papst Leo XIV. will die traditionalistische Piusbruderschaft in der&hellip;\n","protected":false},"author":2,"featured_media":1134494,"comment_status":"","ping_status":"","sticky":false,"template":"","format":"standard","meta":{"footnotes":"","_share_on_mastodon":"0"},"categories":[3],"tags":[13,6590,39036,14,15,238820,12,10,8,9,11,103,104],"class_list":["post-1134493","post","type-post","status-publish","format-standard","has-post-thumbnail","category-welt","tag-headlines","tag-katholische-kirche","tag-leo-xiv","tag-nachrichten","tag-news","tag-piusbruderschaft","tag-schlagzeilen","tag-top-news","tag-top-meldungen","tag-topmeldungen","tag-topnews","tag-welt","tag-world"],"share_on_mastodon":{"url":"https:\/\/pubeurope.com\/@de\/116843120568679317","error":""},"_links":{"self":[{"href":"https:\/\/www.europesays.com\/de\/wp-json\/wp\/v2\/posts\/1134493","targetHints":{"allow":["GET"]}}],"collection":[{"href":"https:\/\/www.europesays.com\/de\/wp-json\/wp\/v2\/posts"}],"about":[{"href":"https:\/\/www.europesays.com\/de\/wp-json\/wp\/v2\/types\/post"}],"author":[{"embeddable":true,"href":"https:\/\/www.europesays.com\/de\/wp-json\/wp\/v2\/users\/2"}],"replies":[{"embeddable":true,"href":"https:\/\/www.europesays.com\/de\/wp-json\/wp\/v2\/comments?post=1134493"}],"version-history":[{"count":0,"href":"https:\/\/www.europesays.com\/de\/wp-json\/wp\/v2\/posts\/1134493\/revisions"}],"wp:featuredmedia":[{"embeddable":true,"href":"https:\/\/www.europesays.com\/de\/wp-json\/wp\/v2\/media\/1134494"}],"wp:attachment":[{"href":"https:\/\/www.europesays.com\/de\/wp-json\/wp\/v2\/media?parent=1134493"}],"wp:term":[{"taxonomy":"category","embeddable":true,"href":"https:\/\/www.europesays.com\/de\/wp-json\/wp\/v2\/categories?post=1134493"},{"taxonomy":"post_tag","embeddable":true,"href":"https:\/\/www.europesays.com\/de\/wp-json\/wp\/v2\/tags?post=1134493"}],"curies":[{"name":"wp","href":"https:\/\/api.w.org\/{rel}","templated":true}]}}