{"id":1134604,"date":"2026-07-01T06:46:15","date_gmt":"2026-07-01T06:46:15","guid":{"rendered":"https:\/\/www.europesays.com\/de\/1134604\/"},"modified":"2026-07-01T06:46:15","modified_gmt":"2026-07-01T06:46:15","slug":"feiertage-in-hamburg-2026-und-2027-alle-termine-wann-ist-der-naechste-feiertag-2","status":"publish","type":"post","link":"https:\/\/www.europesays.com\/de\/1134604\/","title":{"rendered":"Feiertage in Hamburg 2026 und 2027: Alle Termine \u2013 Wann ist der n\u00e4chste Feiertag?"},"content":{"rendered":"<p class=\"mb-6 text-xs-varying md:text-m lg:text-l font-serif group-[.font-sans]:font-sans \">\n    Wann sind <a href=\"https:\/\/www.augsburger-allgemeine.de\/panorama\/feiertage\" target=\"_self\" class=\"underline \" rel=\"nofollow noopener\">Feiertage<\/a> in Hamburg? In diesem Artikel bekommen Sie eine komplette \u00dcbersicht mit allen Terminen f\u00fcr 2026 und 2027. Damit wissen Sie immer, wann der n\u00e4chste Feiertag ist.\n  <\/p>\n<p class=\"mb-6 text-xs-varying md:text-m lg:text-l font-serif group-[.font-sans]:font-sans \">\n    Dar\u00fcber hinaus finden Sie die Termine f\u00fcr weitere besondere Tage im Jahr \u2013 darunter Vatertag, <a href=\"https:\/\/www.augsburger-allgemeine.de\/panorama\/feiertage\/welche-bedeutung-hat-allerheiligen-1-11-25-109083585\" target=\"_self\" class=\"underline \" rel=\"nofollow noopener\">Allerheiligen<\/a> oder <a href=\"https:\/\/www.augsburger-allgemeine.de\/panorama\/feiertage\/ist-heiligabend-2025-ein-feiertag-was-ist-ein-typisches-essen-am-24-dezember-24-12-26-103641484\" target=\"_self\" class=\"underline \" rel=\"nofollow noopener\">Heiligabend<\/a>. Zu allen Tagen bieten wir auch weitere Informationen rund um Bedeutung und Br\u00e4uche. Klicken Sie f\u00fcr mehr Details einfach auf die Links.\n  <\/p>\n<p>            Welche und wie viele gesetzliche Feiertage hat Hamburg?<\/p>\n<p class=\"mb-6 text-xs-varying md:text-m lg:text-l font-serif group-[.font-sans]:font-sans \">\n    In Hamburg gibt es zehn Feiertage von <a href=\"https:\/\/www.augsburger-allgemeine.de\/panorama\/feiertage\/neujahr-2026-warum-wird-am-1-januar-gefeiert-welches-land-hat-als-erstes-neujahr-29-1-26-103687518\" target=\"_self\" class=\"underline \" rel=\"nofollow noopener\">Neujahr<\/a> bis zum 2. Weihnachtstag. Die Menschen haben hier an den neun bundesweiten Terminen und zus\u00e4tzlich noch am <a href=\"https:\/\/www.augsburger-allgemeine.de\/panorama\/feiertage\/wo-ist-der-reformationstag-2025-ueberall-ein-feiertag-30-11-25-103079626\" target=\"_self\" class=\"underline \" rel=\"nofollow noopener\">Reformationstag<\/a> am 31. Oktober arbeitsfrei oder schulfrei. Das sind alle Feiertage in Hamburg im \u00dcberblick:\n  <\/p>\n<p class=\"mb-6 text-xs-varying md:text-m lg:text-l font-serif group-[.font-sans]:font-sans \">\n    Ist der 1. November ein Feiertag in Hamburg? Nein, an Allerheiligen haben die Menschen hier genauso wenig frei wie an Heilige Drei K\u00f6nige, <a href=\"https:\/\/www.augsburger-allgemeine.de\/panorama\/feiertage\/wann-ist-fronleichnam-2026-und-in-welchen-bundeslaendern-ist-das-ein-feiertag-bedeutung-und-datum-17-7-25-108882934\" target=\"_self\" class=\"underline \" rel=\"nofollow noopener\">Fronleichnam<\/a> oder Mari\u00e4 Himmelfahrt. W\u00e4hrend diese Tage in einigen Bundesl\u00e4ndern Feiertage sind, m\u00fcssen die Hamburger an diesen Terminen ganz normal zur Arbeit oder Schule. Das sind die konkreten Feiertag-Termine:\n  <\/p>\n<p>            Feiertage in Hamburg 2026<\/p>\n<ul rel=\"\" class=\"[&amp;&gt;li]:relative list-none  [&amp;&gt;li]:pl-[1.2em] [&amp;&gt;li]:marker:text-[0] [&amp;&gt;li]:relative [&amp;&gt;li]:before:absolute [&amp;&gt;li]:before:w-3 [&amp;&gt;li]:before:h-3 [&amp;&gt;li]:before:bg-brand [&amp;&gt;li]:before:left-0 [&amp;&gt;li]:before:rounded-full [&amp;&gt;li]:before:top-[8px] md:[&amp;&gt;li]:before:top-[9px] lg:[&amp;&gt;li]:before:top-[11px]  my-5\">\n<li class=\" mb-3 text-xs-varying md:text-m lg:text-l\">Neujahr: 01.01.2026 (Donnerstag)<\/li>\n<li class=\" mb-3 text-xs-varying md:text-m lg:text-l\">Karfreitag: 03.04.2026 (Freitag)<\/li>\n<li class=\" mb-3 text-xs-varying md:text-m lg:text-l\">Ostern \u2013 Ostermontag: 06.04.2026 (Montag)<\/li>\n<li class=\" mb-3 text-xs-varying md:text-m lg:text-l\">1. Mai \u2013 Tag der Arbeit: 01.05.2026 (Freitag)<\/li>\n<li class=\" mb-3 text-xs-varying md:text-m lg:text-l\">Christi Himmelfahrt: 14.05.2026 (Donnerstag)<\/li>\n<li class=\" mb-3 text-xs-varying md:text-m lg:text-l\">Pfingsten \u2013 Pfingstmontag: 25.05.2026 (Montag)<\/li>\n<li class=\" mb-3 text-xs-varying md:text-m lg:text-l\">Tag der Deutschen Einheit: 03.10.2026 (Samstag)<\/li>\n<li class=\" mb-3 text-xs-varying md:text-m lg:text-l\">Reformationstag: 31.10.2026 (Samstag)<\/li>\n<li class=\" mb-3 text-xs-varying md:text-m lg:text-l\">1. Weihnachtsfeiertag: 25.12.2026 (Freitag)<\/li>\n<li class=\" mb-3 text-xs-varying md:text-m lg:text-l\">2. Weihnachtsfeiertag: 26.12.2026 (Samstag)<\/li>\n<\/ul>\n<p class=\"mb-6 text-xs-varying md:text-m lg:text-l font-serif group-[.font-sans]:font-sans \">\n    Neun <a href=\"https:\/\/www.augsburger-allgemeine.de\/panorama\/feiertage-in-deutschland-2025-und-2026-alle-termine-wann-ist-der-naechste-feiertag-104053676\" target=\"_blank\" class=\"underline \" rel=\"nofollow noopener\">Feiertage 2026 und 2027 in Deutschland<\/a> gelten bundesweit.\n  <\/p>\n<p>            Feiertage in Hamburg 2027<\/p>\n<ul rel=\"\" class=\"[&amp;&gt;li]:relative list-none  [&amp;&gt;li]:pl-[1.2em] [&amp;&gt;li]:marker:text-[0] [&amp;&gt;li]:relative [&amp;&gt;li]:before:absolute [&amp;&gt;li]:before:w-3 [&amp;&gt;li]:before:h-3 [&amp;&gt;li]:before:bg-brand [&amp;&gt;li]:before:left-0 [&amp;&gt;li]:before:rounded-full [&amp;&gt;li]:before:top-[8px] md:[&amp;&gt;li]:before:top-[9px] lg:[&amp;&gt;li]:before:top-[11px]  my-5\">\n<li class=\" mb-3 text-xs-varying md:text-m lg:text-l\">Neujahr: 01.01.2027 (Freitag)<\/li>\n<li class=\" mb-3 text-xs-varying md:text-m lg:text-l\">Karfreitag: 26.03.2027 (Freitag)<\/li>\n<li class=\" mb-3 text-xs-varying md:text-m lg:text-l\">Ostern \u2013 Ostermontag: 29.03.2027 (Montag)<\/li>\n<li class=\" mb-3 text-xs-varying md:text-m lg:text-l\">1. Mai \u2013 Tag der Arbeit: 01.05.2027 (Samstag)<\/li>\n<li class=\" mb-3 text-xs-varying md:text-m lg:text-l\">Christi Himmelfahrt: 06.05.2027 (Donnerstag)<\/li>\n<li class=\" mb-3 text-xs-varying md:text-m lg:text-l\">Pfingsten \u2013 Pfingstmontag: 17.05.2027 (Montag)<\/li>\n<li class=\" mb-3 text-xs-varying md:text-m lg:text-l\">Tag der Deutschen Einheit: 03.10.2027 (Sonntag)<\/li>\n<li class=\" mb-3 text-xs-varying md:text-m lg:text-l\">Reformationstag: 31.10.2027 (Samstag)<\/li>\n<li class=\" mb-3 text-xs-varying md:text-m lg:text-l\">1. Weihnachtsfeiertag: 25.12.2027 (Sonntag)<\/li>\n<li class=\" mb-3 text-xs-varying md:text-m lg:text-l\">2. Weihnachtsfeiertag: 26.12.2027 (Sonntag)<\/li>\n<\/ul>\n<p>            Weitere besondere Termine in Hamburg<\/p>\n<p class=\"mb-6 text-xs-varying md:text-m lg:text-l font-serif group-[.font-sans]:font-sans \">\n    Hier erhalten Sie die \u00dcbersicht \u00fcber weitere wichtige Termine im Kalender:\n  <\/p>\n<ul rel=\"\" class=\"[&amp;&gt;li]:relative list-none  [&amp;&gt;li]:pl-[1.2em] [&amp;&gt;li]:marker:text-[0] [&amp;&gt;li]:relative [&amp;&gt;li]:before:absolute [&amp;&gt;li]:before:w-3 [&amp;&gt;li]:before:h-3 [&amp;&gt;li]:before:bg-brand [&amp;&gt;li]:before:left-0 [&amp;&gt;li]:before:rounded-full [&amp;&gt;li]:before:top-[8px] md:[&amp;&gt;li]:before:top-[9px] lg:[&amp;&gt;li]:before:top-[11px]  my-5\">\n<li class=\" mb-3 text-xs-varying md:text-m lg:text-l\"><a href=\"https:\/\/www.augsburger-allgemeine.de\/panorama\/heilige-drei-koenige-2024-wo-feiertag-namen-geschichte-am-6-januar-frei-in-bayern-baden-wuerttemberg-sachsen-anhalt-sowie-nrw-102381546\" target=\"_self\" class=\"underline \" rel=\"nofollow noopener\">Heilige Drei K\u00f6nige<\/a>: 06.01.2026, 06.01.2027<\/li>\n<li class=\" mb-3 text-xs-varying md:text-m lg:text-l\"><a href=\"https:\/\/www.augsburger-allgemeine.de\/augsburg\/augsburg-holocaust-gedenktag-soll-ns-opfer-in-augsburg-sichtbar-machen-id65280956.html\" target=\"_self\" class=\"underline \" rel=\"nofollow noopener\">Holocaust-Gedenktag:<\/a> 27.01.2026, 27.01.2027<\/li>\n<li class=\" mb-3 text-xs-varying md:text-m lg:text-l\"><a href=\"https:\/\/www.augsburger-allgemeine.de\/panorama\/valentinstag-2023-bedeutung-feiertag-wer-war-valentin-datum-26-02-23-102056187\" target=\"_self\" class=\"underline \" rel=\"nofollow noopener\">Valentinstag<\/a>: 14.02.2026, 14.02.2027<\/li>\n<li class=\" mb-3 text-xs-varying md:text-m lg:text-l\"><a href=\"https:\/\/www.augsburger-allgemeine.de\/panorama\/weiberfastnacht-2024-datum-bedeutung-traditionen-gumpiger-lumpiger-oder-schmutziger-donnerstag-101887301\" target=\"_self\" class=\"underline \" rel=\"nofollow noopener\">Weiberfastnacht<\/a>: 12.02.2026, 04.02.2027<\/li>\n<li class=\" mb-3 text-xs-varying md:text-m lg:text-l\"><a href=\"https:\/\/www.augsburger-allgemeine.de\/panorama\/rosenmontag-2024-ist-rosenmontag-feiertag-datum-bedeutung-und-name-101954044\" target=\"_self\" class=\"underline \" rel=\"nofollow noopener\">Rosenmontag<\/a>: 16.02.2026, 08.02.2027<\/li>\n<li class=\" mb-3 text-xs-varying md:text-m lg:text-l\"><a href=\"https:\/\/www.augsburger-allgemeine.de\/panorama\/ist-aschermittwoch-ein-feiertag-wann-datum-bedeutung-102160502\" target=\"_self\" class=\"underline \" rel=\"nofollow noopener\">Aschermittwoch<\/a>: 18.02.2026, 10.02.2027<\/li>\n<li class=\" mb-3 text-xs-varying md:text-m lg:text-l\"><a href=\"https:\/\/www.augsburger-allgemeine.de\/panorama\/wann-ist-fruehlingsanfang-kalendarisch-meteorologisch-09-1-24-102311642\" target=\"_self\" class=\"underline \" rel=\"nofollow noopener\">Fr\u00fchlingsanfang (meteorologisch)<\/a>: 01.03.2026, 01.03.2027<\/li>\n<li class=\" mb-3 text-xs-varying md:text-m lg:text-l\"><a href=\"https:\/\/www.augsburger-allgemeine.de\/panorama\/internationaler-frauentag-2024-wo-feiertag-bedeutung-geschichte-vom-weltfrauentag-102175842\" target=\"_self\" class=\"underline \" rel=\"nofollow noopener\">Internationaler Frauentag<\/a>: 08.03.2026, 08.03.2027<\/li>\n<li class=\" mb-3 text-xs-varying md:text-m lg:text-l\"><a href=\"https:\/\/www.augsburger-allgemeine.de\/panorama\/st-patrick-s-day-2024-wann-ist-saint-patrick-s-day-datum-und-bedeutung-102105864\" target=\"_self\" class=\"underline \" rel=\"nofollow noopener\">St. Patrick\u2019s Day<\/a>: 17.03.2026, 17.03.202<\/li>\n<li class=\" mb-3 text-xs-varying md:text-m lg:text-l\"><a href=\"https:\/\/www.augsburger-allgemeine.de\/panorama\/josefstag-2024-ist-er-ein-feiertag-datum-bauernregel-brauchtum-102040445\" target=\"_self\" class=\"underline \" rel=\"nofollow noopener\">Josefstag<\/a>: 19.03.2026, 19.03.2027<\/li>\n<li class=\" mb-3 text-xs-varying md:text-m lg:text-l\"><a href=\"https:\/\/www.augsburger-allgemeine.de\/panorama\/wann-ist-fruehlingsanfang-kalendarisch-meteorologisch-09-1-24-102311642\" target=\"_self\" class=\"underline \" rel=\"nofollow noopener\">Fr\u00fchlingsanfang (kalendarisch)<\/a>: 20.03.2026, 20.03.2027<\/li>\n<li class=\" mb-3 text-xs-varying md:text-m lg:text-l\"><a href=\"https:\/\/www.augsburger-allgemeine.de\/panorama\/zeitumstellung-auf-sommerzeit-2024-uhr-vor-oder-zurueck-stellen-101982474\" target=\"_self\" class=\"underline \" rel=\"nofollow noopener\">Zeitumstellung auf Sommerzeit<\/a>: 29.03.2026, 28.03.2027<\/li>\n<li class=\" mb-3 text-xs-varying md:text-m lg:text-l\"><a href=\"https:\/\/www.augsburger-allgemeine.de\/panorama\/palmsonntag-2024-feiertag-bedeutung-braeuche-und-datum-101907784\" target=\"_self\" class=\"underline \" rel=\"nofollow noopener\">Palmsonntag<\/a>: 29.03.2026, 21.03.2027<\/li>\n<li class=\" mb-3 text-xs-varying md:text-m lg:text-l\"><a href=\"https:\/\/www.augsburger-allgemeine.de\/panorama\/gruendonnerstag-2024-name-datum-bedeutung-feiertag-arbeitsfrei-oder-geschaefte-offen-102062182\" target=\"_self\" class=\"underline \" rel=\"nofollow noopener\">Gr\u00fcndonnerstag<\/a>: 02.04.2026, 25.03.2027<\/li>\n<li class=\" mb-3 text-xs-varying md:text-m lg:text-l\"><a href=\"https:\/\/www.augsburger-allgemeine.de\/panorama\/walpurgisnacht-2024-datum-bedeutung-ursprung-brauchtum-ein-feiertag-102274383\" target=\"_self\" class=\"underline \" rel=\"nofollow noopener\">Walpurgisnacht<\/a>: 30.04.2026, 30.04.2027<\/li>\n<li class=\" mb-3 text-xs-varying md:text-m lg:text-l\"><a href=\"https:\/\/www.augsburger-allgemeine.de\/panorama\/-101854982\" target=\"_self\" class=\"underline \" rel=\"nofollow noopener\">Tag der Befreiung<\/a>: 08.05.2026, 08.05.2027<\/li>\n<li class=\" mb-3 text-xs-varying md:text-m lg:text-l\"><a href=\"https:\/\/www.augsburger-allgemeine.de\/panorama\/eisheilige-2024-wann-datum-namen-bauernregeln-und-bedeutung-fuers-wetter-102310689\" target=\"_self\" class=\"underline \" rel=\"nofollow noopener\">Eisheilige<\/a>: ab 11.05.2026, ab 11.05.2027<\/li>\n<li class=\" mb-3 text-xs-varying md:text-m lg:text-l\"><a href=\"https:\/\/www.augsburger-allgemeine.de\/panorama\/muttertag-2024-wann-ist-muttertag-datum-bedeutung-ursprung-geschenke-in-deutschland-101925728\" target=\"_self\" class=\"underline \" rel=\"nofollow noopener\">Muttertag<\/a>: 10.05.2026, 09.05.2027<\/li>\n<li class=\" mb-3 text-xs-varying md:text-m lg:text-l\"><a href=\"https:\/\/www.augsburger-allgemeine.de\/panorama\/vatertag-2024-wann-ist-vatertag-datum-die-bedeutung-feiertag-deutschland-102045912\" target=\"_self\" class=\"underline \" rel=\"nofollow noopener\">Vatertag<\/a>: 14.05.2026, 06.05.2027<\/li>\n<li class=\" mb-3 text-xs-varying md:text-m lg:text-l\"><a href=\"https:\/\/www.augsburger-allgemeine.de\/panorama\/feiertage\/internationaler-kindertag-feiertag-datum-geschichte-bedeutung-29-6-26-102129634\" target=\"_self\" class=\"underline \" rel=\"nofollow noopener\">Internationaler Kindertag<\/a>: 01.06.2026, 01.06.2027<\/li>\n<li class=\" mb-3 text-xs-varying md:text-m lg:text-l\"><a href=\"https:\/\/www.augsburger-allgemeine.de\/panorama\/sommeranfang-2024-wann-ist-sommeranfang-meteorologisch-kalendarisch-datum-fuer-sommersonnenwende-102326851\" target=\"_self\" class=\"underline \" rel=\"nofollow noopener\">Sommeranfang (meteorologisch)<\/a>: 01.06.2026, 01.06.2027<\/li>\n<li class=\" mb-3 text-xs-varying md:text-m lg:text-l\"><a href=\"https:\/\/www.augsburger-allgemeine.de\/panorama\/fronleichnam-2024-wo-ist-fronleichnam-feiertag-bayern-nrw-berlin-bw-hessen-datum-bedeutung-101816498\" target=\"_self\" class=\"underline \" rel=\"nofollow noopener\">Fronleichnam<\/a>: 04.06.2026, 27.05.2027<\/li>\n<li class=\" mb-3 text-xs-varying md:text-m lg:text-l\"><a href=\"https:\/\/www.augsburger-allgemeine.de\/panorama\/sommeranfang-2024-wann-ist-sommeranfang-meteorologisch-kalendarisch-datum-fuer-sommersonnenwende-102326851\" target=\"_self\" class=\"underline \" rel=\"nofollow noopener\">Sommeranfang (kalendarisch) \/ Sommersonnenwende<\/a>: 21.06.2026, 21.06.2027<\/li>\n<li class=\" mb-3 text-xs-varying md:text-m lg:text-l\"><a href=\"https:\/\/www.augsburger-allgemeine.de\/panorama\/feiertage\/wann-und-was-ist-der-johannistag-2026-bedeutung-und-bauernregeln-24-6-26-102223963\" target=\"_self\" class=\"underline \" rel=\"nofollow noopener\">Johannistag<\/a>: 24.06.2026, 24.06.2027<\/li>\n<li class=\" mb-3 text-xs-varying md:text-m lg:text-l\"><a href=\"https:\/\/www.augsburger-allgemeine.de\/panorama\/feiertage\/siebenschlaefertag-2025-wann-ist-er-und-welche-bedeutung-steckt-dahinter-27-6-26-101918211\" target=\"_self\" class=\"underline \" rel=\"nofollow noopener\">Siebenschl\u00e4fer-Tag<\/a>: 27.06.2026, 27.06.2027<\/li>\n<li class=\" mb-3 text-xs-varying md:text-m lg:text-l\"><a href=\"https:\/\/www.augsburger-allgemeine.de\/bayern\/peter-und-paul-2024-bedeutung-datum-petersfeuer-bauernregel-und-feiertag-102044931\" target=\"_self\" class=\"underline \" rel=\"nofollow noopener\">Peter und Paul<\/a>: 29.06.2026, 29.06.2027<\/li>\n<li class=\" mb-3 text-xs-varying md:text-m lg:text-l\"><a href=\"https:\/\/www.augsburger-allgemeine.de\/bayern\/mariae-himmelfahrt-in-welchen-bundeslaendern-ist-mariae-himmelfahrt-feiertag-bayern-nrw-saarland-datum-bedeutung-102014445\" target=\"_self\" class=\"underline \" rel=\"nofollow noopener\">Mari\u00e4 Himmelfahrt<\/a>: 15.08.2026, 15.08.2027<\/li>\n<li class=\" mb-3 text-xs-varying md:text-m lg:text-l\"><a href=\"https:\/\/www.augsburger-allgemeine.de\/panorama\/herbstanfang-2024-wann-ist-der-herbstanfang-meteorlogisch-kalendarisch-datum-uhrzeit-fuer-herbstbeginn-101985559\" target=\"_self\" class=\"underline \" rel=\"nofollow noopener\">Herbstanfang (meteorologisch)<\/a>: 01.09.2026, 01.09.2027<\/li>\n<li class=\" mb-3 text-xs-varying md:text-m lg:text-l\"><a href=\"https:\/\/www.augsburger-allgemeine.de\/panorama\/kindertag-2024-wo-ist-der-weltkindertag-feiertag-datum-bedeutung-des-20-september-in-deutschland-101821949\" target=\"_self\" class=\"underline \" rel=\"nofollow noopener\">Weltkindertag<\/a>: 20.09.2026, 20.09.2027<\/li>\n<li class=\" mb-3 text-xs-varying md:text-m lg:text-l\"><a href=\"https:\/\/www.augsburger-allgemeine.de\/panorama\/herbstanfang-2024-wann-ist-der-herbstanfang-meteorlogisch-kalendarisch-datum-uhrzeit-fuer-herbstbeginn-101985559\" target=\"_self\" class=\"underline \" rel=\"nofollow noopener\">Herbstanfang (kalendarisch)<\/a>: 23.09.2026, 23.09.2027<\/li>\n<li class=\" mb-3 text-xs-varying md:text-m lg:text-l\"><a href=\"https:\/\/www.augsburger-allgemeine.de\/panorama\/erntedankfest-2024-wann-wird-erntedank-gefeiert-datum-und-bedeutung-102296847\" target=\"_self\" class=\"underline \" rel=\"nofollow noopener\">Erntedank<\/a>: 04.10.2026, 03.10.2027<\/li>\n<li class=\" mb-3 text-xs-varying md:text-m lg:text-l\"><a href=\"https:\/\/www.augsburger-allgemeine.de\/panorama\/zeitumstellung-winterzeit-2024-wann-uhr-16-9-24-102251604\" target=\"_self\" class=\"underline \" rel=\"nofollow noopener\">Zeitumstellung auf Winterzeit<\/a>: 25.10.2026, 31.10.2027<\/li>\n<li class=\" mb-3 text-xs-varying md:text-m lg:text-l\"><a href=\"https:\/\/www.augsburger-allgemeine.de\/panorama\/halloween-2024-101839119\" target=\"_self\" class=\"underline \" rel=\"nofollow noopener\">Halloween<\/a>: 31.10.2026, 31.10.2027<\/li>\n<li class=\" mb-3 text-xs-varying md:text-m lg:text-l\"><a href=\"https:\/\/www.augsburger-allgemeine.de\/panorama\/allerheiligen-1-11-2024-101921473\" target=\"_self\" class=\"underline \" rel=\"nofollow noopener\">Allerheiligen<\/a>: 01.11.2026, 01.11.2027<\/li>\n<li class=\" mb-3 text-xs-varying md:text-m lg:text-l\"><a href=\"https:\/\/www.augsburger-allgemeine.de\/panorama\/allerseelen-2023-102187073\" target=\"_self\" class=\"underline \" rel=\"nofollow noopener\">Allerseelen<\/a>: 02.11.2026, 02.11.2027<\/li>\n<li class=\" mb-3 text-xs-varying md:text-m lg:text-l\"><a href=\"https:\/\/www.augsburger-allgemeine.de\/panorama\/feiertage\/warum-ist-11-11-um-11-11-uhr-faschingsbeginn-2026-09-12-25-101935878\" target=\"_self\" class=\"underline \" rel=\"nofollow noopener\">Faschingsbeginn<\/a>: 11.11.2026, 11.11.2027<\/li>\n<li class=\" mb-3 text-xs-varying md:text-m lg:text-l\"><a href=\"https:\/\/www.augsburger-allgemeine.de\/panorama\/sankt-martin-bedeutung-lied-21-12-24-101947810\" target=\"_self\" class=\"underline \" rel=\"nofollow noopener\">Martinstag<\/a>: 11.11.2026, 11.11.2027<\/li>\n<li class=\" mb-3 text-xs-varying md:text-m lg:text-l\"><a href=\"https:\/\/www.augsburger-allgemeine.de\/panorama\/volkstrauertag-2024-101914955\" target=\"_self\" class=\"underline \" rel=\"nofollow noopener\">Volkstrauertag<\/a>: 15.11.2026, 14.11.2027<\/li>\n<li class=\" mb-3 text-xs-varying md:text-m lg:text-l\"><a href=\"https:\/\/www.augsburger-allgemeine.de\/panorama\/buss-und-bettag-2024-101869125\" target=\"_self\" class=\"underline \" rel=\"nofollow noopener\">Bu\u00df- und Bettag<\/a>:  18.11.2026, 17.11.2027<\/li>\n<li class=\" mb-3 text-xs-varying md:text-m lg:text-l\"><a href=\"https:\/\/www.augsburger-allgemeine.de\/panorama\/totensonntag-2024-bedeutung-wann-datum-stiller-feiertag-gilt-ein-tanzverbot-101841587\" target=\"_self\" class=\"underline \" rel=\"nofollow noopener\">Totensonntag<\/a>: 22.11.2026, 21.11.2027<\/li>\n<li class=\" mb-3 text-xs-varying md:text-m lg:text-l\"><a href=\"https:\/\/www.augsburger-allgemeine.de\/panorama\/winteranfang-2023-wann-ist-winteranfang-kalendarisch-meteorologisch-21-12-24-102031982\" target=\"_self\" class=\"underline \" rel=\"nofollow noopener\">Winteranfang (meteorologisch)<\/a>: 01.12.2026, 01.12.2027<\/li>\n<li class=\" mb-3 text-xs-varying md:text-m lg:text-l\"><a href=\"https:\/\/www.augsburger-allgemeine.de\/panorama\/wann-ist-advent-2024-datum-und-bedeutung-101974613\" target=\"_self\" class=\"underline \" rel=\"nofollow noopener\">1. Advent<\/a>: 29.11.2026, 28.11.2027<\/li>\n<li class=\" mb-3 text-xs-varying md:text-m lg:text-l\"><a href=\"https:\/\/www.augsburger-allgemeine.de\/panorama\/barbaratag-2024-wann-datum-bedeutung-feiertag-zweige-101988995\" target=\"_self\" class=\"underline \" rel=\"nofollow noopener\">Barbaratag<\/a>: 04.12.2026, 04.12.2027<\/li>\n<li class=\" mb-3 text-xs-varying md:text-m lg:text-l\"><a href=\"https:\/\/www.augsburger-allgemeine.de\/panorama\/nikolaustag-2024-bedeutung-feiertag-nikolaus-6-12-24-101931771\" target=\"_self\" class=\"underline \" rel=\"nofollow noopener\">Nikolaustag<\/a>: 06.12.2026, 06.12.2027<\/li>\n<li class=\" mb-3 text-xs-varying md:text-m lg:text-l\"><a href=\"https:\/\/www.augsburger-allgemeine.de\/panorama\/wann-ist-advent-2024-datum-und-bedeutung-101974613\" target=\"_self\" class=\"underline \" rel=\"nofollow noopener\">2. Advent<\/a>: 06.12.2026, 05.12.2027<\/li>\n<li class=\" mb-3 text-xs-varying md:text-m lg:text-l\"><a href=\"https:\/\/www.augsburger-allgemeine.de\/panorama\/wann-ist-advent-2024-datum-und-bedeutung-101974613\" target=\"_self\" class=\"underline \" rel=\"nofollow noopener\">3. Advent<\/a>: 13.12.2026, 12.12.2027<\/li>\n<li class=\" mb-3 text-xs-varying md:text-m lg:text-l\"><a href=\"https:\/\/www.augsburger-allgemeine.de\/panorama\/winteranfang-2023-wann-ist-winteranfang-kalendarisch-meteorologisch-21-12-24-102031982\" target=\"_self\" class=\"underline \" rel=\"nofollow noopener\">Winteranfang (kalendarisch) \u2013 Wintersonnenwende<\/a>: 21.12.2026, 22.12.2027<\/li>\n<li class=\" mb-3 text-xs-varying md:text-m lg:text-l\"><a href=\"https:\/\/www.augsburger-allgemeine.de\/panorama\/wann-ist-advent-2024-datum-und-bedeutung-101974613\" target=\"_self\" class=\"underline \" rel=\"nofollow noopener\">4. Advent<\/a>: 20.12.2026, 19.12.2027<\/li>\n<li class=\" mb-3 text-xs-varying md:text-m lg:text-l\"><a href=\"https:\/\/www.augsburger-allgemeine.de\/panorama\/heiligabend-2024-feiertag-die-bedeutung-die-geschichte-das-essen-102342813\" target=\"_self\" class=\"underline \" rel=\"nofollow noopener\">Heiligabend<\/a>: 24.12.2026, 24.12.2027<\/li>\n<li class=\" mb-3 text-xs-varying md:text-m lg:text-l\"><a href=\"https:\/\/www.augsburger-allgemeine.de\/panorama\/rauhnaechte-2024-2025-termine-bedeutung-und-braeuche-101880642\" target=\"_self\" class=\"underline \" rel=\"nofollow noopener\">Rauhn\u00e4chte<\/a>: ab 25.12.2026, ab 25.12.2027<\/li>\n<li class=\" mb-3 text-xs-varying md:text-m lg:text-l\"><a href=\"https:\/\/www.augsburger-allgemeine.de\/panorama\/silvester-2024-bedeutung-name-wochentag-und-feiertag-warum-feiert-man-eigentlich-silvester-102352688\" target=\"_self\" class=\"underline \" rel=\"nofollow noopener\">Silvester<\/a>: 31.12.2026, 31.12.2027<\/li>\n<\/ul>\n<p>            Fronleichnam ist kein Feiertag in Hamburg &#8211; Reformationstag am 31. Oktober schon<\/p>\n<p class=\"mb-6 text-xs-varying md:text-m lg:text-l font-serif group-[.font-sans]:font-sans \">\n    Hamburg hat im Vergleich zu anderen Bundesl\u00e4ndern eher wenige Feiertage, da die Menschen hier zum Beispiel am Dreik\u00f6nigstag oder an Fronleichnam nicht frei haben. Daf\u00fcr gilt hier der Reformationstag als Feiertag, was nur in einem Teil von Deutschland der Fall ist &#8211; neben Hamburg n\u00e4mlich noch in Brandenburg, Bremen, Mecklenburg-Vorpommern, Niedersachsen, Sachsen, Sachsen-Anhalt, Schleswig-Holstein und Th\u00fcringen.\n  <\/p>\n<p class=\"mb-6 text-xs-varying md:text-m lg:text-l font-serif group-[.font-sans]:font-sans \">\n    Am 31. Oktober wird die Reformation der Kirche durch Martin Luther gefeiert. Das Datum geht auf den Thesenanschlag in Wittenberg zur\u00fcck, der laut der \u00dcberlieferung am 31. Oktober 1517 stattgefunden haben soll.\n  <\/p>\n<p>            Vergangene Feiertage in Hamburg<\/p>\n<p class=\"mb-6 text-xs-varying md:text-m lg:text-l font-serif group-[.font-sans]:font-sans \">\n    2025\n  <\/p>\n<ul rel=\"\" class=\"[&amp;&gt;li]:relative list-none  [&amp;&gt;li]:pl-[1.2em] [&amp;&gt;li]:marker:text-[0] [&amp;&gt;li]:relative [&amp;&gt;li]:before:absolute [&amp;&gt;li]:before:w-3 [&amp;&gt;li]:before:h-3 [&amp;&gt;li]:before:bg-brand [&amp;&gt;li]:before:left-0 [&amp;&gt;li]:before:rounded-full [&amp;&gt;li]:before:top-[8px] md:[&amp;&gt;li]:before:top-[9px] lg:[&amp;&gt;li]:before:top-[11px]  my-5\">\n<li class=\" mb-3 text-xs-varying md:text-m lg:text-l\">Neujahr: 01.01.2025 (Mittwoch)<\/li>\n<li class=\" mb-3 text-xs-varying md:text-m lg:text-l\">Karfreitag: 18.04.2025 (Freitag)<\/li>\n<li class=\" mb-3 text-xs-varying md:text-m lg:text-l\">Ostern &#8211; Ostermontag: 21.04.2025 (Montag)<\/li>\n<li class=\" mb-3 text-xs-varying md:text-m lg:text-l\">1. Mai &#8211; Tag der Arbeit: 01.05.2025 (Donnerstag)<\/li>\n<li class=\" mb-3 text-xs-varying md:text-m lg:text-l\">Christi Himmelfahrt: 29.05.2025 (Donnerstag)<\/li>\n<li class=\" mb-3 text-xs-varying md:text-m lg:text-l\">Pfingsten &#8211; Pfingstmontag: 09.06.2025 (Montag)<\/li>\n<li class=\" mb-3 text-xs-varying md:text-m lg:text-l\">Tag der Deutschen Einheit: 03.10.2025 (Freitag)<\/li>\n<li class=\" mb-3 text-xs-varying md:text-m lg:text-l\">Reformationstag: 31.10.2025 (Freitag)<\/li>\n<li class=\" mb-3 text-xs-varying md:text-m lg:text-l\">1. Weihnachtsfeiertag: 25.12.2025 (Donnerstag)<\/li>\n<li class=\" mb-3 text-xs-varying md:text-m lg:text-l\">2. Weihnachtsfeiertag: 26.12.2025 (Freitag)<\/li>\n<\/ul>\n<p class=\"mb-6 text-xs-varying md:text-m lg:text-l font-serif group-[.font-sans]:font-sans \">\n    2024\n  <\/p>\n<ul rel=\"\" class=\"[&amp;&gt;li]:relative list-none  [&amp;&gt;li]:pl-[1.2em] [&amp;&gt;li]:marker:text-[0] [&amp;&gt;li]:relative [&amp;&gt;li]:before:absolute [&amp;&gt;li]:before:w-3 [&amp;&gt;li]:before:h-3 [&amp;&gt;li]:before:bg-brand [&amp;&gt;li]:before:left-0 [&amp;&gt;li]:before:rounded-full [&amp;&gt;li]:before:top-[8px] md:[&amp;&gt;li]:before:top-[9px] lg:[&amp;&gt;li]:before:top-[11px]  my-5\">\n<li class=\" mb-3 text-xs-varying md:text-m lg:text-l\">Neujahr: 01.01.2024 (Montag)<\/li>\n<li class=\" mb-3 text-xs-varying md:text-m lg:text-l\">Karfreitag: 29.03.2024 (Freitag)<\/li>\n<li class=\" mb-3 text-xs-varying md:text-m lg:text-l\">Ostern &#8211; Ostermontag: 01.04.2024 (Montag)<\/li>\n<li class=\" mb-3 text-xs-varying md:text-m lg:text-l\">1. Mai &#8211; Tag der Arbeit: 01.05.2024 (Mittwoch)<\/li>\n<li class=\" mb-3 text-xs-varying md:text-m lg:text-l\">Christi Himmelfahrt: 09.05.2024 (Donnerstag)<\/li>\n<li class=\" mb-3 text-xs-varying md:text-m lg:text-l\">Pfingsten &#8211; Pfingstmontag: 20.05.2024 (Montag)<\/li>\n<li class=\" mb-3 text-xs-varying md:text-m lg:text-l\">Tag der Deutschen Einheit: 03.10.2024 (Donnerstag)<\/li>\n<li class=\" mb-3 text-xs-varying md:text-m lg:text-l\">Reformationstag: 31.10.2024 (Donnerstag)<\/li>\n<li class=\" mb-3 text-xs-varying md:text-m lg:text-l\">1. Weihnachtsfeiertag: 25.12.2024 (Mittwoch)<\/li>\n<li class=\" mb-3 text-xs-varying md:text-m lg:text-l\">2. Weihnachtsfeiertag: 26.12.2024 (Donnerstag)<\/li>\n<\/ul>\n<p class=\"mb-6 text-xs-varying md:text-m lg:text-l font-serif group-[.font-sans]:font-sans \">\n    2023\n  <\/p>\n<ul rel=\"\" class=\"[&amp;&gt;li]:relative list-none  [&amp;&gt;li]:pl-[1.2em] [&amp;&gt;li]:marker:text-[0] [&amp;&gt;li]:relative [&amp;&gt;li]:before:absolute [&amp;&gt;li]:before:w-3 [&amp;&gt;li]:before:h-3 [&amp;&gt;li]:before:bg-brand [&amp;&gt;li]:before:left-0 [&amp;&gt;li]:before:rounded-full [&amp;&gt;li]:before:top-[8px] md:[&amp;&gt;li]:before:top-[9px] lg:[&amp;&gt;li]:before:top-[11px]  my-5\">\n<li class=\" mb-3 text-xs-varying md:text-m lg:text-l\">Neujahr: 01.01.2023 (Sonntag)<\/li>\n<li class=\" mb-3 text-xs-varying md:text-m lg:text-l\">Karfreitag: 07.04.2023 (Freitag)<\/li>\n<li class=\" mb-3 text-xs-varying md:text-m lg:text-l\">Ostern &#8211; Ostermontag: 10.04.2023 (Montag)<\/li>\n<li class=\" mb-3 text-xs-varying md:text-m lg:text-l\">1. Mai &#8211; Tag der Arbeit: 01.05.2023 (Montag)<\/li>\n<li class=\" mb-3 text-xs-varying md:text-m lg:text-l\">Christi Himmelfahrt: 18.05.2023 (Donnerstag)<\/li>\n<li class=\" mb-3 text-xs-varying md:text-m lg:text-l\">Pfingsten &#8211; Pfingstmontag: 29.05.2023 (Montag)<\/li>\n<li class=\" mb-3 text-xs-varying md:text-m lg:text-l\">Tag der Deutschen Einheit: 03.10.2023 (Dienstag)<\/li>\n<li class=\" mb-3 text-xs-varying md:text-m lg:text-l\">Reformationstag: 31.10.2023 (Dienstag)<\/li>\n<li class=\" mb-3 text-xs-varying md:text-m lg:text-l\">1. Weihnachtsfeiertag: 25.12.2023 (Montag)<\/li>\n<li class=\" mb-3 text-xs-varying md:text-m lg:text-l\">2. Weihnachtsfeiertag: 26.12.2023 (Dienstag)<\/li>\n<\/ul>\n<p class=\"mb-6 text-xs-varying md:text-m lg:text-l font-serif group-[.font-sans]:font-sans \">\n    2022\n  <\/p>\n<ul rel=\"\" class=\"[&amp;&gt;li]:relative list-none  [&amp;&gt;li]:pl-[1.2em] [&amp;&gt;li]:marker:text-[0] [&amp;&gt;li]:relative [&amp;&gt;li]:before:absolute [&amp;&gt;li]:before:w-3 [&amp;&gt;li]:before:h-3 [&amp;&gt;li]:before:bg-brand [&amp;&gt;li]:before:left-0 [&amp;&gt;li]:before:rounded-full [&amp;&gt;li]:before:top-[8px] md:[&amp;&gt;li]:before:top-[9px] lg:[&amp;&gt;li]:before:top-[11px]  my-5\">\n<li class=\" mb-3 text-xs-varying md:text-m lg:text-l\">Neujahr: 01.01.2022 (Samstag)<\/li>\n<li class=\" mb-3 text-xs-varying md:text-m lg:text-l\">Karfreitag: 15.04.2022 (Freitag)<\/li>\n<li class=\" mb-3 text-xs-varying md:text-m lg:text-l\">Ostern &#8211; Ostermontag: 18.04.2022 (Montag)<\/li>\n<li class=\" mb-3 text-xs-varying md:text-m lg:text-l\">1. Mai &#8211; Tag der Arbeit: 01.05.2022 (Sonntag)<\/li>\n<li class=\" mb-3 text-xs-varying md:text-m lg:text-l\">Christi Himmelfahrt: 26.05.2022 (Donnerstag)<\/li>\n<li class=\" mb-3 text-xs-varying md:text-m lg:text-l\">Pfingsten &#8211; Pfingstmontag: 06.06.2022 (Montag)<\/li>\n<li class=\" mb-3 text-xs-varying md:text-m lg:text-l\">Tag der Deutschen Einheit: 03.10.2022 (Montag)<\/li>\n<li class=\" mb-3 text-xs-varying md:text-m lg:text-l\">Reformationstag: 31.10.2022 (Montag)<\/li>\n<li class=\" mb-3 text-xs-varying md:text-m lg:text-l\">1. Weihnachtsfeiertag: 25.12.2022 (Sonntag)<\/li>\n<li class=\" mb-3 text-xs-varying md:text-m lg:text-l\">2. Weihnachtsfeiertag: 26.12.2022 (Montag)<\/li>\n<\/ul>\n<p class=\"mb-6 text-xs-varying md:text-m lg:text-l font-serif group-[.font-sans]:font-sans \">\n    (sge)\n  <\/p>\n","protected":false},"excerpt":{"rendered":"Wann sind Feiertage in Hamburg? In diesem Artikel bekommen Sie eine komplette \u00dcbersicht mit allen Terminen f\u00fcr 2026&hellip;\n","protected":false},"author":2,"featured_media":542342,"comment_status":"","ping_status":"","sticky":false,"template":"","format":"standard","meta":{"footnotes":"","_share_on_mastodon":"0"},"categories":[1826],"tags":[152597,125899,29,2415,51596,30,692,5527,146015,50899,107932],"class_list":["post-1134604","post","type-post","status-publish","format-standard","has-post-thumbnail","category-hamburg","tag-2-weihnachtstag","tag-allerheiligen","tag-deutschland","tag-feiertag","tag-fronleichnam","tag-germany","tag-hamburg","tag-heiligabend","tag-heilige-drei-koenige","tag-neujahr","tag-reformationstag"],"share_on_mastodon":{"url":"https:\/\/pubeurope.com\/@de\/116843379894193500","error":""},"_links":{"self":[{"href":"https:\/\/www.europesays.com\/de\/wp-json\/wp\/v2\/posts\/1134604","targetHints":{"allow":["GET"]}}],"collection":[{"href":"https:\/\/www.europesays.com\/de\/wp-json\/wp\/v2\/posts"}],"about":[{"href":"https:\/\/www.europesays.com\/de\/wp-json\/wp\/v2\/types\/post"}],"author":[{"embeddable":true,"href":"https:\/\/www.europesays.com\/de\/wp-json\/wp\/v2\/users\/2"}],"replies":[{"embeddable":true,"href":"https:\/\/www.europesays.com\/de\/wp-json\/wp\/v2\/comments?post=1134604"}],"version-history":[{"count":0,"href":"https:\/\/www.europesays.com\/de\/wp-json\/wp\/v2\/posts\/1134604\/revisions"}],"wp:featuredmedia":[{"embeddable":true,"href":"https:\/\/www.europesays.com\/de\/wp-json\/wp\/v2\/media\/542342"}],"wp:attachment":[{"href":"https:\/\/www.europesays.com\/de\/wp-json\/wp\/v2\/media?parent=1134604"}],"wp:term":[{"taxonomy":"category","embeddable":true,"href":"https:\/\/www.europesays.com\/de\/wp-json\/wp\/v2\/categories?post=1134604"},{"taxonomy":"post_tag","embeddable":true,"href":"https:\/\/www.europesays.com\/de\/wp-json\/wp\/v2\/tags?post=1134604"}],"curies":[{"name":"wp","href":"https:\/\/api.w.org\/{rel}","templated":true}]}}