{"id":1134609,"date":"2026-07-01T06:49:19","date_gmt":"2026-07-01T06:49:19","guid":{"rendered":"https:\/\/www.europesays.com\/de\/1134609\/"},"modified":"2026-07-01T06:49:19","modified_gmt":"2026-07-01T06:49:19","slug":"lichtenberg-studentenwohnheim-an-der-storkower-strasse-fast-fertig","status":"publish","type":"post","link":"https:\/\/www.europesays.com\/de\/1134609\/","title":{"rendered":"Lichtenberg: Studentenwohnheim an der Storkower Stra\u00dfe fast fertig"},"content":{"rendered":"<p><strong>An der Storkower Stra\u00dfe 220 in Lichtenberg steht ein neues Studentenwohnheim mit m\u00f6blierten Wohnungen kurz vor dem Erstbezug. Die letzten Au\u00dfenarbeiten laufen auf Hochtouren.<\/strong><\/p>\n<p><a href=\"https:\/\/www.europesays.com\/de\/wp-content\/uploads\/2026\/07\/Lichtenberg-Storkower-Strasse-220-\u00a9-ENTWICKLUNGSSTADT-2.jpg\"><img loading=\"lazy\" decoding=\"async\" aria-describedby=\"caption-attachment-100976\" class=\"lazyload size-full wp-image-100976\" src=\"data:image\/svg+xml,%3Csvg%20xmlns%3D%27http%3A%2F%2Fwww.w3.org%2F2000%2Fsvg%27%20width%3D%271280%27%20height%3D%27720%27%20viewBox%3D%270%200%201280%20720%27%3E%3Crect%20width%3D%271280%27%20height%3D%27720%27%20fill-opacity%3D%220%22%2F%3E%3C%2Fsvg%3E\" data-orig-src=\"https:\/\/www.europesays.com\/de\/wp-content\/uploads\/2026\/07\/Lichtenberg-Storkower-Strasse-220-\u00a9-ENTWICKLUNGSSTADT-2.jpg\" alt=\"Das Bild zeigt den oberen Teil des fast fertigen Studentenwohnheims an der Storkower Stra\u00dfe 220 in Lichtenberg mit heller Fassade, Dachterrasse und Glasgel\u00e4ndern.\" width=\"1280\" height=\"720\"\/><\/a><\/p>\n<p id=\"caption-attachment-100976\" class=\"wp-caption-text\">Das neue Studentenwohnheim an der Storkower Stra\u00dfe 220 in Lichtenberg ist \u00e4u\u00dferlich weit fortgeschritten. \/ \u00a9 Foto: ENTWICKLUNGSSTADT<\/p>\n<p>\u00a9 Titelbild: ENTWICKLUNGSSTADT<\/p>\n<p>\u00a0<\/p>\n<p>An der <a href=\"https:\/\/www.entwicklungsstadt.de\/lichtenberg-hier-entsteht-ein-neubau-mit-300-wohnplaetzen-fuer-studierende\/\" target=\"_blank\" rel=\"noopener nofollow\">Storkower Stra\u00dfe 220 ist der Neubau kaum noch zu \u00fcbersehen<\/a>. Die helle Fassade steht, die Fenster sitzen, auf dem Dach sind bereits Glasgel\u00e4nder montiert. Nur am Boden zeigt sich noch Baustellenalltag: Z\u00e4une, Material, offene Au\u00dfenfl\u00e4chen. In der Hitze der vergangenen Tage arbeiteten Bauarbeiter weiter am Umfeld des Geb\u00e4udes.<\/p>\n<ul>\n<li><strong>Bezirk<\/strong>: <a href=\"https:\/\/www.entwicklungsstadt.de\/bezirke\/lichtenberg\/\" target=\"_blank\" rel=\"noopener nofollow\">Lichtenberg<\/a><\/li>\n<li><strong>Adresse<\/strong>: Storkower Stra\u00dfe 220, Berlin-Lichtenberg<\/li>\n<li><strong>Nutzung<\/strong>: Studierendenwohnen<\/li>\n<li><strong>Wohnpl\u00e4tze\/Apartments<\/strong>: 317 Wohnpl\u00e4tze in 240 Einheiten<\/li>\n<\/ul>\n<p>Das Haus richtet sich vor allem an Studierende. Nach Angaben der BGG Berlinovo Grundst\u00fcckentwicklungs GmbH entstanden hier in den letzten Monaten 285 <a href=\"https:\/\/www.entwicklungsstadt.de\/berlin-interaktive-karte-wohnungen-fuer-studenten\/\" target=\"_blank\" rel=\"noopener nofollow\">Wohnpl\u00e4tze f\u00fcr Studierende<\/a> in 208 teils barrierefreien Apartments. Hinzu kommen 32 Einheiten f\u00fcr \u201eHauptstadtwohnen\u201c, die f\u00fcr Menschen mit befristetem Wohnbedarf in Berlin vorgesehen sind. Insgesamt nennt die Projektseite 240 Einheiten mit 317 Pl\u00e4tzen.<\/p>\n<p>240 Wohnungen an der Storkower Stra\u00dfe 220 in Lichtenberg<\/p>\n<p>Die berlinovo bietet die Einzelapartments als Erstbezug ab Juli 2026 an. Die m\u00f6blierten Wohnungen sind zwischen etwa 14 und 23 Quadratmeter gro\u00df. Zur Ausstattung geh\u00f6ren Bett, Schreibtisch, Kleiderschrank, eigenes Bad mit bodengleicher Dusche und Pantryk\u00fcche mit Ceranfeld, Sp\u00fcle und K\u00fchlschrank. Die Inklusivmiete beginnt laut Anbieter bei 560 Euro monatlich.<\/p>\n<p>Die Mietvertr\u00e4ge sind auf die Studienzeit begrenzt. Berlinovo nennt maximal 42 Monate im Erststudium und maximal 24 Monate im Masterstudium. Die Mindestmietdauer betr\u00e4gt sechs Monate, danach gilt eine K\u00fcndigungsfrist von zwei Monaten zum Monatsende.<\/p>\n<p><a href=\"https:\/\/www.europesays.com\/de\/wp-content\/uploads\/2026\/07\/Lichtenberg-Storkower-Strasse-220-\u00a9-ENTWICKLUNGSSTADT-1.jpg\"><img loading=\"lazy\" decoding=\"async\" aria-describedby=\"caption-attachment-100977\" class=\"lazyload size-full wp-image-100977\" src=\"data:image\/svg+xml,%3Csvg%20xmlns%3D%27http%3A%2F%2Fwww.w3.org%2F2000%2Fsvg%27%20width%3D%271280%27%20height%3D%27720%27%20viewBox%3D%270%200%201280%20720%27%3E%3Crect%20width%3D%271280%27%20height%3D%27720%27%20fill-opacity%3D%220%22%2F%3E%3C%2Fsvg%3E\" data-orig-src=\"https:\/\/www.europesays.com\/de\/wp-content\/uploads\/2026\/07\/Lichtenberg-Storkower-Strasse-220-\u00a9-ENTWICKLUNGSSTADT-1.jpg\" alt=\"Das Bild zeigt das neue Studentenwohnheim an der Storkower Stra\u00dfe 220 in Lichtenberg mit Bauz\u00e4unen, Materialfl\u00e4chen und fast fertiger Fassade.\" width=\"1280\" height=\"720\"\/><\/a><\/p>\n<p id=\"caption-attachment-100977\" class=\"wp-caption-text\">Rund um den Neubau an der Storkower Stra\u00dfe 220 laufen noch Arbeiten an den Au\u00dfenfl\u00e4chen. \/ \u00a9 Foto: ENTWICKLUNGSSTADT<\/p>\n<p>Storkower Stra\u00dfe 220 in Lichtenberg: Dachterrasse und Learning Lounge<\/p>\n<p>Das Konzept geht \u00fcber kleine private Wohnungen hinaus. Im Haus sind eine Washing Lounge, eine Fahrradwerkstatt, Gemeinschaftsfl\u00e4chen auf den Etagen und eine Dachterrasse vorgesehen. Berlinovo nennt zus\u00e4tzlich eine Learning Lounge im Untergeschoss. Die Au\u00dfenanlage soll Spiel- und Sportger\u00e4te erhalten.<\/p>\n<p>Der Standort liegt nahe dem S-Bahnhof Storkower Stra\u00dfe. Auch Stra\u00dfenbahn- und Bushaltestellen an der M\u00f6llendorffstra\u00dfe\/Storkower Stra\u00dfe sind erreichbar. \u00dcber den S- und U-Bahnhof Frankfurter Allee bestehen weitere Verbindungen. Laut berlinovo lassen sich verschiedene Hochschul- und Universit\u00e4tsstandorte in etwa 20 bis 30 Fahrminuten erreichen.<\/p>\n<p>Mit dem Erstbezug ab Juli 2026 kommt <a href=\"https:\/\/www.entwicklungsstadt.de\/autohaus-abriss-am-tierpark-was-in-lichtenberg-gebaut-wird\/\" target=\"_blank\" rel=\"noopener nofollow\">in Lichtenberg neuer Wohnraum f\u00fcr Studierende<\/a> auf den Markt. Die letzten Arbeiten betreffen sichtbar vor allem Au\u00dfenbereiche. Offiziell wirbt <a href=\"https:\/\/www.berlinovo.de\/de\/apartments\/nur-fuer-studierende-einzelapartments-erstbezug-ab-juli-2026-storkower-str-220\" target=\"_blank\" rel=\"noopener nofollow\">berlinovo<\/a> bereits mit der Vormerkliste f\u00fcr den Vermietungsstart.<\/p>\n<p>\u00a0<\/p>\n<p>Quellen: berlinovo, BGG Berlinovo Grundst\u00fcckentwicklungs GmbH<\/p>\n","protected":false},"excerpt":{"rendered":"An der Storkower Stra\u00dfe 220 in Lichtenberg steht ein neues Studentenwohnheim mit m\u00f6blierten Wohnungen kurz vor dem Erstbezug.&hellip;\n","protected":false},"author":2,"featured_media":1134610,"comment_status":"","ping_status":"","sticky":false,"template":"","format":"standard","meta":{"footnotes":"","_share_on_mastodon":"0"},"categories":[1825],"tags":[24958,296,29,30,1952,9353,4321,2192],"class_list":["post-1134609","post","type-post","status-publish","format-standard","has-post-thumbnail","category-berlin","tag-bauprojekte-lichtenberg","tag-berlin","tag-deutschland","tag-germany","tag-lichtenberg","tag-mietwohnungen","tag-wohnprojekte-berlin","tag-wohnungsbau"],"share_on_mastodon":{"url":"https:\/\/pubeurope.com\/@de\/116843391607719643","error":""},"_links":{"self":[{"href":"https:\/\/www.europesays.com\/de\/wp-json\/wp\/v2\/posts\/1134609","targetHints":{"allow":["GET"]}}],"collection":[{"href":"https:\/\/www.europesays.com\/de\/wp-json\/wp\/v2\/posts"}],"about":[{"href":"https:\/\/www.europesays.com\/de\/wp-json\/wp\/v2\/types\/post"}],"author":[{"embeddable":true,"href":"https:\/\/www.europesays.com\/de\/wp-json\/wp\/v2\/users\/2"}],"replies":[{"embeddable":true,"href":"https:\/\/www.europesays.com\/de\/wp-json\/wp\/v2\/comments?post=1134609"}],"version-history":[{"count":0,"href":"https:\/\/www.europesays.com\/de\/wp-json\/wp\/v2\/posts\/1134609\/revisions"}],"wp:featuredmedia":[{"embeddable":true,"href":"https:\/\/www.europesays.com\/de\/wp-json\/wp\/v2\/media\/1134610"}],"wp:attachment":[{"href":"https:\/\/www.europesays.com\/de\/wp-json\/wp\/v2\/media?parent=1134609"}],"wp:term":[{"taxonomy":"category","embeddable":true,"href":"https:\/\/www.europesays.com\/de\/wp-json\/wp\/v2\/categories?post=1134609"},{"taxonomy":"post_tag","embeddable":true,"href":"https:\/\/www.europesays.com\/de\/wp-json\/wp\/v2\/tags?post=1134609"}],"curies":[{"name":"wp","href":"https:\/\/api.w.org\/{rel}","templated":true}]}}