{"id":1134648,"date":"2026-07-01T07:12:22","date_gmt":"2026-07-01T07:12:22","guid":{"rendered":"https:\/\/www.europesays.com\/de\/1134648\/"},"modified":"2026-07-01T07:12:22","modified_gmt":"2026-07-01T07:12:22","slug":"sommerferien-beginnen-in-braunschweig-adac-warnt-vor-vollen-autobahnen","status":"publish","type":"post","link":"https:\/\/www.europesays.com\/de\/1134648\/","title":{"rendered":"Sommerferien beginnen in Braunschweig: ADAC warnt vor vollen Autobahnen"},"content":{"rendered":"<p>P\u00fcnktlich zum Ferienbeginn <\/p>\n<p>ADAC warnt vor Staugefahr um Braunschweig<\/p>\n<p>01.07.2026 &#8211; 08:51 UhrLesedauer: 1 Min.<\/p>\n<p><a href=\"#focus-0\" class=\"transition-colors block text-current relative\" data-sctrack=\"FocusGalleryImage.Reference\"><img fetchpriority=\"high\" data-testid=\"Opener.Image\"   loading=\"eager\" src=\"https:\/\/www.europesays.com\/de\/wp-content\/uploads\/2026\/07\/stau-auf-einer-autobahn-symbolbild-auf-der-a2-koennte-es-sich-am-wochenende-stauen.jpg\" alt=\"Stau auf einer Autobahn (Symbolbild): Auf der A2 k\u00f6nnte es sich am Wochenende stauen.\" title=\"Stau auf einer Autobahn (Symbolbild): Auf der A2 k\u00f6nnte es sich am Wochenende stauen.\" width=\"4000\" height=\"2250\" class=\"bg-[url:var(--lqipURL)] bg-cover bg-center flex h-full w-full max-w-full\" style=\"--lqipURL:url('https:\/\/images.t-online.de\/2025\/12\/5wd-LZD2FAEx\/0x209:4000x2250\/fit-in\/150x0\/filters:blur(25)\/stau-auf-einer-autobahn-symbolbild-auf-der-a2-koennte-es-sich-am-wochenende-stauen.jpg')\" decoding=\"async\"\/><img loading=\"lazy\" src=\"https:\/\/braunschweig.t-online.de\/s\/paper\/_next\/static\/media\/zoom-in.f7dae02f.svg\" alt=\"Vergr\u00f6\u00dfern des Bildes\" title=\"Vergr\u00f6\u00dfern des Bildes\" class=\"block h-[calc(var(--height)_\/_16_*_1rem)] w-[calc(var(--width)_\/_16_*_1rem)] max-w-none absolute right-8 bottom-8 rounded-4 bg-snow p-8\" style=\"--width:32;--height:32\" decoding=\"async\"\/><\/a><\/p>\n<p>Stau auf einer Autobahn (Symbolbild): Auf der A2 k\u00f6nnte es sich am Wochenende stauen. (Quelle: IMAGO\/Maximilian Koch)<\/p>\n<p><img loading=\"lazy\" src=\"https:\/\/braunschweig.t-online.de\/s\/paper\/_next\/static\/media\/audio-volume.6689034c.svg\" alt=\"\" title=\"\" class=\"block h-[calc(var(--height)_\/_16_*_1rem)] w-[calc(var(--width)_\/_16_*_1rem)] max-w-none group-hover:brightness-0 group-hover:invert\" style=\"--width:16;--height:16\" decoding=\"async\"\/>Vorlesen<\/p>\n<p>Aktuelle Zeit:0:00Gesamtdauer:0:00<\/p>\n<p>1x<\/p>\n<p class=\"text-center\">Jetzt neu bei t-online:<\/p>\n<p class=\"text-center\">Schriftgr\u00f6\u00dfe anpassen!<\/p>\n<p><img loading=\"lazy\" src=\"https:\/\/braunschweig.t-online.de\/s\/paper\/_next\/static\/media\/font-sizes.32942e33.svg\" alt=\"\" title=\"\" class=\"block h-[calc(var(--height)_\/_16_*_1rem)] w-[calc(var(--width)_\/_16_*_1rem)] max-w-none group-hover:hidden group-aria-expanded:hidden\" style=\"--width:16;--height:16\" decoding=\"async\"\/><img loading=\"lazy\" src=\"https:\/\/braunschweig.t-online.de\/s\/paper\/_next\/static\/media\/font-sizes-dark-mode.e382645c.svg\" alt=\"\" title=\"\" class=\"block h-[calc(var(--height)_\/_16_*_1rem)] w-[calc(var(--width)_\/_16_*_1rem)] max-w-none hidden group-hover:block group-aria-expanded:block\" style=\"--width:16;--height:16\" decoding=\"async\"\/><img loading=\"lazy\" src=\"https:\/\/braunschweig.t-online.de\/s\/paper\/_next\/static\/media\/sharing-menu-icon.1eb71368.svg\" alt=\"\" title=\"\" class=\"block h-[calc(var(--height)_\/_16_*_1rem)] w-[calc(var(--width)_\/_16_*_1rem)] max-w-none group-hover:brightness-0 group-hover:invert\" style=\"--width:16;--height:16\" decoding=\"async\"\/>Artikel teilen<\/p>\n<p class=\"font-bold text-18 leading-17 user-text-lg:text-22 user-text-xl:text-24\">Zum Start der Sommerferien m\u00fcssen Autofahrer in und um Braunschweig mehr Zeit einplanen. Der ADAC rechnet am Wochenende mit starkem Verkehr auf der Autobahn.<\/p>\n<p class=\"text-18 leading-17 user-text-lg:text-22 user-text-xl:text-24\">Mit Beginn der Sommerferien in Niedersachsen rollt die erste gro\u00dfe Reisewelle \u00fcber die Autobahnen. Nach Einsch\u00e4tzung des ADAC wird es vom 3. bis 5. Juli auf zahlreichen Strecken eng. Neben Urlaubern aus Niedersachsen sind auch Reisende aus weiteren Bundesl\u00e4ndern und dem Ausland unterwegs.<\/p>\n<p class=\"text-18 leading-17 user-text-lg:text-22 user-text-xl:text-24\">Vor allem auf der A2 zwischen Oberhausen, Dortmund, Hannover, Braunschweig und dem Berliner Ring erwartet der ADAC dichten Verkehr. Ebenfalls staugef\u00e4hrdet sind die A7 von Flensburg \u00fcber Hamburg und Hannover bis Kassel sowie die A1 von Fehmarn \u00fcber Hamburg, Bremen und Osnabr\u00fcck bis nach K\u00f6ln.<\/p>\n<ul class=\"text-18 leading-17 block pl-24 *:pb-16 *:before:inline-block *:before:size-8 *:before:bg-magenta *:before:mt-0 *:before:mr-12 *:before:mb-2 *:before:-ml-[20px]\">\n<li><strong class=\"font-bold\">In den Sommerferien gesperrt:<\/strong> <a href=\"https:\/\/braunschweig.t-online.de\/region\/braunschweig\/id_101310616\/sommerferien-start-dieses-d-ticket-gilt-nicht-fuer-junge-braunschweiger-.html\" class=\"transition-colors cursor-pointer no-underline md:hover:text-magenta md:focus:text-magenta border-b border-solid border-current text-salemsfur md:hover:border-magenta\" data-tracking=\"{&quot;action&quot;:&quot;click&quot;,&quot;category&quot;:&quot;intextLink&quot;,&quot;label&quot;:&quot;\/region\/braunschweig\/id_101310616\/sommerferien-start-dieses-d-ticket-gilt-nicht-fuer-junge-braunschweiger-.html&quot;}\" data-sctrack=\"BodyAnchor\" rel=\"nofollow noopener\" target=\"_blank\">Dieses D-Ticket funktioniert nicht<\/a><\/li>\n<\/ul>\n<p class=\"text-18 leading-17 user-text-lg:text-22 user-text-xl:text-24\">Besonders voll d\u00fcrfte es laut ADAC am Freitagnachmittag sowie am Samstagvormittag und Sonntagnachmittag werden. Wer seine Fahrt verschieben kann, sollte m\u00f6glichst auf Montag oder Dienstag ausweichen.<\/p>\n<p>Baustellen beg\u00fcnstigen die Staugefahr<\/p>\n<p class=\"text-18 leading-17 user-text-lg:text-22 user-text-xl:text-24\">Zus\u00e4tzlich bremsen zahlreiche Baustellen den Verkehr. Nach Angaben des ADAC gibt es derzeit bundesweit rund 1.000 Dauerbaustellen auf den Autobahnen. Auch kurzfristige Reparaturen nach der j\u00fcngsten Hitzewelle k\u00f6nnen f\u00fcr weitere Behinderungen sorgen.<\/p>\n<p class=\"text-18 leading-17 user-text-lg:text-22 user-text-xl:text-24\">Einschr\u00e4nkungen gibt es au\u00dferdem auf der A2: In Fahrtrichtung Hannover ist die Autobahn aus Westen kommend zwischen dem Kamener Kreuz und Hamm von Freitag, 3. Juli, 21 Uhr, bis Montag, 6. Juli, 5 Uhr, voll gesperrt. Auf der A7 bleibt zudem die l\u00e4ngerfristige Sperrung zwischen dem Maschener Kreuz und dem Horster Dreieck in Richtung Hannover bestehen.<\/p>\n","protected":false},"excerpt":{"rendered":"P\u00fcnktlich zum Ferienbeginn ADAC warnt vor Staugefahr um Braunschweig 01.07.2026 &#8211; 08:51 UhrLesedauer: 1 Min. Stau auf einer&hellip;\n","protected":false},"author":2,"featured_media":1134649,"comment_status":"","ping_status":"","sticky":false,"template":"","format":"standard","meta":{"footnotes":"","_share_on_mastodon":"0"},"categories":[1850],"tags":[722,4074,6429,2420,3364,29,217,548,663,3934,23608,7525,2085,30,692,46,13,6220,14,15,1411,3728,12,11290,7041],"class_list":["post-1134648","post","type-post","status-publish","format-standard","has-post-thumbnail","category-braunschweig","tag-722","tag-adac","tag-braunschweig","tag-bremen","tag-de","tag-deutschland","tag-dortmund","tag-eu","tag-europa","tag-europe","tag-fehmarn","tag-ferienbeginn","tag-flensburg","tag-germany","tag-hamburg","tag-hannover","tag-headlines","tag-kassel","tag-nachrichten","tag-news","tag-niedersachsen","tag-oberhausen","tag-schlagzeilen","tag-sommerferien","tag-staugefahr"],"share_on_mastodon":{"url":"","error":""},"_links":{"self":[{"href":"https:\/\/www.europesays.com\/de\/wp-json\/wp\/v2\/posts\/1134648","targetHints":{"allow":["GET"]}}],"collection":[{"href":"https:\/\/www.europesays.com\/de\/wp-json\/wp\/v2\/posts"}],"about":[{"href":"https:\/\/www.europesays.com\/de\/wp-json\/wp\/v2\/types\/post"}],"author":[{"embeddable":true,"href":"https:\/\/www.europesays.com\/de\/wp-json\/wp\/v2\/users\/2"}],"replies":[{"embeddable":true,"href":"https:\/\/www.europesays.com\/de\/wp-json\/wp\/v2\/comments?post=1134648"}],"version-history":[{"count":0,"href":"https:\/\/www.europesays.com\/de\/wp-json\/wp\/v2\/posts\/1134648\/revisions"}],"wp:featuredmedia":[{"embeddable":true,"href":"https:\/\/www.europesays.com\/de\/wp-json\/wp\/v2\/media\/1134649"}],"wp:attachment":[{"href":"https:\/\/www.europesays.com\/de\/wp-json\/wp\/v2\/media?parent=1134648"}],"wp:term":[{"taxonomy":"category","embeddable":true,"href":"https:\/\/www.europesays.com\/de\/wp-json\/wp\/v2\/categories?post=1134648"},{"taxonomy":"post_tag","embeddable":true,"href":"https:\/\/www.europesays.com\/de\/wp-json\/wp\/v2\/tags?post=1134648"}],"curies":[{"name":"wp","href":"https:\/\/api.w.org\/{rel}","templated":true}]}}