{"id":113471,"date":"2025-05-15T21:12:10","date_gmt":"2025-05-15T21:12:10","guid":{"rendered":"https:\/\/www.europesays.com\/de\/113471\/"},"modified":"2025-05-15T21:12:10","modified_gmt":"2025-05-15T21:12:10","slug":"trotz-millionenloechern-bezirksregierung-gibt-gruenes-licht-fuer-neuen-solinger-haushalt","status":"publish","type":"post","link":"https:\/\/www.europesays.com\/de\/113471\/","title":{"rendered":"Trotz Millionenl\u00f6chern &#8211; Bezirksregierung gibt gr\u00fcnes Licht f\u00fcr neuen Solinger Haushalt"},"content":{"rendered":"<p class=\"text_ohne_einzug richtext text-em-55 !leading-serif mx-6 desktop:mx-0\">  Auf diese Nachricht d\u00fcrften die Verantwortlichen im Solinger Rathaus bereits seit einiger Zeit fast schon sehns\u00fcchtig gewartet haben. Wie die Bezirksregierung D\u00fcsseldorf am Donnerstagnachmittag bekannt gegeben hat, haben die zust\u00e4ndigen Stellen in der kommunalen Aufsichtsbeh\u00f6rde nun gr\u00fcnes Licht gegeben f\u00fcr den neuen st\u00e4dtischen Doppelhaushalt f\u00fcr die Jahre 2025 und 2026.<\/p>\n<p class=\"richtext text-em-55 !leading-serif mx-6 desktop:mx-0\">\u201eTrotz bilanzieller \u00dcberschuldung und hoher Fehlbetr\u00e4ge bleibt der Haushalt genehmigungsf\u00e4hig \u2013 nicht zuletzt aufgrund des fortgeschriebenen individuellen Sanierungskonzepts, das einen Haushaltsausgleich ab 2039 vorsieht\u201c, hie\u00df es vonseiten der Bezirksregierung. \u201eMit dem genehmigten Haushalt zeigt Solingen, dass auch unter schwierigen Rahmenbedingungen konsequent an einer tragf\u00e4higen Finanzstrategie gearbeitet wird. Der Sanierungskurs verbindet solide Planung mit gezielten Investitionen in die Zukunft der Stadt\u201c, sagte Regierungspr\u00e4sident Thomas Sch\u00fcrmann (Gr\u00fcne).<\/p>\n<p class=\"richtext text-em-55 !leading-serif mx-6 desktop:mx-0\">Der neue Doppelhaushalt war im Solinger Stadtrat mit den Stimmen von SPD, Gr\u00fcnen und Die\u2005Linke\u2009\/\u2009Die\u2005Partei beschlossen worden. Hingegen hatten CDU und FDP den Etat von Stadtk\u00e4mmerer Daniel Wienecke (SPD) abgelehnt.<\/p>\n<p class=\"richtext text-em-55 !leading-serif mx-6 desktop:mx-0\">F\u00fcr 2025 plant die Klingenstadt laut Bezirksregierung mit Ertr\u00e4gen von 792,5 Millionen Euro. Dem stehen Aufwendungen von 896,8 Millionen Euro gegen\u00fcber. Nach Abzug eines globalen Minderaufwands von 13,4 Millionen Euro ergibt sich ein Jahresfehlbetrag von 90,9\u2005Millionen Euro. F\u00fcr 2026 liegen die Ertr\u00e4ge bei rund 822,2 Millionen Euro, die Aufwendungen bei 934 Millionen Euro \u2013 was zu einem Minus von 98,4 Millionen Euro f\u00fchrt, so die Bezirksregierung. Zur Ertragssteigerung plant Solingen unter anderem eine Erh\u00f6hung der Grundsteuer B ab 2028 auf 1.005 Prozentpunkte. Die Personalaufwendungen steigen 2025 und 2026 erneut an.<\/p>\n","protected":false},"excerpt":{"rendered":"Auf diese Nachricht d\u00fcrften die Verantwortlichen im Solinger Rathaus bereits seit einiger Zeit fast schon sehns\u00fcchtig gewartet haben.&hellip;\n","protected":false},"author":2,"featured_media":113472,"comment_status":"","ping_status":"","sticky":false,"template":"","format":"standard","meta":{"footnotes":""},"categories":[1840],"tags":[48,242,44094,11860,3364,29,12431,4788,30,1109,44095,44093,1209,7223,42502,34907,4418],"class_list":{"0":"post-113471","1":"post","2":"type-post","3":"status-publish","4":"format-standard","5":"has-post-thumbnail","7":"category-wuppertal","8":"tag-48","9":"tag-242","10":"tag-aufwendungen","11":"tag-bezirksregierung","12":"tag-de","13":"tag-deutschland","14":"tag-doppelhaushalt","15":"tag-euro","16":"tag-germany","17":"tag-haushalt","18":"tag-haushaltsausgleich","19":"tag-jahresfehlbetrag","20":"tag-nordrhein-westfalen","21":"tag-solingen","22":"tag-solingenae","23":"tag-solinger","24":"tag-wuppertal"},"share_on_mastodon":{"url":"https:\/\/pubeurope.com\/@de\/114513913007864337","error":""},"_links":{"self":[{"href":"https:\/\/www.europesays.com\/de\/wp-json\/wp\/v2\/posts\/113471","targetHints":{"allow":["GET"]}}],"collection":[{"href":"https:\/\/www.europesays.com\/de\/wp-json\/wp\/v2\/posts"}],"about":[{"href":"https:\/\/www.europesays.com\/de\/wp-json\/wp\/v2\/types\/post"}],"author":[{"embeddable":true,"href":"https:\/\/www.europesays.com\/de\/wp-json\/wp\/v2\/users\/2"}],"replies":[{"embeddable":true,"href":"https:\/\/www.europesays.com\/de\/wp-json\/wp\/v2\/comments?post=113471"}],"version-history":[{"count":0,"href":"https:\/\/www.europesays.com\/de\/wp-json\/wp\/v2\/posts\/113471\/revisions"}],"wp:featuredmedia":[{"embeddable":true,"href":"https:\/\/www.europesays.com\/de\/wp-json\/wp\/v2\/media\/113472"}],"wp:attachment":[{"href":"https:\/\/www.europesays.com\/de\/wp-json\/wp\/v2\/media?parent=113471"}],"wp:term":[{"taxonomy":"category","embeddable":true,"href":"https:\/\/www.europesays.com\/de\/wp-json\/wp\/v2\/categories?post=113471"},{"taxonomy":"post_tag","embeddable":true,"href":"https:\/\/www.europesays.com\/de\/wp-json\/wp\/v2\/tags?post=113471"}],"curies":[{"name":"wp","href":"https:\/\/api.w.org\/{rel}","templated":true}]}}